{"id":7609,"date":"2023-02-20T20:22:35","date_gmt":"2023-02-20T20:22:35","guid":{"rendered":"https:\/\/www.semanariotiempo.cl\/?p=7609"},"modified":"2023-02-20T20:22:46","modified_gmt":"2023-02-20T20:22:46","slug":"construccion-del-parque-urbano-cerro-grande-tiene-un-27-de-avance","status":"publish","type":"post","link":"https:\/\/www.semanariotiempo.cl\/?p=7609","title":{"rendered":"Construcci\u00f3n del Parque Urbano Cerro Grande tiene un 27% de avance"},"content":{"rendered":"\n<h4 class=\"has-vivid-red-color has-text-color wp-block-heading\">Con un vuelo en dron se pueden apreciar los adelantos de este parque ejecutado por el MINVU que tendr\u00e1 una extensi\u00f3n de m\u00e1s de 88 hect\u00e1reas y promete ser un nuevo atractivo para la comuna de La Serena y la regi\u00f3n, siendo adem\u00e1s un \u00e1rea de conservaci\u00f3n y preservaci\u00f3n medioambiental.<\/h4>\n\n\n\n<div class=\"wp-block-image\"><figure class=\"aligncenter size-large\"><img loading=\"lazy\" decoding=\"async\" width=\"637\" height=\"347\" src=\"https:\/\/www.semanariotiempo.cl\/wp-content\/uploads\/2023\/02\/parque-cerro-grande-03.jpg\" alt=\"\" class=\"wp-image-7610\" srcset=\"https:\/\/www.semanariotiempo.cl\/wp-content\/uploads\/2023\/02\/parque-cerro-grande-03.jpg 637w, https:\/\/www.semanariotiempo.cl\/wp-content\/uploads\/2023\/02\/parque-cerro-grande-03-300x163.jpg 300w\" sizes=\"auto, (max-width: 637px) 100vw, 637px\" \/><\/figure><\/div>\n\n\n\n<p class=\"wp-block-paragraph\">El Parque Urbano Cerro Grande se encuentra en plena ejecuci\u00f3n y ya se ven los primeros avances que est\u00e1n en un 27%. En un sobrevuelo de dron se pueden ver estos avances en su zona de ingreso, servicios y el edificio del Centro de Conservaci\u00f3n Ambiental.<br>Este proyecto del Ministerio de Vivienda y Urbanismo tendr\u00e1 una extensi\u00f3n de m\u00e1s de 88 hect\u00e1reas, cuenta con una inversi\u00f3n cercana a los 3 mil 745 millones de pesos. Algunas de las caracter\u00edsticas del Parque es que tiene dos zonas de intervenci\u00f3n. La primera con miradores, recorrido peatonal y circuitos de bicicleta, aprovechando el potencial paisaj\u00edstico del sector. Y la segunda en la planicie del sector sur del cerro donde se encontrar\u00e1 el acceso principal, con obras de servicio y recreaci\u00f3n.<br>El Seremi de Vivienda y Urbanismo, Jos\u00e9 Manuel Peralta valor\u00f3 los avances en la construcci\u00f3n del Parque Urbano Cerro Grande y el potencial que traer\u00e1 para los espacios p\u00fablicos del \u00e1rea metropolitana de la regi\u00f3n.<\/p>\n\n\n\n<p class=\"wp-block-paragraph\">\u201cEl Ministerio de Vivienda y Urbanismo junto con construir soluciones habitacionales construimos ciudad. Y en La Serena estamos construyendo el Parque Cerro Grande. Ser\u00e1n 88 hect\u00e1reas de espacio p\u00fablico con instalaciones que va a permitir que la familia pueda tener un espacio de recreaci\u00f3n. Llevamos un 27 % de avance y esperamos terminar a fin de a\u00f1o. Y entrar en operaciones este parque para la conurbaci\u00f3n el primer semestre del 2024. Seguimos avanzando para construir ciudad\u201d, afirm\u00f3 el Seremi.<br>Adem\u00e1s de un circuito medioambiental inclusivo con una pendiente m\u00e1xima del 5% con estaciones en jardines tem\u00e1ticos, estanque de acumulaci\u00f3n de agua y laguna paisaj\u00edstica, entre otros espacios.<\/p>\n","protected":false},"excerpt":{"rendered":"<p>Con un vuelo en dron se pueden apreciar los adelantos de este parque ejecutado por el MINVU que tendr\u00e1 una extensi\u00f3n de m\u00e1s de 88 hect\u00e1reas y promete ser un nuevo atractivo para la comuna de La Serena y la regi\u00f3n, siendo adem\u00e1s un \u00e1rea de conservaci\u00f3n y preservaci\u00f3n medioambiental. El Parque Urbano Cerro Grande [&hellip;]<\/p>\n","protected":false},"author":1,"featured_media":7610,"comment_status":"open","ping_status":"open","sticky":false,"template":"","format":"standard","meta":{"tdm_status":"","tdm_grid_status":"","footnotes":"","_wpscppro_dont_share_socialmedia":false,"_wpscppro_custom_social_share_image":0,"_facebook_share_type":"","_twitter_share_type":"","_linkedin_share_type":"","_pinterest_share_type":"","_linkedin_share_type_page":"","_instagram_share_type":"","_medium_share_type":"","_threads_share_type":"","_google_business_share_type":"","_bluesky_share_type":"","_mastodon_share_type":"","_selected_social_profile":[],"_wpsp_enable_custom_social_template":false,"_wpsp_social_scheduling":{"enabled":false,"datetime":null,"platforms":[],"status":"template_only","dateOption":"today","timeOption":"now","customDays":"","customHours":"","customDate":"","customTime":"","schedulingType":"absolute"},"_wpsp_active_default_template":true},"categories":[],"tags":[8],"class_list":["post-7609","post","type-post","status-publish","format-standard","has-post-thumbnail","hentry","tag-marketing"],"_links":{"self":[{"href":"https:\/\/www.semanariotiempo.cl\/index.php?rest_route=\/wp\/v2\/posts\/7609","targetHints":{"allow":["GET"]}}],"collection":[{"href":"https:\/\/www.semanariotiempo.cl\/index.php?rest_route=\/wp\/v2\/posts"}],"about":[{"href":"https:\/\/www.semanariotiempo.cl\/index.php?rest_route=\/wp\/v2\/types\/post"}],"author":[{"embeddable":true,"href":"https:\/\/www.semanariotiempo.cl\/index.php?rest_route=\/wp\/v2\/users\/1"}],"replies":[{"embeddable":true,"href":"https:\/\/www.semanariotiempo.cl\/index.php?rest_route=%2Fwp%2Fv2%2Fcomments&post=7609"}],"version-history":[{"count":0,"href":"https:\/\/www.semanariotiempo.cl\/index.php?rest_route=\/wp\/v2\/posts\/7609\/revisions"}],"wp:featuredmedia":[{"embeddable":true,"href":"https:\/\/www.semanariotiempo.cl\/index.php?rest_route=\/wp\/v2\/media\/7610"}],"wp:attachment":[{"href":"https:\/\/www.semanariotiempo.cl\/index.php?rest_route=%2Fwp%2Fv2%2Fmedia&parent=7609"}],"wp:term":[{"taxonomy":"category","embeddable":true,"href":"https:\/\/www.semanariotiempo.cl\/index.php?rest_route=%2Fwp%2Fv2%2Fcategories&post=7609"},{"taxonomy":"post_tag","embeddable":true,"href":"https:\/\/www.semanariotiempo.cl\/index.php?rest_route=%2Fwp%2Fv2%2Ftags&post=7609"}],"curies":[{"name":"wp","href":"https:\/\/api.w.org\/{rel}","templated":true}]}}