{"id":7606,"date":"2023-02-20T20:20:18","date_gmt":"2023-02-20T20:20:18","guid":{"rendered":"https:\/\/www.semanariotiempo.cl\/?p=7606"},"modified":"2023-02-20T20:20:18","modified_gmt":"2023-02-20T20:20:18","slug":"jueves-23-de-febrero-a-las-1730-jazz-cutus-clan-se-presentara-en-faro-de-la-serena","status":"publish","type":"post","link":"https:\/\/www.semanariotiempo.cl\/?p=7606","title":{"rendered":"Jueves 23 de febrero a las 17:30: JAZZ: \u201cCutus-Clan\u201d se presentar\u00e1 en Faro de La Serena"},"content":{"rendered":"\n<div class=\"wp-block-image\"><figure class=\"aligncenter size-large\"><img loading=\"lazy\" decoding=\"async\" width=\"1024\" height=\"683\" src=\"https:\/\/www.semanariotiempo.cl\/wp-content\/uploads\/2023\/02\/jazz-03-1024x683.jpg\" alt=\"\" class=\"wp-image-7607\" srcset=\"https:\/\/www.semanariotiempo.cl\/wp-content\/uploads\/2023\/02\/jazz-03-1024x683.jpg 1024w, https:\/\/www.semanariotiempo.cl\/wp-content\/uploads\/2023\/02\/jazz-03-300x200.jpg 300w, https:\/\/www.semanariotiempo.cl\/wp-content\/uploads\/2023\/02\/jazz-03-768x512.jpg 768w, https:\/\/www.semanariotiempo.cl\/wp-content\/uploads\/2023\/02\/jazz-03-696x464.jpg 696w, https:\/\/www.semanariotiempo.cl\/wp-content\/uploads\/2023\/02\/jazz-03-1068x712.jpg 1068w, https:\/\/www.semanariotiempo.cl\/wp-content\/uploads\/2023\/02\/jazz-03-630x420.jpg 630w, https:\/\/www.semanariotiempo.cl\/wp-content\/uploads\/2023\/02\/jazz-03.jpg 1200w\" sizes=\"auto, (max-width: 1024px) 100vw, 1024px\" \/><\/figure><\/div>\n\n\n\n<p class=\"wp-block-paragraph\">Este 23 de febrero a las 17:30 horas en el Faro Monumental de La Serena, se vivir\u00e1 el festival \u201cCuturrufo jazz club\u201d, como una forma de mantener vivo el acervo cultural del jazz en la regi\u00f3n, junto a una recopilaci\u00f3n de las composiciones de Cristian Cuturrufo del disco lat\u00edn Funky.<br>En esta oportunidad, la actividad organizada por el grupo y la Municipalidad de La Serena, se enmarca en una serie de conciertos que la agrupaci\u00f3n est\u00e1 realizando en distintos puntos del pa\u00eds, como una forma de posicionar una vez m\u00e1s este estilo de alta gama entre lo popular y el jazz.<br>Una de las figuras que lider\u00f3 la escena del jazz nacional fue el trompetista oriundo de Coquimbo, Cristian Cuturrufo, quien falleci\u00f3 en 2020 producto del covid-19 y que en est\u00e1 ocasi\u00f3n se le brindar\u00e1 un homenaje con sus composiciones y legado que mantienen sus hermanos y amigos a trav\u00e9s del grupo Cutus-Clan.<br>El quinteto art\u00edstico cuenta con la presencia de grandes m\u00fasicos de la escena nacional e internacional, Dani Lencina en la guitarra, Ignacio Gonz\u00e1lez en saxo, Jimmy Frazier en el bajo, Rodrigo Cuturrufo en congas y Marcelo Cuturrufo en bater\u00eda.<br>\u201cEsperamos llegar con la mejor m\u00fasica, buena interpretaci\u00f3n y manejo del lenguaje al p\u00fablico que se encuentre presente ese d\u00eda en la playa o que est\u00e9 de paso, para que tengan la oportunidad de escuchar buena m\u00fasica. Buscamos con esto, entretener a la gente y entretenernos nosotros mismos como m\u00fasicos. Este tipo de actividades art\u00edstico-cultural son muy lindas, sobre todo porque el jazz es familiar, muy del estilo de los Cuturrufos y muy de esta regi\u00f3n\u201d, destac\u00f3 el m\u00fasico Rodrigo Cuturrufo.<br>Desde el municipio, invitan a la comunidad a disfrutar estos \u00faltimos d\u00edas de verano con diversos panoramas, sobre todo con este evento que busca rescatar un estilo de m\u00fasica que tiene un legado regional junto a la presencia de grandes int\u00e9rpretes.<\/p>\n","protected":false},"excerpt":{"rendered":"<p>Este 23 de febrero a las 17:30 horas en el Faro Monumental de La Serena, se vivir\u00e1 el festival \u201cCuturrufo jazz club\u201d, como una forma de mantener vivo el acervo cultural del jazz en la regi\u00f3n, junto a una recopilaci\u00f3n de las composiciones de Cristian Cuturrufo del disco lat\u00edn Funky.En esta oportunidad, la actividad organizada [&hellip;]<\/p>\n","protected":false},"author":1,"featured_media":7607,"comment_status":"open","ping_status":"open","sticky":false,"template":"","format":"standard","meta":{"tdm_status":"","tdm_grid_status":"","footnotes":"","_wpscppro_dont_share_socialmedia":false,"_wpscppro_custom_social_share_image":0,"_facebook_share_type":"","_twitter_share_type":"","_linkedin_share_type":"","_pinterest_share_type":"","_linkedin_share_type_page":"","_instagram_share_type":"","_medium_share_type":"","_threads_share_type":"","_google_business_share_type":"","_bluesky_share_type":"","_mastodon_share_type":"","_selected_social_profile":[],"_wpsp_enable_custom_social_template":false,"_wpsp_social_scheduling":{"enabled":false,"datetime":null,"platforms":[],"status":"template_only","dateOption":"today","timeOption":"now","customDays":"","customHours":"","customDate":"","customTime":"","schedulingType":"absolute"},"_wpsp_active_default_template":true},"categories":[1],"tags":[8],"class_list":["post-7606","post","type-post","status-publish","format-standard","has-post-thumbnail","hentry","category-uncategorized","tag-marketing"],"_links":{"self":[{"href":"https:\/\/www.semanariotiempo.cl\/index.php?rest_route=\/wp\/v2\/posts\/7606","targetHints":{"allow":["GET"]}}],"collection":[{"href":"https:\/\/www.semanariotiempo.cl\/index.php?rest_route=\/wp\/v2\/posts"}],"about":[{"href":"https:\/\/www.semanariotiempo.cl\/index.php?rest_route=\/wp\/v2\/types\/post"}],"author":[{"embeddable":true,"href":"https:\/\/www.semanariotiempo.cl\/index.php?rest_route=\/wp\/v2\/users\/1"}],"replies":[{"embeddable":true,"href":"https:\/\/www.semanariotiempo.cl\/index.php?rest_route=%2Fwp%2Fv2%2Fcomments&post=7606"}],"version-history":[{"count":0,"href":"https:\/\/www.semanariotiempo.cl\/index.php?rest_route=\/wp\/v2\/posts\/7606\/revisions"}],"wp:featuredmedia":[{"embeddable":true,"href":"https:\/\/www.semanariotiempo.cl\/index.php?rest_route=\/wp\/v2\/media\/7607"}],"wp:attachment":[{"href":"https:\/\/www.semanariotiempo.cl\/index.php?rest_route=%2Fwp%2Fv2%2Fmedia&parent=7606"}],"wp:term":[{"taxonomy":"category","embeddable":true,"href":"https:\/\/www.semanariotiempo.cl\/index.php?rest_route=%2Fwp%2Fv2%2Fcategories&post=7606"},{"taxonomy":"post_tag","embeddable":true,"href":"https:\/\/www.semanariotiempo.cl\/index.php?rest_route=%2Fwp%2Fv2%2Ftags&post=7606"}],"curies":[{"name":"wp","href":"https:\/\/api.w.org\/{rel}","templated":true}]}}