{"id":7604,"date":"2023-02-20T20:18:19","date_gmt":"2023-02-20T20:18:19","guid":{"rendered":"https:\/\/www.semanariotiempo.cl\/?p=7604"},"modified":"2023-02-20T20:18:20","modified_gmt":"2023-02-20T20:18:20","slug":"region-estrella-o-region-sustentable","status":"publish","type":"post","link":"https:\/\/www.semanariotiempo.cl\/?p=7604","title":{"rendered":"Regi\u00f3n Estrella o Regi\u00f3n Sustentable"},"content":{"rendered":"\n<p class=\"wp-block-paragraph\">Cada cierto tiempo somos testigos de decisiones pol\u00edticas que desconciertan. Se trata del propio sello identitario de la regi\u00f3n de Coquimbo \u201cla Regi\u00f3n Estrella\u201d que se hab\u00eda ido construyendo poco a poco, en procesos largos y participativos, pero que sin una raz\u00f3n conocida (que no sea el antojo de alguna autoridad) ha sido reemplazado por el de \u201cRegi\u00f3n Sustentable\u201d.<br>Para poder construir una imagen objetivo para una zona geogr\u00e1fica, se necesita una profunda revisi\u00f3n de aquello que nos identifica, lo que nos distingue de otras partes del mundo. No se trata de una meta o un deseo, sino de aquello que somos y que cualquier persona del mundo podr\u00eda distinguir como \u00fanico y propio.<br>La pregunta es entonces cu\u00e1ntas zonas en el mundo han desarrollado una buena, excelente, maravillosa estrategia o pol\u00edticas de sustentabilidad. Y con el perd\u00f3n de los lectores, la respuesta es vergonzosamente evidente, obvia, clar\u00edsima- Tanto que si hubiera un ranking y sin temor a equivocarnos probablemente nuestra regi\u00f3n ocupar\u00eda el lugar 1000 o 2000 en el mundo en el desarrollo de pol\u00edticas de sustentabilidad. No tenemos ni siquiera un vertedero decente. Reciclamos un porcentaje \u00ednfimo de nuestra basura, a duras penas conservamos los espacios naturales que poseemos sin una estrategia n\u00edtida que nos permita ponernos el \u201cponcho\u201d de la sustentabilidad. Es cierto que decenas de empresas privadas han elegido nuestra regi\u00f3n para instalar parques solares y e\u00f3licos, pero desde las pol\u00edticas p\u00fablicas luchamos contra la desertificaci\u00f3n y reciclamos dos gotas de nuestras aguas grises. En fin, para no ser tan pesimista, hemos avanzado bastante, pero estamos muy lejos de que alguien entendido en la materia pueda distinguir que tenemos el m\u00e9rito para atribuirnos el t\u00edtulo de \u201cRegi\u00f3n Sustentable\u201d.<br>Por otra parte, si valoramos la calidad de nuestros cielos, el desarrollo n\u00edtido del turismo astron\u00f3mico con m\u00e1s de una docena de observatorios tur\u00edsticos, adem\u00e1s del desarrollo de centros astron\u00f3micos de fama mundial, podremos verificar que esa carater\u00edstica, la idea detr\u00e1s de la marca de la \u201cRegi\u00f3n Estrella\u201d no era un simple deseo, sino un rasgo que n\u00edtidamente lo puede distinguir un turista de cualquier parte del mundo.<br>Es un ejercicio frustrante tener que presentar estos argumentos, m\u00e1s all\u00e1 de los millones de pesos ya invertidos en construir aquella marca.<br>Quiz\u00e1s hayan otras buenas razones para la decisi\u00f3n adoptada, pero no se conocen y nunca han sido socializadas p\u00fablicamente. Ojal\u00e1 alguien pueda dar una buena explicaci\u00f3n y podamos escribir esta misma editorial pidiendo las disculpas del caso.<\/p>\n\n\n\n<p style=\"background-color:#fae0e0\" class=\"has-background wp-block-paragraph\"><strong>V\u00edctor H. Villagr\u00e1n<\/strong><br>Editor Semanario Tiempo<\/p>\n","protected":false},"excerpt":{"rendered":"<p>Cada cierto tiempo somos testigos de decisiones pol\u00edticas que desconciertan. Se trata del propio sello identitario de la regi\u00f3n de Coquimbo \u201cla Regi\u00f3n Estrella\u201d que se hab\u00eda ido construyendo poco a poco, en procesos largos y participativos, pero que sin una raz\u00f3n conocida (que no sea el antojo de alguna autoridad) ha sido reemplazado por [&hellip;]<\/p>\n","protected":false},"author":1,"featured_media":0,"comment_status":"open","ping_status":"open","sticky":false,"template":"","format":"standard","meta":{"tdm_status":"","tdm_grid_status":"","footnotes":"","_wpscppro_dont_share_socialmedia":false,"_wpscppro_custom_social_share_image":0,"_facebook_share_type":"","_twitter_share_type":"","_linkedin_share_type":"","_pinterest_share_type":"","_linkedin_share_type_page":"","_instagram_share_type":"","_medium_share_type":"","_threads_share_type":"","_google_business_share_type":"","_bluesky_share_type":"","_mastodon_share_type":"","_selected_social_profile":[],"_wpsp_enable_custom_social_template":false,"_wpsp_social_scheduling":{"enabled":false,"datetime":null,"platforms":[],"status":"template_only","dateOption":"today","timeOption":"now","customDays":"","customHours":"","customDate":"","customTime":"","schedulingType":"absolute"},"_wpsp_active_default_template":true},"categories":[],"tags":[25],"class_list":["post-7604","post","type-post","status-publish","format-standard","hentry","tag-wordpress-themes"],"_links":{"self":[{"href":"https:\/\/www.semanariotiempo.cl\/index.php?rest_route=\/wp\/v2\/posts\/7604","targetHints":{"allow":["GET"]}}],"collection":[{"href":"https:\/\/www.semanariotiempo.cl\/index.php?rest_route=\/wp\/v2\/posts"}],"about":[{"href":"https:\/\/www.semanariotiempo.cl\/index.php?rest_route=\/wp\/v2\/types\/post"}],"author":[{"embeddable":true,"href":"https:\/\/www.semanariotiempo.cl\/index.php?rest_route=\/wp\/v2\/users\/1"}],"replies":[{"embeddable":true,"href":"https:\/\/www.semanariotiempo.cl\/index.php?rest_route=%2Fwp%2Fv2%2Fcomments&post=7604"}],"version-history":[{"count":0,"href":"https:\/\/www.semanariotiempo.cl\/index.php?rest_route=\/wp\/v2\/posts\/7604\/revisions"}],"wp:attachment":[{"href":"https:\/\/www.semanariotiempo.cl\/index.php?rest_route=%2Fwp%2Fv2%2Fmedia&parent=7604"}],"wp:term":[{"taxonomy":"category","embeddable":true,"href":"https:\/\/www.semanariotiempo.cl\/index.php?rest_route=%2Fwp%2Fv2%2Fcategories&post=7604"},{"taxonomy":"post_tag","embeddable":true,"href":"https:\/\/www.semanariotiempo.cl\/index.php?rest_route=%2Fwp%2Fv2%2Ftags&post=7604"}],"curies":[{"name":"wp","href":"https:\/\/api.w.org\/{rel}","templated":true}]}}