{"id":7534,"date":"2023-02-07T22:22:23","date_gmt":"2023-02-07T22:22:23","guid":{"rendered":"https:\/\/www.semanariotiempo.cl\/?p=7534"},"modified":"2023-02-07T22:22:24","modified_gmt":"2023-02-07T22:22:24","slug":"impulsan-estudio-de-granjas-marinas-y-la-acuicultura-de-piure-ostion-y-ostras-japonesas-en-pequena-escala","status":"publish","type":"post","link":"https:\/\/www.semanariotiempo.cl\/?p=7534","title":{"rendered":"Impulsan estudio de \u201cgranjas marinas\u201d  y la acuicultura de piure, osti\u00f3n y ostras  japonesas en peque\u00f1a escala"},"content":{"rendered":"\n<h4 class=\"has-vivid-red-color has-text-color wp-block-heading\"><strong>Entrenar a pescadores artesanales en la acuicultura de peque\u00f1a escala (APE), a trav\u00e9s del uso de equipamiento especializado para optimizar los procesos de engorda de semillas de piure, osti\u00f3n y ostras japonesas, es el objetivo del Programa de Difusi\u00f3n Tecnol\u00f3gica \u201cAcuicultura en \u00c1reas de Manejo\u201d que busca la recuperaci\u00f3n econ\u00f3mica y diversificaci\u00f3n de la matriz productiva de la pesca artesanal.<\/strong><\/h4>\n\n\n\n<div class=\"wp-block-image\"><figure class=\"aligncenter size-large\"><img loading=\"lazy\" decoding=\"async\" width=\"960\" height=\"720\" src=\"https:\/\/www.semanariotiempo.cl\/wp-content\/uploads\/2023\/02\/piure.jpg\" alt=\"\" class=\"wp-image-7536\" srcset=\"https:\/\/www.semanariotiempo.cl\/wp-content\/uploads\/2023\/02\/piure.jpg 960w, https:\/\/www.semanariotiempo.cl\/wp-content\/uploads\/2023\/02\/piure-300x225.jpg 300w, https:\/\/www.semanariotiempo.cl\/wp-content\/uploads\/2023\/02\/piure-768x576.jpg 768w, https:\/\/www.semanariotiempo.cl\/wp-content\/uploads\/2023\/02\/piure-80x60.jpg 80w, https:\/\/www.semanariotiempo.cl\/wp-content\/uploads\/2023\/02\/piure-265x198.jpg 265w, https:\/\/www.semanariotiempo.cl\/wp-content\/uploads\/2023\/02\/piure-696x522.jpg 696w, https:\/\/www.semanariotiempo.cl\/wp-content\/uploads\/2023\/02\/piure-560x420.jpg 560w\" sizes=\"auto, (max-width: 960px) 100vw, 960px\" \/><\/figure><\/div>\n\n\n\n<div class=\"wp-block-image\"><figure class=\"aligncenter size-large\"><img loading=\"lazy\" decoding=\"async\" width=\"960\" height=\"720\" src=\"https:\/\/www.semanariotiempo.cl\/wp-content\/uploads\/2023\/02\/pescadores.jpg\" alt=\"\" class=\"wp-image-7535\" srcset=\"https:\/\/www.semanariotiempo.cl\/wp-content\/uploads\/2023\/02\/pescadores.jpg 960w, https:\/\/www.semanariotiempo.cl\/wp-content\/uploads\/2023\/02\/pescadores-300x225.jpg 300w, https:\/\/www.semanariotiempo.cl\/wp-content\/uploads\/2023\/02\/pescadores-768x576.jpg 768w, https:\/\/www.semanariotiempo.cl\/wp-content\/uploads\/2023\/02\/pescadores-80x60.jpg 80w, https:\/\/www.semanariotiempo.cl\/wp-content\/uploads\/2023\/02\/pescadores-265x198.jpg 265w, https:\/\/www.semanariotiempo.cl\/wp-content\/uploads\/2023\/02\/pescadores-696x522.jpg 696w, https:\/\/www.semanariotiempo.cl\/wp-content\/uploads\/2023\/02\/pescadores-560x420.jpg 560w\" sizes=\"auto, (max-width: 960px) 100vw, 960px\" \/><\/figure><\/div>\n\n\n\n<p class=\"wp-block-paragraph\">Fortalecer los procesos de difusi\u00f3n y transferencia tecnol\u00f3gica para el desarrollo de la acuicultura de peque\u00f1a escala, en el sector de la pesca artesanal, es la estrategia del programa que contempla talleres de capacitaci\u00f3n pr\u00e1ctica, seminarios y charlas. As\u00ed, las organizaciones de pescadores podr\u00e1n profundizar en habilidades y capacidades t\u00e9cnicas para desarrollar cultivos marinos utilizando herramientas, equipamiento y maquinaria especializada.<\/p>\n\n\n\n<p class=\"wp-block-paragraph\">Paralelamente a este proceso de transferencia de tecnolog\u00edas, y mediante un proyecto financiado por el Gobierno Regional de Coquimbo a trav\u00e9s del Fondo de Innovaci\u00f3n para la Competitividad Regional (FIC-R), se ejecutar\u00e1 un estudio para evaluar la implementaci\u00f3n de un modelo de granja marina sustentable y las interacciones que puedan realizar diversas especies marinas de inter\u00e9s comercial, lo cual proveer\u00e1 importantes antecedentes y conocimientos para configurar un nuevo modelo de producci\u00f3n que pueda por un lado producir alimento de alta calidad y por otro, resguardar los servicios ecosist\u00e9micos de las \u00e1reas de manejo y explotaci\u00f3n de recursos bent\u00f3nicos (AMERB) que administran las organizaciones de pescadores artesanales en la regi\u00f3n de Coquimbo.<\/p>\n\n\n\n<p class=\"wp-block-paragraph\">Respecto ambos proyectos, el director del Programa de Acuicultura en \u00c1reas de Manejo, e investigador del Departamento de Acuicultura de la Facultad de Ciencias del Mar, Cristian Sep\u00falveda Cort\u00e9s, coment\u00f3 que la relevancia de estudiar las \u201cgranjas marinas\u201d \u201cmuy probablemente sea un sistema de producci\u00f3n acu\u00edcola que mejor se acopla a las \u00e1reas de manejo dado que el dise\u00f1o contempla especies de distintos niveles tr\u00f3fico facilitando el intercambio de nutrientes y algunos otros servicios ecosist\u00e9micos que tambi\u00e9n entregan las \u00e1reas de manejo, intentando consolidar sistemas de alimentaci\u00f3n mixta que sean rec\u00edprocos. Complementariamente, se busca entrenar a pescadores luego de diez a\u00f1os de funcionamiento del Programa, fortaleciendo esta pol\u00edtica p\u00fablica y pasar de monocultivos a policultivos, y luego a \u201cgranjas marinas\u201d, para darle sostenibilidad al sector, para fortalecer sus formas de vida a trav\u00e9s de la acuicultura pero incorporando un sello sustentable, para las pr\u00f3ximas generaciones.\u201d<\/p>\n\n\n\n<p class=\"wp-block-paragraph\">A su vez el investigador, acad\u00e9mico y director del Departamento de Acuicultura &#8211; UCN, Gonzalo \u00c1lvarez, recalc\u00f3 que \u201cen este a\u00f1o y a partir de la incorporaci\u00f3n del \u201cPrograma de Acuicultura en \u00c1reas de Manejo\u201d al Departamento de Acuicultura de la Facultad de Ciencias del Mar, podremos continuar potenciando significativamente el trabajo en los territorios costeros, mediante el desarrollo de proyectos que tiene como foco la acuicultura de peque\u00f1a escala en las caletas, asegurando los servicios ecosist\u00e9micos de las \u00e1reas de manejo que administran pescadores artesanales a partir de la configuraci\u00f3n de una \u201cgranja marina\u201d donde se invita a un nuevo concepto del cultivo. Adem\u00e1s, a trav\u00e9s del PDT de CORFO, podremos apoyar en el entrenamiento de pescadores con su respectivo equipamiento especializado para el cultivo, el cual algunos ya cuentan en sus caletas.\u201d, coment\u00f3 el acad\u00e9mico.<\/p>\n\n\n\n<p class=\"wp-block-paragraph\">En tanto desde CORFO, su director regional, Andr\u00e9s Zurita Silva, enfatiz\u00f3 que \u201clas actividades que tradicionalmente se han realizado en las \u00e1reas de manejo pueden ir incorporando acuicultura y especies de distinto tipo, con distintos roles en las cadenas tr\u00f3ficas, lo cual permitir\u00e1 generar nuevas fuentes de ingresos, complementar las labores asociadas a la pesca y acuicultura, transitando hacia un manejo m\u00e1s integrado y sostenible, contribuyendo por una parte a mejorar los ingresos de los pescadores, y por otra avanzando hacia un concepto de manejo integrado multi-especie, que contribuir\u00e1 de manera significativa a entregar seguridad alimentaria\u201d.<\/p>\n\n\n\n<p class=\"wp-block-paragraph\">Desde las caletas de pescadores, el presidente del Sindicato Caleta Cascabeles, comuna de Los Vilos, Pedro Cort\u00e9s, comento que \u201cnuestra instituci\u00f3n (Sindicato Cascabeles) est\u00e1 convencida que el futuro de la pesca artesanal es cultivando el mar, nuestra \u00e1rea de manejo se encuentra en un lugar privilegiado para el cultivo, por eso la relevancia que tiene el proyecto CORFO para nuestro sindicato es continuar en el entrenamiento con equipamiento para el cultivo, con el cual vamos a mejorar nuestra productividad.\u201d<\/p>\n\n\n\n<p class=\"wp-block-paragraph\">Ambos proyectos apuntan a desarrollo sostenible de la acuicultura de peque\u00f1a escala en el sector pesquero artesanal, utilizando las herramientas de la investigaci\u00f3n a trav\u00e9s del proyecto FIC Regional, y por otro instalar y fortalecer capacidades en el sector pesquero artesanal que permita avanzar en el escalamiento productivo utilizando maquinaria y equipamiento especializado de cultivo, mediante fondos CORFO. Estos proyectos ser\u00e1n ejecutados por el Programa de Acuicultura en \u00c1reas de Manejo de la Facultad de Ciencias del Mar, Universidad Cat\u00f3lica del Norte, Coquimbo.<\/p>\n","protected":false},"excerpt":{"rendered":"<p>Entrenar a pescadores artesanales en la acuicultura de peque\u00f1a escala (APE), a trav\u00e9s del uso de equipamiento especializado para optimizar los procesos de engorda de semillas de piure, osti\u00f3n y ostras japonesas, es el objetivo del Programa de Difusi\u00f3n Tecnol\u00f3gica \u201cAcuicultura en \u00c1reas de Manejo\u201d que busca la recuperaci\u00f3n econ\u00f3mica y diversificaci\u00f3n de la matriz [&hellip;]<\/p>\n","protected":false},"author":1,"featured_media":7536,"comment_status":"open","ping_status":"open","sticky":false,"template":"","format":"standard","meta":{"tdm_status":"","tdm_grid_status":"","footnotes":"","_wpscppro_dont_share_socialmedia":false,"_wpscppro_custom_social_share_image":0,"_facebook_share_type":"","_twitter_share_type":"","_linkedin_share_type":"","_pinterest_share_type":"","_linkedin_share_type_page":"","_instagram_share_type":"","_medium_share_type":"","_threads_share_type":"","_google_business_share_type":"","_bluesky_share_type":"","_mastodon_share_type":"","_selected_social_profile":[],"_wpsp_enable_custom_social_template":false,"_wpsp_social_scheduling":{"enabled":false,"datetime":null,"platforms":[],"status":"template_only","dateOption":"today","timeOption":"now","customDays":"","customHours":"","customDate":"","customTime":"","schedulingType":"absolute"},"_wpsp_active_default_template":true},"categories":[1],"tags":[8,6,28],"class_list":["post-7534","post","type-post","status-publish","format-standard","has-post-thumbnail","hentry","category-uncategorized","tag-marketing","tag-redesign","tag-site-tips"],"_links":{"self":[{"href":"https:\/\/www.semanariotiempo.cl\/index.php?rest_route=\/wp\/v2\/posts\/7534","targetHints":{"allow":["GET"]}}],"collection":[{"href":"https:\/\/www.semanariotiempo.cl\/index.php?rest_route=\/wp\/v2\/posts"}],"about":[{"href":"https:\/\/www.semanariotiempo.cl\/index.php?rest_route=\/wp\/v2\/types\/post"}],"author":[{"embeddable":true,"href":"https:\/\/www.semanariotiempo.cl\/index.php?rest_route=\/wp\/v2\/users\/1"}],"replies":[{"embeddable":true,"href":"https:\/\/www.semanariotiempo.cl\/index.php?rest_route=%2Fwp%2Fv2%2Fcomments&post=7534"}],"version-history":[{"count":0,"href":"https:\/\/www.semanariotiempo.cl\/index.php?rest_route=\/wp\/v2\/posts\/7534\/revisions"}],"wp:featuredmedia":[{"embeddable":true,"href":"https:\/\/www.semanariotiempo.cl\/index.php?rest_route=\/wp\/v2\/media\/7536"}],"wp:attachment":[{"href":"https:\/\/www.semanariotiempo.cl\/index.php?rest_route=%2Fwp%2Fv2%2Fmedia&parent=7534"}],"wp:term":[{"taxonomy":"category","embeddable":true,"href":"https:\/\/www.semanariotiempo.cl\/index.php?rest_route=%2Fwp%2Fv2%2Fcategories&post=7534"},{"taxonomy":"post_tag","embeddable":true,"href":"https:\/\/www.semanariotiempo.cl\/index.php?rest_route=%2Fwp%2Fv2%2Ftags&post=7534"}],"curies":[{"name":"wp","href":"https:\/\/api.w.org\/{rel}","templated":true}]}}