{"id":7520,"date":"2023-02-03T22:36:05","date_gmt":"2023-02-03T22:36:05","guid":{"rendered":"https:\/\/www.semanariotiempo.cl\/?p=7520"},"modified":"2023-02-03T22:36:06","modified_gmt":"2023-02-03T22:36:06","slug":"desocupacion-en-conurbacion-la-serena-coquimbo-llego-a-10-3-y-en-provincia-del-limari-a-solo-49","status":"publish","type":"post","link":"https:\/\/www.semanariotiempo.cl\/?p=7520","title":{"rendered":"Desocupaci\u00f3n en conurbaci\u00f3n La Serena-Coquimbo lleg\u00f3 a 10.3% y en provincia del Limar\u00ed a solo 4,9%"},"content":{"rendered":"\n<h4 class=\"has-vivid-red-color has-text-color wp-block-heading\"><strong>El indicador general de desempleo regional de 8.8% fue valorado por las autoridades, ya que revela la recuperaci\u00f3n de 28.260 puestos de trabajo y refleja los avances de la planificaci\u00f3n conjunta e intersectorial convocada tras el Plan Chile Apoya.<\/strong><\/h4>\n\n\n\n<div class=\"wp-block-image\"><figure class=\"aligncenter size-large\"><img loading=\"lazy\" decoding=\"async\" width=\"1024\" height=\"818\" src=\"https:\/\/www.semanariotiempo.cl\/wp-content\/uploads\/2023\/02\/seremi-econom\u00eda-1-1024x818.jpg\" alt=\"\" class=\"wp-image-7522\" srcset=\"https:\/\/www.semanariotiempo.cl\/wp-content\/uploads\/2023\/02\/seremi-econom\u00eda-1-1024x818.jpg 1024w, https:\/\/www.semanariotiempo.cl\/wp-content\/uploads\/2023\/02\/seremi-econom\u00eda-1-300x240.jpg 300w, https:\/\/www.semanariotiempo.cl\/wp-content\/uploads\/2023\/02\/seremi-econom\u00eda-1-768x614.jpg 768w, https:\/\/www.semanariotiempo.cl\/wp-content\/uploads\/2023\/02\/seremi-econom\u00eda-1-696x556.jpg 696w, https:\/\/www.semanariotiempo.cl\/wp-content\/uploads\/2023\/02\/seremi-econom\u00eda-1-1068x854.jpg 1068w, https:\/\/www.semanariotiempo.cl\/wp-content\/uploads\/2023\/02\/seremi-econom\u00eda-1-526x420.jpg 526w, https:\/\/www.semanariotiempo.cl\/wp-content\/uploads\/2023\/02\/seremi-econom\u00eda-1.jpg 1200w\" sizes=\"auto, (max-width: 1024px) 100vw, 1024px\" \/><\/figure><\/div>\n\n\n\n<p class=\"wp-block-paragraph\">Un descenso de un punto porcentual, respecto al a\u00f1o anterior, registr\u00f3 la cifra de desempleo en la regi\u00f3n, al alcanzar un 8,8 para el trimestre m\u00f3vil octubre-diciembre 2022.<br>El descenso interanual de desocupaci\u00f3n se explica por el alza de la fuerza de trabajo (7,2%), menor a la presentada por las personas ocupadas (8,4%).<br>Las cifras del INE revelaron, en tanto, que el n\u00famero de personas ocupadas aument\u00f3 a un 8,4%, lo que implica la recuperaci\u00f3n de 28.260 puestos de trabajo.<br>Mientras que la tasa de desocupaci\u00f3n en la conurbaci\u00f3n La Serena-Coquimbo lleg\u00f3 a un 10,3%. En la provincia de Elqui, la cifra de desempleo lleg\u00f3 a un 10,2%; en Limar\u00ed, en tanto, alcanz\u00f3 a 4,9%.<br>El bolet\u00edn estad\u00edstico de empleo trimestral fue analizado por la Mesa de Reactivaci\u00f3n Econ\u00f3mica y Trabajo Decente, que para este an\u00e1lisis estuvo compuesto por la seremi de Trabajo, Claudia Santander; la seremi de Econom\u00eda, P\u00eda Castillo; el director de CORFO, y el director del Servicio de Cooperaci\u00f3n T\u00e9cnico (SERCOTEC), Pascal Lagunas.<\/p>\n\n\n\n<p class=\"wp-block-paragraph\">Respecto a las cifras entregadas por el INE y el panorama del empleo regional, la Seremi del Trabajo, Claudia Santander, explic\u00f3 que \u201cHemos logrado en el \u00faltimo trimestre el s\u00e9ptimo descenso consecutivo de la Tasa de Desocupaci\u00f3n, nos ubicamos en un 8,8%, lo que implica un aumento en el n\u00famero de Ocupados con una creaci\u00f3n de puestos de trabajo que super\u00f3 los 28 mil nuevos empleos que se han podido recuperar en este periodo\u201d.<br>Por su parte, la Seremi de Econom\u00eda, P\u00eda Castillo, se\u00f1al\u00f3 que esperan que las cifras sigan repuntando. \u201cLas presentes cifras son alentadoras. Hay actividades econ\u00f3micas que han repuntado como la Industria Manufacturera, con un 31,4%; seguido por Miner\u00eda, con un 16,4% y Comercio, con un 8,0%. Esperamos que las cifras sigan mejorando en los pr\u00f3ximos trimestres m\u00f3viles a trav\u00e9s de la Agenda de Productividad y sus nueve ejes de trabajo, impactando en la inversi\u00f3n, mercados de capitales, informalidad laboral, capacitaci\u00f3n, productividad, competencia, innovaci\u00f3n, entre otras\u201d, dijo la autoridad.<br>La secretaria regional de Econom\u00eda destac\u00f3 que el 50% del total de 28.260 puestos de trabajo recuperados durante el a\u00f1o reci\u00e9n pasado en la regi\u00f3n, un 20% pertenece al sector comercio, le sigue con un 11% construcci\u00f3n, 9% miner\u00eda y 8% ense\u00f1anza, aproximadamente.<\/p>\n\n\n\n<p class=\"wp-block-paragraph\"><strong>Financiamiento para la Reactivaci\u00f3n<\/strong><br>El director de Sercotec, Pascal Lagunas, enfatiz\u00f3 en el trabajo desarrollado para implementar las medidas del Plan Chile Apoya, que involucr\u00f3 aportes de m\u00e1s de 2.600 millones de pesos para los cinco programas lo que, sin duda, impactar\u00e1 en la econom\u00eda regional.<br>\u201cPara nosotros como Servicio de Cooperaci\u00f3n T\u00e9cnica ha sido una ardua tarea el poder apoyar a las micro y peque\u00f1as empresas durante el \u00faltimo per\u00edodo, especialmente mediante el Plan Chile Apoya, que fue una medida presidencial. En que se incorporaron cinco programas de postulaci\u00f3n por m\u00e1s de 2.600 millones de pesos\u201d, puntualiz\u00f3.<\/p>\n","protected":false},"excerpt":{"rendered":"<p>El indicador general de desempleo regional de 8.8% fue valorado por las autoridades, ya que revela la recuperaci\u00f3n de 28.260 puestos de trabajo y refleja los avances de la planificaci\u00f3n conjunta e intersectorial convocada tras el Plan Chile Apoya. Un descenso de un punto porcentual, respecto al a\u00f1o anterior, registr\u00f3 la cifra de desempleo en [&hellip;]<\/p>\n","protected":false},"author":1,"featured_media":7522,"comment_status":"open","ping_status":"open","sticky":false,"template":"","format":"standard","meta":{"tdm_status":"","tdm_grid_status":"","footnotes":"","_wpscppro_dont_share_socialmedia":false,"_wpscppro_custom_social_share_image":0,"_facebook_share_type":"","_twitter_share_type":"","_linkedin_share_type":"","_pinterest_share_type":"","_linkedin_share_type_page":"","_instagram_share_type":"","_medium_share_type":"","_threads_share_type":"","_google_business_share_type":"","_bluesky_share_type":"","_mastodon_share_type":"","_selected_social_profile":[],"_wpsp_enable_custom_social_template":false,"_wpsp_social_scheduling":{"enabled":false,"datetime":null,"platforms":[],"status":"template_only","dateOption":"today","timeOption":"now","customDays":"","customHours":"","customDate":"","customTime":"","schedulingType":"absolute"},"_wpsp_active_default_template":true},"categories":[1],"tags":[8],"class_list":["post-7520","post","type-post","status-publish","format-standard","has-post-thumbnail","hentry","category-uncategorized","tag-marketing"],"_links":{"self":[{"href":"https:\/\/www.semanariotiempo.cl\/index.php?rest_route=\/wp\/v2\/posts\/7520","targetHints":{"allow":["GET"]}}],"collection":[{"href":"https:\/\/www.semanariotiempo.cl\/index.php?rest_route=\/wp\/v2\/posts"}],"about":[{"href":"https:\/\/www.semanariotiempo.cl\/index.php?rest_route=\/wp\/v2\/types\/post"}],"author":[{"embeddable":true,"href":"https:\/\/www.semanariotiempo.cl\/index.php?rest_route=\/wp\/v2\/users\/1"}],"replies":[{"embeddable":true,"href":"https:\/\/www.semanariotiempo.cl\/index.php?rest_route=%2Fwp%2Fv2%2Fcomments&post=7520"}],"version-history":[{"count":0,"href":"https:\/\/www.semanariotiempo.cl\/index.php?rest_route=\/wp\/v2\/posts\/7520\/revisions"}],"wp:featuredmedia":[{"embeddable":true,"href":"https:\/\/www.semanariotiempo.cl\/index.php?rest_route=\/wp\/v2\/media\/7522"}],"wp:attachment":[{"href":"https:\/\/www.semanariotiempo.cl\/index.php?rest_route=%2Fwp%2Fv2%2Fmedia&parent=7520"}],"wp:term":[{"taxonomy":"category","embeddable":true,"href":"https:\/\/www.semanariotiempo.cl\/index.php?rest_route=%2Fwp%2Fv2%2Fcategories&post=7520"},{"taxonomy":"post_tag","embeddable":true,"href":"https:\/\/www.semanariotiempo.cl\/index.php?rest_route=%2Fwp%2Fv2%2Ftags&post=7520"}],"curies":[{"name":"wp","href":"https:\/\/api.w.org\/{rel}","templated":true}]}}