{"id":7516,"date":"2023-02-03T22:32:06","date_gmt":"2023-02-03T22:32:06","guid":{"rendered":"https:\/\/www.semanariotiempo.cl\/?p=7516"},"modified":"2023-02-03T22:32:45","modified_gmt":"2023-02-03T22:32:45","slug":"circular-presidencial-instruye-a-instituciones-publicas-a-transferir-suelos-para-plan-de-emergencia-habitacional","status":"publish","type":"post","link":"https:\/\/www.semanariotiempo.cl\/?p=7516","title":{"rendered":"Circular presidencial instruye a  instituciones p\u00fablicas a transferir suelos  para Plan de Emergencia Habitacional"},"content":{"rendered":"\n<div class=\"wp-block-image\"><figure class=\"aligncenter size-large\"><img loading=\"lazy\" decoding=\"async\" width=\"612\" height=\"408\" src=\"https:\/\/www.semanariotiempo.cl\/wp-content\/uploads\/2023\/02\/ministra-bienes-nacionales-y-vivienda.jpg\" alt=\"\" class=\"wp-image-7517\" srcset=\"https:\/\/www.semanariotiempo.cl\/wp-content\/uploads\/2023\/02\/ministra-bienes-nacionales-y-vivienda.jpg 612w, https:\/\/www.semanariotiempo.cl\/wp-content\/uploads\/2023\/02\/ministra-bienes-nacionales-y-vivienda-300x200.jpg 300w\" sizes=\"auto, (max-width: 612px) 100vw, 612px\" \/><figcaption>Ministra de Bienes Nacionales, Javiera Toro, junto al ministro de vivienda, Carlos Montes.<\/figcaption><\/figure><\/div>\n\n\n\n<p class=\"wp-block-paragraph\">El Presidente de la Rep\u00fablica, Gabriel Boric, firm\u00f3 una circular que se distribuir\u00e1 a todos los ministerios y servicios del Estado, incluyendo las Fuerzas Armadas y Carabineros, para poner a disposici\u00f3n terrenos fiscales para la implementaci\u00f3n del Plan de Emergencia Habitacional. As\u00ed lo informaron la ministra del Interior y Seguridad P\u00fablica, Carolina Toh\u00e1; el ministro de Vivienda y Urbanismo, Carlos Montes; y la ministra de Bienes Nacionales, Javiera Toro, tras participar del consejo de gabinete que se realiz\u00f3 este viernes en el Palacio de La Moneda.<br>El Plan de Emergencia Habitacional fue presentando al pa\u00eds en julio de 2022 y entre sus principales objetivos est\u00e1 recuperar el rol central del Estado en la planificaci\u00f3n y gesti\u00f3n habitacional, y entregar 260 mil viviendas durante el periodo de gobierno. El ministro Carlos Montes se\u00f1al\u00f3 que la meta no resuelve el d\u00e9ficit de m\u00e1s de 640 mil viviendas, pero contribuir\u00e1 de detener su crecimiento. \u201cLo que pedimos ahora, y por eso nos parece muy importante la circular del Presidente, es que se le haga ver a las instituciones que lo hagan y que lo hagan cuanto antes. En el caso espec\u00edfico de las Fuerzas Armadas, nosotros hemos estudiado y creemos que cuentan con 1.169 hect\u00e1reas que son posibles de usar para vivienda en lugares adecuados\u201d, afirm\u00f3 el titular del Minvu.<br>Uno de los factores que explica el d\u00e9ficit actual es la especulaci\u00f3n que existe en el mercado del suelo. Pese a ello, el ministro Montes afirm\u00f3 que se ha avanzado, junto a ministerios como Bienes Nacionales, en conseguir suelos para las familias. \u201cDe las 3.519 hect\u00e1reas que se requieren para el Plan de Emergencia Habitacional, ya tenemos un porcentaje alto. Nos faltan 600 hect\u00e1reas. Adem\u00e1s, tenemos que dejar suelo para los pr\u00f3ximos gobiernos, porque aqu\u00ed se est\u00e1 construyendo un banco de suelo para mantener una l\u00ednea sostenida de construcci\u00f3n de viviendas\u201d, detall\u00f3.<br>Por su parte, la ministra de Bienes Nacionales, Javiera Toro, hizo hincapi\u00e9 en que \u201clos terrenos del Estado son de todas y todos los chilenos, y, por eso, tienen que estar a disposici\u00f3n de las necesidades de las personas, y hoy la emergencia habitacional es un verdadero desaf\u00edo nacional, un desaf\u00edo de toda la sociedad, y nos tenemos que hacer cargo en conjunto de ello\u201d.<\/p>\n","protected":false},"excerpt":{"rendered":"<p>El Presidente de la Rep\u00fablica, Gabriel Boric, firm\u00f3 una circular que se distribuir\u00e1 a todos los ministerios y servicios del Estado, incluyendo las Fuerzas Armadas y Carabineros, para poner a disposici\u00f3n terrenos fiscales para la implementaci\u00f3n del Plan de Emergencia Habitacional. As\u00ed lo informaron la ministra del Interior y Seguridad P\u00fablica, Carolina Toh\u00e1; el ministro [&hellip;]<\/p>\n","protected":false},"author":1,"featured_media":7517,"comment_status":"open","ping_status":"open","sticky":false,"template":"","format":"standard","meta":{"tdm_status":"","tdm_grid_status":"","footnotes":"","_wpscppro_dont_share_socialmedia":false,"_wpscppro_custom_social_share_image":0,"_facebook_share_type":"","_twitter_share_type":"","_linkedin_share_type":"","_pinterest_share_type":"","_linkedin_share_type_page":"","_instagram_share_type":"","_medium_share_type":"","_threads_share_type":"","_google_business_share_type":"","_bluesky_share_type":"","_mastodon_share_type":"","_selected_social_profile":[],"_wpsp_enable_custom_social_template":false,"_wpsp_social_scheduling":{"enabled":false,"datetime":null,"platforms":[],"status":"template_only","dateOption":"today","timeOption":"now","customDays":"","customHours":"","customDate":"","customTime":"","schedulingType":"absolute"},"_wpsp_active_default_template":true},"categories":[1],"tags":[8],"class_list":["post-7516","post","type-post","status-publish","format-standard","has-post-thumbnail","hentry","category-uncategorized","tag-marketing"],"_links":{"self":[{"href":"https:\/\/www.semanariotiempo.cl\/index.php?rest_route=\/wp\/v2\/posts\/7516","targetHints":{"allow":["GET"]}}],"collection":[{"href":"https:\/\/www.semanariotiempo.cl\/index.php?rest_route=\/wp\/v2\/posts"}],"about":[{"href":"https:\/\/www.semanariotiempo.cl\/index.php?rest_route=\/wp\/v2\/types\/post"}],"author":[{"embeddable":true,"href":"https:\/\/www.semanariotiempo.cl\/index.php?rest_route=\/wp\/v2\/users\/1"}],"replies":[{"embeddable":true,"href":"https:\/\/www.semanariotiempo.cl\/index.php?rest_route=%2Fwp%2Fv2%2Fcomments&post=7516"}],"version-history":[{"count":0,"href":"https:\/\/www.semanariotiempo.cl\/index.php?rest_route=\/wp\/v2\/posts\/7516\/revisions"}],"wp:featuredmedia":[{"embeddable":true,"href":"https:\/\/www.semanariotiempo.cl\/index.php?rest_route=\/wp\/v2\/media\/7517"}],"wp:attachment":[{"href":"https:\/\/www.semanariotiempo.cl\/index.php?rest_route=%2Fwp%2Fv2%2Fmedia&parent=7516"}],"wp:term":[{"taxonomy":"category","embeddable":true,"href":"https:\/\/www.semanariotiempo.cl\/index.php?rest_route=%2Fwp%2Fv2%2Fcategories&post=7516"},{"taxonomy":"post_tag","embeddable":true,"href":"https:\/\/www.semanariotiempo.cl\/index.php?rest_route=%2Fwp%2Fv2%2Ftags&post=7516"}],"curies":[{"name":"wp","href":"https:\/\/api.w.org\/{rel}","templated":true}]}}