{"id":7494,"date":"2023-02-03T00:53:21","date_gmt":"2023-02-03T00:53:21","guid":{"rendered":"https:\/\/www.semanariotiempo.cl\/?p=7494"},"modified":"2023-02-03T00:53:21","modified_gmt":"2023-02-03T00:53:21","slug":"los-dichos-de-bielsa-por-dominga-que-molestaron-al-gobierno-era-una-de-las-alternativas-que-iba-a-tener-agua-negra","status":"publish","type":"post","link":"https:\/\/www.semanariotiempo.cl\/?p=7494","title":{"rendered":"Los dichos de Bielsa por Dominga que molestaron al Gobierno: \u201cera una de las alternativas que iba a tener Agua Negra\u201d"},"content":{"rendered":"\n<h4 class=\"has-vivid-red-color has-text-color wp-block-heading\"><strong>Fue en medio de una sesi\u00f3n de la comisi\u00f3n de Relaciones Exteriores del Senado donde Rafael Bielsa, embajador de Argentina en Chile, ve\u00eda positivamente la ejecuci\u00f3n de la iniciativa minero-portuaria por el puerto adosado en La Higuera, que permitir\u00eda una salida al Pac\u00edfico de concretarse el anhelado T\u00fanel Agua Negra.<\/strong><\/h4>\n\n\n\n<div class=\"wp-block-image\"><figure class=\"aligncenter size-large\"><img loading=\"lazy\" decoding=\"async\" width=\"474\" height=\"266\" src=\"https:\/\/www.semanariotiempo.cl\/wp-content\/uploads\/2023\/02\/Rafael-Bielsa-embajador-de-Argentina-en-Chile.jpg\" alt=\"\" class=\"wp-image-7495\" srcset=\"https:\/\/www.semanariotiempo.cl\/wp-content\/uploads\/2023\/02\/Rafael-Bielsa-embajador-de-Argentina-en-Chile.jpg 474w, https:\/\/www.semanariotiempo.cl\/wp-content\/uploads\/2023\/02\/Rafael-Bielsa-embajador-de-Argentina-en-Chile-300x168.jpg 300w\" sizes=\"auto, (max-width: 474px) 100vw, 474px\" \/><\/figure><\/div>\n\n\n\n<p class=\"wp-block-paragraph\">El embajador de Argentina en Chile, Rafael Bielsa, se refiri\u00f3 al rechazo del proyecto minero Dominga durante una intervenci\u00f3n en la Comisi\u00f3n de Relaciones Exteriores del Senado, instancia donde el diplom\u00e1tico critic\u00f3 que la administraci\u00f3n del presidente Gabriel Boric no le notificara previamente la decisi\u00f3n que tom\u00f3 el Comit\u00e9 de Ministros contra el proyecto minero-portuario Dominga.<br>\u201cSe reuni\u00f3 por primera vez en muchos a\u00f1os (\u2026) el Consejo de Ministros. En ese consejo, el \u00fanico tema que se toc\u00f3 fue el tema de la Dominga y se trataron las conclusiones del estudio, las impugnaciones que hab\u00eda recibido el proyecto por parte de los organismos defensores de la naturaleza\u201d, coment\u00f3 el embajador trasandino.<br>Bielsa cuestion\u00f3 la decisi\u00f3n, de no implementar el proyecto de la empresa Andes Iron, asegurando que \u201ceste emprendimiento era una de las alternativas que iba a tener Agua Negra como puerto\u201d.<br>El proyecto Dominga considera dos rajos abiertos, adem\u00e1s de una serie de obras para el embarque de 12 millones de toneladas anuales de hierro. En ese sentido, parte de los US$2.500 millones de inversi\u00f3n ir\u00edan a la construcci\u00f3n de un puerto en el sector de Totoralillo Norte, terminal que cuenta actualmente con concesi\u00f3n mar\u00edtima otorgada por la Subsecretar\u00eda para las Fuerzas Armadas.<br>Totoralilo Norte es un sector de pesca artesanal y mantiene un convenio con Andes Iron para desarrollar el puerto y el periodo de funcionamiento.<br>Sin embargo, tambi\u00e9n es una de las tres \u00e1reas definidas por el Plan Regulador Intercomunal (PRI) Elqui con vocaci\u00f3n portuaria en la comuna de La Higuera, pensando en una salida al Pac\u00edfico entre quienes aspiran a desarrollar el corredor bioce\u00e1nico entre Chile y Brasil.<br>Y especialmente una de sus obras centrales, el t\u00fanel de Agua Negra, que a trav\u00e9s de dos corredores de 13,9 kil\u00f3metros, cruzar\u00e1 la cordillera de Los Andes, y dar\u00e1 fluidez en el tr\u00e1nsito entre la regi\u00f3n de Coquimbo y la provincia de San Juan (Argentina).<br>Los dichos de Bielsa motivaron una reacci\u00f3n en\u00e9rgica de la Canciller\u00eda chilena, qui\u00e9n cit\u00f3 al diplom\u00e1tico a aclarar sus dichos.<br>\u201cA nosotros nos vendr\u00eda b\u00e1rbaro que nos avisaran, nada m\u00e1s que eso. Como tiene un impacto en las relaciones bilaterales, quer\u00edamos que estuviera informado\u201d, afirm\u00f3 el embajador.<\/p>\n","protected":false},"excerpt":{"rendered":"<p>Fue en medio de una sesi\u00f3n de la comisi\u00f3n de Relaciones Exteriores del Senado donde Rafael Bielsa, embajador de Argentina en Chile, ve\u00eda positivamente la ejecuci\u00f3n de la iniciativa minero-portuaria por el puerto adosado en La Higuera, que permitir\u00eda una salida al Pac\u00edfico de concretarse el anhelado T\u00fanel Agua Negra. El embajador de Argentina en [&hellip;]<\/p>\n","protected":false},"author":1,"featured_media":7495,"comment_status":"open","ping_status":"open","sticky":false,"template":"","format":"standard","meta":{"tdm_status":"","tdm_grid_status":"","footnotes":"","_wpscppro_dont_share_socialmedia":false,"_wpscppro_custom_social_share_image":0,"_facebook_share_type":"","_twitter_share_type":"","_linkedin_share_type":"","_pinterest_share_type":"","_linkedin_share_type_page":"","_instagram_share_type":"","_medium_share_type":"","_threads_share_type":"","_google_business_share_type":"","_bluesky_share_type":"","_mastodon_share_type":"","_selected_social_profile":[],"_wpsp_enable_custom_social_template":false,"_wpsp_social_scheduling":{"enabled":false,"datetime":null,"platforms":[],"status":"template_only","dateOption":"today","timeOption":"now","customDays":"","customHours":"","customDate":"","customTime":"","schedulingType":"absolute"},"_wpsp_active_default_template":true},"categories":[1],"tags":[8],"class_list":["post-7494","post","type-post","status-publish","format-standard","has-post-thumbnail","hentry","category-uncategorized","tag-marketing"],"_links":{"self":[{"href":"https:\/\/www.semanariotiempo.cl\/index.php?rest_route=\/wp\/v2\/posts\/7494","targetHints":{"allow":["GET"]}}],"collection":[{"href":"https:\/\/www.semanariotiempo.cl\/index.php?rest_route=\/wp\/v2\/posts"}],"about":[{"href":"https:\/\/www.semanariotiempo.cl\/index.php?rest_route=\/wp\/v2\/types\/post"}],"author":[{"embeddable":true,"href":"https:\/\/www.semanariotiempo.cl\/index.php?rest_route=\/wp\/v2\/users\/1"}],"replies":[{"embeddable":true,"href":"https:\/\/www.semanariotiempo.cl\/index.php?rest_route=%2Fwp%2Fv2%2Fcomments&post=7494"}],"version-history":[{"count":0,"href":"https:\/\/www.semanariotiempo.cl\/index.php?rest_route=\/wp\/v2\/posts\/7494\/revisions"}],"wp:featuredmedia":[{"embeddable":true,"href":"https:\/\/www.semanariotiempo.cl\/index.php?rest_route=\/wp\/v2\/media\/7495"}],"wp:attachment":[{"href":"https:\/\/www.semanariotiempo.cl\/index.php?rest_route=%2Fwp%2Fv2%2Fmedia&parent=7494"}],"wp:term":[{"taxonomy":"category","embeddable":true,"href":"https:\/\/www.semanariotiempo.cl\/index.php?rest_route=%2Fwp%2Fv2%2Fcategories&post=7494"},{"taxonomy":"post_tag","embeddable":true,"href":"https:\/\/www.semanariotiempo.cl\/index.php?rest_route=%2Fwp%2Fv2%2Ftags&post=7494"}],"curies":[{"name":"wp","href":"https:\/\/api.w.org\/{rel}","templated":true}]}}