{"id":7480,"date":"2023-02-02T22:24:58","date_gmt":"2023-02-02T22:24:58","guid":{"rendered":"https:\/\/www.semanariotiempo.cl\/?p=7480"},"modified":"2023-02-02T22:24:59","modified_gmt":"2023-02-02T22:24:59","slug":"mas-de-3-mil-vehiculos-han-ingresado-al-pais-por-el-paso-agua-negra","status":"publish","type":"post","link":"https:\/\/www.semanariotiempo.cl\/?p=7480","title":{"rendered":"M\u00e1s de 3 mil veh\u00edculos han ingresado al pa\u00eds por el paso Agua Negra"},"content":{"rendered":"\n<div class=\"wp-block-image\"><figure class=\"aligncenter size-large\"><img loading=\"lazy\" decoding=\"async\" width=\"1024\" height=\"576\" src=\"https:\/\/www.semanariotiempo.cl\/wp-content\/uploads\/2023\/02\/Coquimbo-6-1-1024x576.jpg\" alt=\"\" class=\"wp-image-7482\" srcset=\"https:\/\/www.semanariotiempo.cl\/wp-content\/uploads\/2023\/02\/Coquimbo-6-1-1024x576.jpg 1024w, https:\/\/www.semanariotiempo.cl\/wp-content\/uploads\/2023\/02\/Coquimbo-6-1-300x169.jpg 300w, https:\/\/www.semanariotiempo.cl\/wp-content\/uploads\/2023\/02\/Coquimbo-6-1-768x432.jpg 768w, https:\/\/www.semanariotiempo.cl\/wp-content\/uploads\/2023\/02\/Coquimbo-6-1-696x392.jpg 696w, https:\/\/www.semanariotiempo.cl\/wp-content\/uploads\/2023\/02\/Coquimbo-6-1-1068x601.jpg 1068w, https:\/\/www.semanariotiempo.cl\/wp-content\/uploads\/2023\/02\/Coquimbo-6-1-747x420.jpg 747w, https:\/\/www.semanariotiempo.cl\/wp-content\/uploads\/2023\/02\/Coquimbo-6-1.jpg 1200w\" sizes=\"auto, (max-width: 1024px) 100vw, 1024px\" \/><\/figure><\/div>\n\n\n\n<p class=\"wp-block-paragraph\">A casi 2 meses desde su reapertura, un total de 3.022 veh\u00edculos han ingresado por las dependencias del paso fronterizo Agua Negra ubicado en la Regi\u00f3n de Coquimbo y que limita con Argentina. Esta cifra se complementa con los 2.198 veh\u00edculos que han salido del pa\u00eds por la misma ruta.<br>Ingrid Gonz\u00e1lez, Directora Regional (S) de la Aduana de Coquimbo, explic\u00f3 que \u201chemos realizado todos los esfuerzos para agilizar el paso de los veh\u00edculos por este paso. En esta \u00e9poca estival hemos controlado fundamentalmente a turistas que han entrado a nuestro pa\u00eds en sus vacaciones.\u201d<br>Las cifras del fin de semana del 14 y 15 de enero pasado dan buena cuenta de ello, con 586 autos ingresando y 568 saliendo de Chile.<br>Desde que este complejo fronterizo fue abierto al p\u00fablico nuevamente, luego de m\u00e1s de dos a\u00f1os cerrado fundamentalmente a ra\u00edz de la pandemia, el pasado 7 de diciembre, los funcionarios y funcionarias de la Direcci\u00f3n Regional de Coquimbo han llevado a cabo diferentes labores de fiscalizaci\u00f3n.<br>\u201cNosotros velamos por el total cumplimiento de las normas y estamos comprometidos en reforzar la protecci\u00f3n de nuestras fronteras, evitando que ingrese todo tipo de il\u00edcito. Somos la primera barrera contra el crimen organizado y en eso, el trabajo interinstitucional que realizamos con los dem\u00e1s servicios es fundamental para el pa\u00eds\u201d, agreg\u00f3 la autoridad de Aduanas.<\/p>\n","protected":false},"excerpt":{"rendered":"<p>A casi 2 meses desde su reapertura, un total de 3.022 veh\u00edculos han ingresado por las dependencias del paso fronterizo Agua Negra ubicado en la Regi\u00f3n de Coquimbo y que limita con Argentina. Esta cifra se complementa con los 2.198 veh\u00edculos que han salido del pa\u00eds por la misma ruta.Ingrid Gonz\u00e1lez, Directora Regional (S) de [&hellip;]<\/p>\n","protected":false},"author":1,"featured_media":7482,"comment_status":"open","ping_status":"open","sticky":false,"template":"","format":"standard","meta":{"tdm_status":"","tdm_grid_status":"","footnotes":"","_wpscppro_dont_share_socialmedia":false,"_wpscppro_custom_social_share_image":0,"_facebook_share_type":"","_twitter_share_type":"","_linkedin_share_type":"","_pinterest_share_type":"","_linkedin_share_type_page":"","_instagram_share_type":"","_medium_share_type":"","_threads_share_type":"","_google_business_share_type":"","_bluesky_share_type":"","_mastodon_share_type":"","_selected_social_profile":[],"_wpsp_enable_custom_social_template":false,"_wpsp_social_scheduling":{"enabled":false,"datetime":null,"platforms":[],"status":"template_only","dateOption":"today","timeOption":"now","customDays":"","customHours":"","customDate":"","customTime":"","schedulingType":"absolute"},"_wpsp_active_default_template":true},"categories":[1],"tags":[8],"class_list":["post-7480","post","type-post","status-publish","format-standard","has-post-thumbnail","hentry","category-uncategorized","tag-marketing"],"_links":{"self":[{"href":"https:\/\/www.semanariotiempo.cl\/index.php?rest_route=\/wp\/v2\/posts\/7480","targetHints":{"allow":["GET"]}}],"collection":[{"href":"https:\/\/www.semanariotiempo.cl\/index.php?rest_route=\/wp\/v2\/posts"}],"about":[{"href":"https:\/\/www.semanariotiempo.cl\/index.php?rest_route=\/wp\/v2\/types\/post"}],"author":[{"embeddable":true,"href":"https:\/\/www.semanariotiempo.cl\/index.php?rest_route=\/wp\/v2\/users\/1"}],"replies":[{"embeddable":true,"href":"https:\/\/www.semanariotiempo.cl\/index.php?rest_route=%2Fwp%2Fv2%2Fcomments&post=7480"}],"version-history":[{"count":0,"href":"https:\/\/www.semanariotiempo.cl\/index.php?rest_route=\/wp\/v2\/posts\/7480\/revisions"}],"wp:featuredmedia":[{"embeddable":true,"href":"https:\/\/www.semanariotiempo.cl\/index.php?rest_route=\/wp\/v2\/media\/7482"}],"wp:attachment":[{"href":"https:\/\/www.semanariotiempo.cl\/index.php?rest_route=%2Fwp%2Fv2%2Fmedia&parent=7480"}],"wp:term":[{"taxonomy":"category","embeddable":true,"href":"https:\/\/www.semanariotiempo.cl\/index.php?rest_route=%2Fwp%2Fv2%2Fcategories&post=7480"},{"taxonomy":"post_tag","embeddable":true,"href":"https:\/\/www.semanariotiempo.cl\/index.php?rest_route=%2Fwp%2Fv2%2Ftags&post=7480"}],"curies":[{"name":"wp","href":"https:\/\/api.w.org\/{rel}","templated":true}]}}