{"id":7477,"date":"2023-02-02T22:22:58","date_gmt":"2023-02-02T22:22:58","guid":{"rendered":"https:\/\/www.semanariotiempo.cl\/?p=7477"},"modified":"2023-02-02T22:22:59","modified_gmt":"2023-02-02T22:22:59","slug":"jardin-infantil-recupera-ladera-con-flora-nativa-de-huentelauquen","status":"publish","type":"post","link":"https:\/\/www.semanariotiempo.cl\/?p=7477","title":{"rendered":"Jard\u00edn Infantil recupera  ladera con flora nativa de Huentelauqu\u00e9n"},"content":{"rendered":"\n<h4 class=\"has-vivid-red-color has-text-color wp-block-heading\"><strong>Esta propuesta dur\u00f3 6 meses y fue la \u00fanica adjudicada en la provincia del Choapa de los siete proyectos realizados en la Regi\u00f3n de Coquimbo durante el a\u00f1o 2022.<\/strong><\/h4>\n\n\n\n<div class=\"wp-block-image\"><figure class=\"aligncenter size-large\"><img loading=\"lazy\" decoding=\"async\" width=\"1024\" height=\"768\" src=\"https:\/\/www.semanariotiempo.cl\/wp-content\/uploads\/2023\/02\/F2-FPA-Huentelauquen-Norte-2023-1024x768.jpg\" alt=\"\" class=\"wp-image-7478\" srcset=\"https:\/\/www.semanariotiempo.cl\/wp-content\/uploads\/2023\/02\/F2-FPA-Huentelauquen-Norte-2023-1024x768.jpg 1024w, https:\/\/www.semanariotiempo.cl\/wp-content\/uploads\/2023\/02\/F2-FPA-Huentelauquen-Norte-2023-300x225.jpg 300w, https:\/\/www.semanariotiempo.cl\/wp-content\/uploads\/2023\/02\/F2-FPA-Huentelauquen-Norte-2023-768x576.jpg 768w, https:\/\/www.semanariotiempo.cl\/wp-content\/uploads\/2023\/02\/F2-FPA-Huentelauquen-Norte-2023-80x60.jpg 80w, https:\/\/www.semanariotiempo.cl\/wp-content\/uploads\/2023\/02\/F2-FPA-Huentelauquen-Norte-2023-265x198.jpg 265w, https:\/\/www.semanariotiempo.cl\/wp-content\/uploads\/2023\/02\/F2-FPA-Huentelauquen-Norte-2023-696x522.jpg 696w, https:\/\/www.semanariotiempo.cl\/wp-content\/uploads\/2023\/02\/F2-FPA-Huentelauquen-Norte-2023-1068x801.jpg 1068w, https:\/\/www.semanariotiempo.cl\/wp-content\/uploads\/2023\/02\/F2-FPA-Huentelauquen-Norte-2023-560x420.jpg 560w, https:\/\/www.semanariotiempo.cl\/wp-content\/uploads\/2023\/02\/F2-FPA-Huentelauquen-Norte-2023.jpg 1200w\" sizes=\"auto, (max-width: 1024px) 100vw, 1024px\" \/><\/figure><\/div>\n\n\n\n<p class=\"wp-block-paragraph\">La comunidad educativa del Jard\u00edn Infantil Las Ardillitas de Huentelauqu\u00e9n Norte de la comuna de Canela, cre\u00f3 nuevos espacios para la educaci\u00f3n ambiental, mediante la construcci\u00f3n de un invernadero y la recuperaci\u00f3n de una ladera contigua al recinto, que fue reforestada con flora nativa de la localidad.<br>La iniciativa financiada por el Fondo de Protecci\u00f3n Ambiental (FPA) del Ministerio del Medio Ambiente, por un monto de $4.000.000 de pesos, fue elaborada por el Centro de Padres y Apoderados de dicho establecimiento para educar a ni\u00f1os y ni\u00f1as desde temprana edad en conservaci\u00f3n del medio ambiente, mediante la restauraci\u00f3n del suelo.<br>Esta semana se realiz\u00f3 el cierre del proyecto \u201cRecuperando nuestro entorno natural con flora nativa\u201d desarrollado en conjunto con la I. Municipalidad de Canela, la Comunidad Agr\u00edcola de Huentelauqu\u00e9n, CONAF, el Comit\u00e9 Ambiental Comunal Canela, la Red de Observadores de Aves, el Comit\u00e9 de Agua Potable Rural y la Hacienda Huentelauqu\u00e9n.<br>El Seremi del Medio Ambiente Leonardo Gros explic\u00f3 que \u201cestamos cerrando un ciclo de un proyecto del Fondo de Protecci\u00f3n Ambiental que est\u00e1 sembrando una semilla de conciencia en los ni\u00f1os y ni\u00f1as por el cuidado y la protecci\u00f3n del medio ambiente que esperamos d\u00e9 frutos toda la vida.\u201d<br>Para Maritza Castro encargada del Jard\u00edn Infantil, esta experiencia para la comunidad educativa fue \u201cprovechosa y significativa ya que, desde el primer d\u00eda, los ni\u00f1os se comprometieron e involucraron de manera activa en este proyecto. Plantaron las especies nativas en el predio, se comprometieron a regar 3 veces a la semana y lo hicieron junto con las t\u00edas y apoderados. Lo usaron como un espacio educativo al aire libre, donde tienen un hermoso paisaje. Era muy estimulante para ellos venir a este lugar.\u201d<\/p>\n","protected":false},"excerpt":{"rendered":"<p>Esta propuesta dur\u00f3 6 meses y fue la \u00fanica adjudicada en la provincia del Choapa de los siete proyectos realizados en la Regi\u00f3n de Coquimbo durante el a\u00f1o 2022. La comunidad educativa del Jard\u00edn Infantil Las Ardillitas de Huentelauqu\u00e9n Norte de la comuna de Canela, cre\u00f3 nuevos espacios para la educaci\u00f3n ambiental, mediante la construcci\u00f3n [&hellip;]<\/p>\n","protected":false},"author":1,"featured_media":7478,"comment_status":"open","ping_status":"open","sticky":false,"template":"","format":"standard","meta":{"tdm_status":"","tdm_grid_status":"","footnotes":"","_wpscppro_dont_share_socialmedia":false,"_wpscppro_custom_social_share_image":0,"_facebook_share_type":"","_twitter_share_type":"","_linkedin_share_type":"","_pinterest_share_type":"","_linkedin_share_type_page":"","_instagram_share_type":"","_medium_share_type":"","_threads_share_type":"","_google_business_share_type":"","_bluesky_share_type":"","_mastodon_share_type":"","_selected_social_profile":[],"_wpsp_enable_custom_social_template":false,"_wpsp_social_scheduling":{"enabled":false,"datetime":null,"platforms":[],"status":"template_only","dateOption":"today","timeOption":"now","customDays":"","customHours":"","customDate":"","customTime":"","schedulingType":"absolute"},"_wpsp_active_default_template":true},"categories":[],"tags":[16,8],"class_list":["post-7477","post","type-post","status-publish","format-standard","has-post-thumbnail","hentry","tag-make-money-online","tag-marketing"],"_links":{"self":[{"href":"https:\/\/www.semanariotiempo.cl\/index.php?rest_route=\/wp\/v2\/posts\/7477","targetHints":{"allow":["GET"]}}],"collection":[{"href":"https:\/\/www.semanariotiempo.cl\/index.php?rest_route=\/wp\/v2\/posts"}],"about":[{"href":"https:\/\/www.semanariotiempo.cl\/index.php?rest_route=\/wp\/v2\/types\/post"}],"author":[{"embeddable":true,"href":"https:\/\/www.semanariotiempo.cl\/index.php?rest_route=\/wp\/v2\/users\/1"}],"replies":[{"embeddable":true,"href":"https:\/\/www.semanariotiempo.cl\/index.php?rest_route=%2Fwp%2Fv2%2Fcomments&post=7477"}],"version-history":[{"count":0,"href":"https:\/\/www.semanariotiempo.cl\/index.php?rest_route=\/wp\/v2\/posts\/7477\/revisions"}],"wp:featuredmedia":[{"embeddable":true,"href":"https:\/\/www.semanariotiempo.cl\/index.php?rest_route=\/wp\/v2\/media\/7478"}],"wp:attachment":[{"href":"https:\/\/www.semanariotiempo.cl\/index.php?rest_route=%2Fwp%2Fv2%2Fmedia&parent=7477"}],"wp:term":[{"taxonomy":"category","embeddable":true,"href":"https:\/\/www.semanariotiempo.cl\/index.php?rest_route=%2Fwp%2Fv2%2Fcategories&post=7477"},{"taxonomy":"post_tag","embeddable":true,"href":"https:\/\/www.semanariotiempo.cl\/index.php?rest_route=%2Fwp%2Fv2%2Ftags&post=7477"}],"curies":[{"name":"wp","href":"https:\/\/api.w.org\/{rel}","templated":true}]}}