{"id":7474,"date":"2023-02-02T22:20:40","date_gmt":"2023-02-02T22:20:40","guid":{"rendered":"https:\/\/www.semanariotiempo.cl\/?p=7474"},"modified":"2023-02-02T22:20:41","modified_gmt":"2023-02-02T22:20:41","slug":"el-8-de-febrero-la-asociacion-cultural-mismar-comienza-su-temporada-de-conciertos-de-camara-2023","status":"publish","type":"post","link":"https:\/\/www.semanariotiempo.cl\/?p=7474","title":{"rendered":"El 8 de febrero la Asociaci\u00f3n Cultural Mismar  comienza su temporada de Conciertos de C\u00e1mara 2023"},"content":{"rendered":"\n<h4 class=\"has-vivid-red-color has-text-color wp-block-heading\"><strong>Ser\u00e1n m\u00e1s de 20 conciertos de c\u00e1mara gratuitos, adem\u00e1s de capacitaciones para formaci\u00f3n de m\u00fasicos y la oportunidad de participar en el concurso de composici\u00f3n Urrutia &#8211; Blondel.<\/strong><\/h4>\n\n\n\n<div class=\"wp-block-image\"><figure class=\"aligncenter size-large\"><img loading=\"lazy\" decoding=\"async\" width=\"1024\" height=\"575\" src=\"https:\/\/www.semanariotiempo.cl\/wp-content\/uploads\/2023\/02\/mismar-1024x575.jpg\" alt=\"\" class=\"wp-image-7475\" srcset=\"https:\/\/www.semanariotiempo.cl\/wp-content\/uploads\/2023\/02\/mismar-1024x575.jpg 1024w, https:\/\/www.semanariotiempo.cl\/wp-content\/uploads\/2023\/02\/mismar-300x169.jpg 300w, https:\/\/www.semanariotiempo.cl\/wp-content\/uploads\/2023\/02\/mismar-768x431.jpg 768w, https:\/\/www.semanariotiempo.cl\/wp-content\/uploads\/2023\/02\/mismar-696x391.jpg 696w, https:\/\/www.semanariotiempo.cl\/wp-content\/uploads\/2023\/02\/mismar-1068x600.jpg 1068w, https:\/\/www.semanariotiempo.cl\/wp-content\/uploads\/2023\/02\/mismar-748x420.jpg 748w, https:\/\/www.semanariotiempo.cl\/wp-content\/uploads\/2023\/02\/mismar.jpg 1200w\" sizes=\"auto, (max-width: 1024px) 100vw, 1024px\" \/><\/figure><\/div>\n\n\n\n<p class=\"wp-block-paragraph\">Desde el a\u00f1o 2014 la Asociaci\u00f3n Cultural Mismar, fundada en La Serena, ha trabajado en posicionar la m\u00fasica de c\u00e1mara a nivel regional y nacional, a trav\u00e9s de la participaci\u00f3n y co-gesti\u00f3n en distintas iniciativas culturales, destacando m\u00e1s de 50 conciertos ejecutados y diversos estrenos compuestos por obras chilenas, adem\u00e1s de cuatro versiones de la \u201cTemporada de C\u00e1mara del Elqui\u201d.<br>Gracias al Programa de fortalecimiento de otras instituciones colaboradoras del Ministerio de las Culturas las Artes y el Patrimonio, este a\u00f1o la Asociaci\u00f3n Cultural Mismar llevar\u00e1 a cabo su plan de gesti\u00f3n 2023, adem\u00e1s de la Temporada Mismar, el concurso de composici\u00f3n Urrutia-Blondel, conversatorios y capacitaciones mensuales.<br>Los conciertos contar\u00e1n con destacados m\u00fasicos y compositores invitados, como, \u201cD\u00fao Sereno\u201d, Victoria Vial (piano), Luis Orlandini (guitarra) y la agrupaci\u00f3n denominada Noneto Mismar (Cuarteto Austral + Quinteto de Vientos de La Serena). Cabe destacar que todos los conciertos tienen car\u00e1cter gratuito para el p\u00fablico y ser\u00e1n realizados en distintos sectores de la regi\u00f3n para favorecer el acceso a la m\u00fasica, el arte y la cultura.<br>La Temporada de Conciertos Mismar dar\u00e1 su inicio este 08 de febrero en el Centro Cultural Santa In\u00e9s a las 19:00 junto al Quinteto de Vientos de La Serena, en un concierto gratuito y abierto a la comunidad.<br>Si quieres conocer y enterarte de todas las actividades de Asociaci\u00f3n Cultural Mismar puedes seguir las redes sociales @culturamismar (Facebook e Instagram) y visitar la p\u00e1gina www.culturamismar.org<\/p>\n","protected":false},"excerpt":{"rendered":"<p>Ser\u00e1n m\u00e1s de 20 conciertos de c\u00e1mara gratuitos, adem\u00e1s de capacitaciones para formaci\u00f3n de m\u00fasicos y la oportunidad de participar en el concurso de composici\u00f3n Urrutia &#8211; Blondel. Desde el a\u00f1o 2014 la Asociaci\u00f3n Cultural Mismar, fundada en La Serena, ha trabajado en posicionar la m\u00fasica de c\u00e1mara a nivel regional y nacional, a trav\u00e9s [&hellip;]<\/p>\n","protected":false},"author":1,"featured_media":7475,"comment_status":"open","ping_status":"open","sticky":false,"template":"","format":"standard","meta":{"tdm_status":"","tdm_grid_status":"","footnotes":"","_wpscppro_dont_share_socialmedia":false,"_wpscppro_custom_social_share_image":0,"_facebook_share_type":"","_twitter_share_type":"","_linkedin_share_type":"","_pinterest_share_type":"","_linkedin_share_type_page":"","_instagram_share_type":"","_medium_share_type":"","_threads_share_type":"","_google_business_share_type":"","_bluesky_share_type":"","_mastodon_share_type":"","_selected_social_profile":[],"_wpsp_enable_custom_social_template":false,"_wpsp_social_scheduling":{"enabled":false,"datetime":null,"platforms":[],"status":"template_only","dateOption":"today","timeOption":"now","customDays":"","customHours":"","customDate":"","customTime":"","schedulingType":"absolute"},"_wpsp_active_default_template":true},"categories":[1],"tags":[8],"class_list":["post-7474","post","type-post","status-publish","format-standard","has-post-thumbnail","hentry","category-uncategorized","tag-marketing"],"_links":{"self":[{"href":"https:\/\/www.semanariotiempo.cl\/index.php?rest_route=\/wp\/v2\/posts\/7474","targetHints":{"allow":["GET"]}}],"collection":[{"href":"https:\/\/www.semanariotiempo.cl\/index.php?rest_route=\/wp\/v2\/posts"}],"about":[{"href":"https:\/\/www.semanariotiempo.cl\/index.php?rest_route=\/wp\/v2\/types\/post"}],"author":[{"embeddable":true,"href":"https:\/\/www.semanariotiempo.cl\/index.php?rest_route=\/wp\/v2\/users\/1"}],"replies":[{"embeddable":true,"href":"https:\/\/www.semanariotiempo.cl\/index.php?rest_route=%2Fwp%2Fv2%2Fcomments&post=7474"}],"version-history":[{"count":0,"href":"https:\/\/www.semanariotiempo.cl\/index.php?rest_route=\/wp\/v2\/posts\/7474\/revisions"}],"wp:featuredmedia":[{"embeddable":true,"href":"https:\/\/www.semanariotiempo.cl\/index.php?rest_route=\/wp\/v2\/media\/7475"}],"wp:attachment":[{"href":"https:\/\/www.semanariotiempo.cl\/index.php?rest_route=%2Fwp%2Fv2%2Fmedia&parent=7474"}],"wp:term":[{"taxonomy":"category","embeddable":true,"href":"https:\/\/www.semanariotiempo.cl\/index.php?rest_route=%2Fwp%2Fv2%2Fcategories&post=7474"},{"taxonomy":"post_tag","embeddable":true,"href":"https:\/\/www.semanariotiempo.cl\/index.php?rest_route=%2Fwp%2Fv2%2Ftags&post=7474"}],"curies":[{"name":"wp","href":"https:\/\/api.w.org\/{rel}","templated":true}]}}