{"id":7409,"date":"2023-01-24T21:42:41","date_gmt":"2023-01-24T21:42:41","guid":{"rendered":"https:\/\/www.semanariotiempo.cl\/?p=7409"},"modified":"2023-01-24T21:42:41","modified_gmt":"2023-01-24T21:42:41","slug":"expectativas-de-la-gente","status":"publish","type":"post","link":"https:\/\/www.semanariotiempo.cl\/?p=7409","title":{"rendered":"Expectativas de la gente"},"content":{"rendered":"\n<p class=\"wp-block-paragraph\">Est\u00e1 dentro de lo posible. Son ministros pol\u00edticos que votan bajo criterios pol\u00edticos ante un proyecto que abiertamente &#8211;en discurso p\u00fablicos masivos- el propio presidente declar\u00f3 su postura absoluta de rechazo. Por lo tanto ,era un escenario muy predecible lo del proyecto minero portuario Dominga. La historia se repite.<br>Una diferencia quiz\u00e1s es que ahora el gobierno compromete una inversi\u00f3n de 580 mil millones en ocho a\u00f1os para cuatro comunas de la provincia de Elqui, entre las cuales est\u00e1 La Higuera. Bien. Maravilloso. Perfecto.<br>El asunto est\u00e1 en la bajada de ese anuncio, que en un ejercicio matem\u00e1tico b\u00e1sico, corresponde a casi el presupuesto total de toda la regi\u00f3n durante diez a\u00f1os. Es que el n\u00famero es tan grande que posiblemente a muchos no les signifique nada porque no tienen punto de comparaci\u00f3n. S\u00f3lo tenga presente que el presupuesto anual de la comuna de La Higuera es de 4 mil millones y el de toda la regi\u00f3n en un a\u00f1o bordea los 65 mil millones.<br>En fin, se crean alt\u00edsimas expectativas en las personas, pero que esperemos que se concreten, aunque en ocho a\u00f1os lo m\u00e1s probable sea que el ministro Grau ya no est\u00e9 en su cargo y no haya nadie a quien pasarle la cuenta. Y es que promesas han existido muchas. Y aqu\u00ed estamos. A las empresas se les restringe el v\u00ednculo con las comunidades y las entrega de recursos. \u00bfY a los pol\u00edticos?<br>Por lo pronto, quiz\u00e1s, si fu\u00e9ramos consecuentes con el discurso de protecci\u00f3n ambiental y asumiendo que una de los grandes problemas es la falta de conocimiento o el desarrollo de una buena l\u00ednea base medio ambiental de la zona costera de La Higuera, un anuncio hubiera sido la disposici\u00f3n de recursos especiales para estudiar y proteger esa zona\u2026 Pero para qu\u00e9, si todav\u00eda podemos esperar un poco m\u00e1s\u2026<br>Y es como que a nadie le interesa entrar en los temas de fondo. Simplemente el slogan se sobrepone a todo. Por ejemplo, nadie dice que el proyecto minero, el rajo minero y su \u00e1rea productiva pr\u00e1cticamente no tuvo reparos t\u00e9cnicos y que casi todas las aprehensiones est\u00e1n por la instalaci\u00f3n de un puerto ubicado a 30 kil\u00f3metros al sur de Isla Damas.<br>Quiz\u00e1s debemos enterarnos c\u00f3mo lo hacen en Alemania, en Pa\u00edses N\u00f3rdicos, en la costa de California, en pa\u00edses con alt\u00edsimos est\u00e1ndares medioambientales se logra hacer convivir el desarrollo econ\u00f3mico-industrial y el cuidado al medioambiente, porque la tecnolog\u00eda existe. Pero por ahora esto es una historia sin fin que definitivamente confunde.<\/p>\n\n\n\n<p style=\"background-color:#ffe0e0\" class=\"has-background wp-block-paragraph\"><strong>V\u00edctor H. Villagr\u00e1n<\/strong><br>Editor Semanario Tiempo<\/p>\n","protected":false},"excerpt":{"rendered":"<p>Est\u00e1 dentro de lo posible. Son ministros pol\u00edticos que votan bajo criterios pol\u00edticos ante un proyecto que abiertamente &#8211;en discurso p\u00fablicos masivos- el propio presidente declar\u00f3 su postura absoluta de rechazo. Por lo tanto ,era un escenario muy predecible lo del proyecto minero portuario Dominga. La historia se repite.Una diferencia quiz\u00e1s es que ahora el [&hellip;]<\/p>\n","protected":false},"author":1,"featured_media":0,"comment_status":"open","ping_status":"open","sticky":false,"template":"","format":"standard","meta":{"tdm_status":"","tdm_grid_status":"","footnotes":"","_wpscppro_dont_share_socialmedia":false,"_wpscppro_custom_social_share_image":0,"_facebook_share_type":"","_twitter_share_type":"","_linkedin_share_type":"","_pinterest_share_type":"","_linkedin_share_type_page":"","_instagram_share_type":"","_medium_share_type":"","_threads_share_type":"","_google_business_share_type":"","_bluesky_share_type":"","_mastodon_share_type":"","_selected_social_profile":[],"_wpsp_enable_custom_social_template":false,"_wpsp_social_scheduling":{"enabled":false,"datetime":null,"platforms":[],"status":"template_only","dateOption":"today","timeOption":"now","customDays":"","customHours":"","customDate":"","customTime":"","schedulingType":"absolute"},"_wpsp_active_default_template":true},"categories":[],"tags":[25],"class_list":["post-7409","post","type-post","status-publish","format-standard","hentry","tag-wordpress-themes"],"_links":{"self":[{"href":"https:\/\/www.semanariotiempo.cl\/index.php?rest_route=\/wp\/v2\/posts\/7409","targetHints":{"allow":["GET"]}}],"collection":[{"href":"https:\/\/www.semanariotiempo.cl\/index.php?rest_route=\/wp\/v2\/posts"}],"about":[{"href":"https:\/\/www.semanariotiempo.cl\/index.php?rest_route=\/wp\/v2\/types\/post"}],"author":[{"embeddable":true,"href":"https:\/\/www.semanariotiempo.cl\/index.php?rest_route=\/wp\/v2\/users\/1"}],"replies":[{"embeddable":true,"href":"https:\/\/www.semanariotiempo.cl\/index.php?rest_route=%2Fwp%2Fv2%2Fcomments&post=7409"}],"version-history":[{"count":0,"href":"https:\/\/www.semanariotiempo.cl\/index.php?rest_route=\/wp\/v2\/posts\/7409\/revisions"}],"wp:attachment":[{"href":"https:\/\/www.semanariotiempo.cl\/index.php?rest_route=%2Fwp%2Fv2%2Fmedia&parent=7409"}],"wp:term":[{"taxonomy":"category","embeddable":true,"href":"https:\/\/www.semanariotiempo.cl\/index.php?rest_route=%2Fwp%2Fv2%2Fcategories&post=7409"},{"taxonomy":"post_tag","embeddable":true,"href":"https:\/\/www.semanariotiempo.cl\/index.php?rest_route=%2Fwp%2Fv2%2Ftags&post=7409"}],"curies":[{"name":"wp","href":"https:\/\/api.w.org\/{rel}","templated":true}]}}