{"id":554,"date":"2020-07-27T16:19:54","date_gmt":"2020-07-27T16:19:54","guid":{"rendered":"http:\/\/www.semanariotiempo.cl\/?p=554"},"modified":"2020-07-27T16:19:56","modified_gmt":"2020-07-27T16:19:56","slug":"ucn-pide-intervencion-al-instituto-de-salud-publica-por-sumario-y-cierre-del-laboratorio-biomolecular","status":"publish","type":"post","link":"https:\/\/www.semanariotiempo.cl\/?p=554","title":{"rendered":"UCN pide intervenci\u00f3n al Instituto de Salud P\u00fablica por sumario y cierre del laboratorio biomolecular"},"content":{"rendered":"\n<h3 class=\"wp-block-heading\"><span class=\"has-inline-color has-vivid-red-color\">Mientras desde la casa de estudios esperan unos resultados enviados al organismo de certificaci\u00f3n que valida la calidad del procesamiento de muestras, el decano de la Facultad de Medicina de la casas de estudios, Osvaldo Iribarren, lamenta que el recinto permanezca suspendido ante la \u201cpreocupante\u201d situaci\u00f3n de nuevos casos por coronavirus en la regi\u00f3n. \u201cLa comunidad tiene la necesidad de saber si estoy o no enfermo. Es una cuesti\u00f3n humana, epidemiol\u00f3gica, pero tambi\u00e9n una cuesti\u00f3n que tiene que ver con el dolor social\u201d, comenta.<\/span><\/h3>\n\n\n\n<p class=\"wp-block-paragraph\">\u201cUn grave riesgo para la salud de la comunidad\u201d. As\u00ed reza el sumario sanitario de la Seremi de Salud que mantiene cerrado el laboratorio biomolecular de la Facultad de Medicina de la Universidad Cat\u00f3lica del Norte (UCN), una de las primeras instalaciones en habilitarse en la regi\u00f3n de Coquimbo para la detecci\u00f3n del coronavirus, a trav\u00e9s del procesamiento de ex\u00e1menes PCR.<br>Las instalaciones que se encuentran suspendidas desde el 11 de julio est\u00e1n no solo a la espera del sumario, sino de un recurso de reposici\u00f3n que enviaron desde la casa de estudios para resarcir la decisi\u00f3n de la autoridad sanitaria. El decano de dicha esa facultad, doctor Osvaldo Iribarren, explica que fueron notificados de la medida administrativa por 16 muestras falsas positivas identificadas en una discordancia del laboratorio. Sin embargo, el criterio adoptado por la autoridad, dice el profesional, no se ajusta a la figura de \u201criesgo a la comunidad\u201d, ni a la actual crisis sanitaria provocada por el covid-19.<br>\u201cA los pacientes se les identific\u00f3 de inmediato la situaci\u00f3n de discrepancia, se procesaron las muestras que se hab\u00edan hecho ese d\u00eda (114) y se les indic\u00f3 lo que corresponde: las muestras eran negativas. Desde ese entonces, el laboratorio est\u00e1 sin funcionamiento. Presentamos un recurso administrativo de reposici\u00f3n, que significa que solicitamos que deje sin efecto la sanci\u00f3n la suspensi\u00f3n, porque consideramos que no se da la figura de un inminente riesgo a la salud de la comunidad. Ese recurso no ha sido contestado por la autoridad sanitaria, sin perjuicio que todav\u00eda se encuentra dentro del plazo para poder hacerlo\u201d, comenta.<br>Un escenario a\u00fan peor, considera el profesional, es que dicho laboratorio es el \u00fanico en la regi\u00f3n en procesar muestras de pacientes fuera de los hospitales y los consultorios, es decir usuarios de Isapres e instituciones \u201cque tambi\u00e9n tienen riesgo de enfermarse, y la necesidad de saber si est\u00e1n, o no, contagiados por el virus\u201d. \u201cAqu\u00ed hay una cuesti\u00f3n y angustia de la gente que quiere saber el informe de sus ex\u00e1menes\u201d, complementa.<br>Por ello, los encargados del recinto solicitaron que el Instituto de Salud P\u00fablica (ISP) intercediera en el cierre. \u00bfC\u00f3mo? Iribarren detalla que solicitaron al organismo superior de certificaci\u00f3n el env\u00edo de unas muestras ciegas que definen el nivel de calidad de procesamiento de un examen en particular. \u201cNosotros hicimos ese procesamiento de muestras, enviamos los resultados al ISP y con esos resultados estamos esperando la intervenci\u00f3n de ese organismo para que pueda ser liberada la sanci\u00f3n del laboratorio. Esas respuestas, probablemente, pueden estar ma\u00f1ana (hoy) o el lunes (27 de julio)\u201d, afirma.<br><\/p>\n\n\n\n<div class=\"wp-block-image\"><figure class=\"aligncenter size-large\"><img decoding=\"async\" src=\"http:\/\/www.semanariotiempo.cl\/wp-content\/uploads\/2020\/07\/dr-osvaldo.jpg\" alt=\"\" class=\"wp-image-555\"\/><\/figure><\/div>\n\n\n\n<p class=\"wp-block-paragraph\"><strong>Los otros conflictos<\/strong><br>Iribarren recuerda que cuando comenz\u00f3 la pandemia, no solo se pusieron a disposici\u00f3n de la autoridad, sino que tambi\u00e9n comenzaron a operar luego que las muestras deb\u00edan ser enviadas a otros laboratorios en las regiones Metropolitana y Santiago, incluso lograron soportar la grave situaci\u00f3n generada por las fallas en el laboratorio del hospital de Ovalle. \u201cNosotros absorbimos toda esa demanda, hicimos los esfuerzos, juntamos la cantidad de profesionales, aumentamos los implementos tecnol\u00f3gicos para poder hacerlo. O sea, creo que nosotros hemos dado muestras contundentes en el sentido que nuestra primera prioridad es contribuir a resolver esta desgracia que nos est\u00e1 afectando a todo Chile\u201d, subraya.<\/p>\n\n\n\n<p class=\"wp-block-paragraph\">Y es que el sumario sanitario de la Seremi de Salud de Coquimbo no es el \u00fanico impasse entre las instituciones de Gobierno y la Universidad Cat\u00f3lica del Norte. En abril, la intendenta de Coquimbo, Luc\u00eda Pinto, se refiri\u00f3 a las cr\u00edticas del encargado del recinto, Giuliano Bernal, quien hab\u00eda expresado su sorpresa y molestia porque pese a que la casa de estudios hab\u00eda realizado una inversi\u00f3n de casi 100 millones de pesos para tener el laboratorio implementado y operativo, el Servicio de Salud hab\u00eda decidido no enviar muestras para procesar y detectar el Covid-19. En respuesta, Pinto, asegur\u00f3 que los recintos privados que analizan muestras tienen un cobro para el Estado. El resultado fue que dichas muestras fueran enviadas en su totalidad a la red p\u00fablica, espec\u00edficamente al Hospital de Ovalle.<br>Es m\u00e1s, en ese conflicto la autoridad determin\u00f3 que como segunda opci\u00f3n estar\u00eda el recinto del Ceaza, que forman parte de la red p\u00fablica gratuita. Las instalaciones de la Universidad Cat\u00f3lica del Norte s\u00f3lo ser\u00edan utilizadas cuando estos dos centros de investigaci\u00f3n fuesen superados.<br>Al respecto, comenta Iribarren, hubo una decisi\u00f3n e instrucci\u00f3n del Ejecutivo que el laboratorio de la UCN dejara de procesar muestras provenientes de hospitales, consultorios o Centros de Salud Familiar (Cesfam), \u201ctomada desde el \u00e1mbito sobre la cual no nos corresponde discutir\u201d. \u201cNosotros proces\u00e1bamos muestras sin importar de d\u00f3nde provengan, nuestro inter\u00e9s es distinto, es contribuir a resolver esta situaci\u00f3n que nos afecta. Si hay algo que tiene que hacer una universidad, desde sus principios, es ser cuidadoso y respetuoso de la legalidad vigente\u201d, dice.<br><\/p>\n\n\n\n<p class=\"wp-block-paragraph\">En ese sentido, aboga que el laboratorio de la facultad ha logrado procesar 4.700 muestras, incluso antes de las 24 horas desde su recepci\u00f3n. Por ello, apunta a que dada la emergencia sanitaria, el criterio que deber\u00eda primar es \u201cponerse en el lugar del paciente\u201d. \u201cLa comunidad tiene la necesidad de saber si estoy o no enfermo. Es una cuesti\u00f3n humana, epidemiol\u00f3gica, pero tambi\u00e9n una cuesti\u00f3n que tiene que ver con el dolor social\u201d, lamenta.<br>Y sentencia: \u201cno tengo dudas que con la condici\u00f3n de prevenci\u00f3n bastante retrasada que tenemos en la regi\u00f3n de Coquimbo, si volvemos a funcionar en los pr\u00f3ximos d\u00edas, de nuevo vamos a estar funcionando con la misma cantidad de ex\u00e1menes y el mismo ritmo que antes. Si aqu\u00ed, la epidemia en la regi\u00f3n de Coquimbo no est\u00e1 como en la regi\u00f3n Metropolitana que est\u00e1 decayendo, aqu\u00ed todav\u00eda estamos en una situaci\u00f3n extremadamente preocupante en el n\u00famero de casos nuevos\u201d.<\/p>\n","protected":false},"excerpt":{"rendered":"<p>Mientras desde la casa de estudios esperan unos resultados enviados al organismo de certificaci\u00f3n que valida la calidad del procesamiento de muestras, el decano de la Facultad de Medicina de la casas de estudios, Osvaldo Iribarren, lamenta que el recinto permanezca suspendido ante la \u201cpreocupante\u201d situaci\u00f3n de nuevos casos por coronavirus en la regi\u00f3n. \u201cLa [&hellip;]<\/p>\n","protected":false},"author":1,"featured_media":0,"comment_status":"open","ping_status":"open","sticky":false,"template":"","format":"standard","meta":{"tdm_status":"","tdm_grid_status":"","footnotes":"","_wpscppro_dont_share_socialmedia":false,"_wpscppro_custom_social_share_image":0,"_facebook_share_type":"","_twitter_share_type":"","_linkedin_share_type":"","_pinterest_share_type":"","_linkedin_share_type_page":"","_instagram_share_type":"","_medium_share_type":"","_threads_share_type":"","_google_business_share_type":"","_bluesky_share_type":"","_mastodon_share_type":"","_selected_social_profile":[],"_wpsp_enable_custom_social_template":false,"_wpsp_social_scheduling":{"enabled":false,"datetime":null,"platforms":[],"status":"template_only","dateOption":"today","timeOption":"now","customDays":"","customHours":"","customDate":"","customTime":"","schedulingType":"absolute"},"_wpsp_active_default_template":true},"categories":[1],"tags":[16,8],"class_list":["post-554","post","type-post","status-publish","format-standard","hentry","category-uncategorized","tag-make-money-online","tag-marketing"],"_links":{"self":[{"href":"https:\/\/www.semanariotiempo.cl\/index.php?rest_route=\/wp\/v2\/posts\/554","targetHints":{"allow":["GET"]}}],"collection":[{"href":"https:\/\/www.semanariotiempo.cl\/index.php?rest_route=\/wp\/v2\/posts"}],"about":[{"href":"https:\/\/www.semanariotiempo.cl\/index.php?rest_route=\/wp\/v2\/types\/post"}],"author":[{"embeddable":true,"href":"https:\/\/www.semanariotiempo.cl\/index.php?rest_route=\/wp\/v2\/users\/1"}],"replies":[{"embeddable":true,"href":"https:\/\/www.semanariotiempo.cl\/index.php?rest_route=%2Fwp%2Fv2%2Fcomments&post=554"}],"version-history":[{"count":0,"href":"https:\/\/www.semanariotiempo.cl\/index.php?rest_route=\/wp\/v2\/posts\/554\/revisions"}],"wp:attachment":[{"href":"https:\/\/www.semanariotiempo.cl\/index.php?rest_route=%2Fwp%2Fv2%2Fmedia&parent=554"}],"wp:term":[{"taxonomy":"category","embeddable":true,"href":"https:\/\/www.semanariotiempo.cl\/index.php?rest_route=%2Fwp%2Fv2%2Fcategories&post=554"},{"taxonomy":"post_tag","embeddable":true,"href":"https:\/\/www.semanariotiempo.cl\/index.php?rest_route=%2Fwp%2Fv2%2Ftags&post=554"}],"curies":[{"name":"wp","href":"https:\/\/api.w.org\/{rel}","templated":true}]}}