{"id":20875,"date":"2026-09-04T04:01:01","date_gmt":"2026-09-04T04:01:01","guid":{"rendered":"https:\/\/www.semanariotiempo.cl\/?p=20875"},"modified":"2026-09-04T04:01:01","modified_gmt":"2026-09-04T04:01:01","slug":"prueban-compuertas-del-embalse-la-paloma-ante-proyeccion-de-alcanzar-su-capacidad-maxima","status":"publish","type":"post","link":"https:\/\/www.semanariotiempo.cl\/?p=20875","title":{"rendered":"Prueban compuertas del Embalse La Paloma ante proyecci\u00f3n de alcanzar su capacidad m\u00e1xima"},"content":{"rendered":"<p><strong>El principal tranque de la Regi\u00f3n de Coquimbo se encuentra al 42% de su volumen y se prev\u00e9 que llene sus reservas en los pr\u00f3ximos meses tras m\u00e1s de dos d\u00e9cadas.<\/strong><\/p>\n<p>MONTE PATRIA.\u2014 Autoridades regionales, directivos y t\u00e9cnicos realizaron un recorrido de inspecci\u00f3n en el Embalse La Paloma para evaluar el funcionamiento de sus compuertas. La maniobra operativa busca garantizar el correcto estado de la infraestructura ante el incremento de caudal provocado por las recientes precipitaciones y el inicio de los deshielos en la cuenca del Limar\u00ed.<br \/>\nActualmente, el embalse alcanza un 42% de su capacidad. Sin embargo, las proyecciones t\u00e9cnicas apuntan a que los aportes h\u00eddricos permitan llegar al 100% de su volumen en los pr\u00f3ximos meses, un hecho in\u00e9dito en los \u00faltimos 24 a\u00f1os que asegurar\u00e1 el suministro para el riego agr\u00edcola y el consumo en los sectores rurales de la provincia.<br \/>\n\u201cLa idea fue revisar y hacer un uso demostrativo de las compuertas para dar tranquilidad de que se encuentran en perfecto estado operativo en caso de ser requeridas\u201d, explic\u00f3 Cristian Carri\u00f3n Henr\u00edquez, presidente de la Comunidad de Agua del Sistema Paloma.<br \/>\nPor su parte, el alcalde de Monte Patria, Cristian Herrera Pe\u00f1a, valor\u00f3 el impacto productivo y tur\u00edstico de la recuperaci\u00f3n del tranque: \u201cEstas lluvias generan una buena noticia para nuestro sistema productivo. Estamos verificando que los sistemas funcionen para evacuar excedentes cuando el embalse est\u00e9 lleno. Lo m\u00e1s probable es que en verano el recinto sea adem\u00e1s una puerta de entrada tur\u00edstica para la comuna\u201d.<br \/>\nEn la actividad tambi\u00e9n particip\u00f3 la diputada Carolina Tello, quien destac\u00f3 la importancia de constatar en terreno la acumulaci\u00f3n del recurso h\u00eddrico tras la emergencia clim\u00e1tica, subrayando que la recarga de la obra permitir\u00e1 dar certeza h\u00eddrica a las comunidades rurales y agr\u00edcolas golpeadas por la sequ\u00eda en la zona.<\/p>\n","protected":false},"excerpt":{"rendered":"<p>El principal tranque de la Regi\u00f3n de Coquimbo se encuentra al 42% de su volumen y se prev\u00e9 que llene sus reservas en los pr\u00f3ximos meses tras m\u00e1s de dos d\u00e9cadas. MONTE PATRIA.\u2014 Autoridades regionales, directivos y t\u00e9cnicos realizaron un recorrido de inspecci\u00f3n en el Embalse La Paloma para evaluar el funcionamiento de sus compuertas. [&hellip;]<\/p>\n","protected":false},"author":1,"featured_media":20876,"comment_status":"open","ping_status":"open","sticky":false,"template":"","format":"standard","meta":{"tdm_status":"","tdm_grid_status":"","footnotes":"","_wpscppro_dont_share_socialmedia":false,"_wpscppro_custom_social_share_image":0,"_facebook_share_type":"","_twitter_share_type":"","_linkedin_share_type":"","_pinterest_share_type":"","_linkedin_share_type_page":"","_instagram_share_type":"","_medium_share_type":"","_threads_share_type":"","_google_business_share_type":"","_bluesky_share_type":"","_mastodon_share_type":"","_selected_social_profile":[],"_wpsp_enable_custom_social_template":false,"_wpsp_social_scheduling":{"enabled":false,"datetime":null,"platforms":[],"status":"template_only","dateOption":"today","timeOption":"now","customDays":"","customHours":"","customDate":"","customTime":"","schedulingType":"absolute"},"_wpsp_active_default_template":true},"categories":[120,118,119,122],"tags":[],"class_list":["post-20875","post","type-post","status-publish","format-standard","has-post-thumbnail","hentry","category-comunas","category-economia","category-ecregional","category-mambiente"],"_links":{"self":[{"href":"https:\/\/www.semanariotiempo.cl\/index.php?rest_route=\/wp\/v2\/posts\/20875","targetHints":{"allow":["GET"]}}],"collection":[{"href":"https:\/\/www.semanariotiempo.cl\/index.php?rest_route=\/wp\/v2\/posts"}],"about":[{"href":"https:\/\/www.semanariotiempo.cl\/index.php?rest_route=\/wp\/v2\/types\/post"}],"author":[{"embeddable":true,"href":"https:\/\/www.semanariotiempo.cl\/index.php?rest_route=\/wp\/v2\/users\/1"}],"replies":[{"embeddable":true,"href":"https:\/\/www.semanariotiempo.cl\/index.php?rest_route=%2Fwp%2Fv2%2Fcomments&post=20875"}],"version-history":[{"count":1,"href":"https:\/\/www.semanariotiempo.cl\/index.php?rest_route=\/wp\/v2\/posts\/20875\/revisions"}],"predecessor-version":[{"id":20877,"href":"https:\/\/www.semanariotiempo.cl\/index.php?rest_route=\/wp\/v2\/posts\/20875\/revisions\/20877"}],"wp:featuredmedia":[{"embeddable":true,"href":"https:\/\/www.semanariotiempo.cl\/index.php?rest_route=\/wp\/v2\/media\/20876"}],"wp:attachment":[{"href":"https:\/\/www.semanariotiempo.cl\/index.php?rest_route=%2Fwp%2Fv2%2Fmedia&parent=20875"}],"wp:term":[{"taxonomy":"category","embeddable":true,"href":"https:\/\/www.semanariotiempo.cl\/index.php?rest_route=%2Fwp%2Fv2%2Fcategories&post=20875"},{"taxonomy":"post_tag","embeddable":true,"href":"https:\/\/www.semanariotiempo.cl\/index.php?rest_route=%2Fwp%2Fv2%2Ftags&post=20875"}],"curies":[{"name":"wp","href":"https:\/\/api.w.org\/{rel}","templated":true}]}}