{"id":20872,"date":"2026-09-04T04:00:08","date_gmt":"2026-09-04T04:00:08","guid":{"rendered":"https:\/\/www.semanariotiempo.cl\/?p=20872"},"modified":"2026-09-04T04:00:08","modified_gmt":"2026-09-04T04:00:08","slug":"por-solicitud-del-mop-se-extendera-hasta-junio-de-2027-la-tramitacion-ambiental-de-desaladora-de-coquimbo","status":"publish","type":"post","link":"https:\/\/www.semanariotiempo.cl\/?p=20872","title":{"rendered":"Por solicitud del MOP se extender\u00e1 hasta junio de 2027 la tramitaci\u00f3n ambiental de desaladora de Coquimbo"},"content":{"rendered":"<p><strong>Hasta el 27 de junio del 2027 se alarg\u00f3 el periodo para efectuar an\u00e1lisis adicionales a la obra clave para asegurar el suministro de agua a La Serena y Coquimbo. La pausa viene de febrero de este a\u00f1o. Entre las materias que deber\u00e1n ser revisadas se encuentran los estudios arqueol\u00f3gicos, ecosistemas marinos, toxicidad, impactos sobre la pesca artesanal, flora, vegetaci\u00f3n, medio humano y antecedentes relacionados con pueblos ind\u00edgenas.<\/strong><\/p>\n<p>La evaluaci\u00f3n ambiental de la Desaladora de Coquimbo, iniciativa por US$318 millones, continuar\u00e1 suspendida hasta el 30 de junio de 2027, luego que el director Regional del Servicio de Evaluaci\u00f3n Ambiental (SEA), Erwin Gajardo, autorizara una nueva extensi\u00f3n solicitada por el Ministerio de Obras P\u00fablicas (MOP). La petici\u00f3n de la cartera p\u00fablica fue presentada este lunes 31 de agosto por la Direcci\u00f3n General de Concesiones, titular del proyecto, que argument\u00f3 que el plazo disponible no era suficiente para responder las observaciones contenidas en el ICSARA Complementario.<\/p>\n<p>De esta forma, el proyecto clave para asegurar el suministro de agua a La Serena y Coquimbo cumplir\u00e1 16 meses en pausa. Esto luego que el mismo Gajardo accediera -en febrero de este a\u00f1o- a una suspensi\u00f3n pedida por el MOP para detener el proceso.<br \/>\nDe acuerdo con el Ministerio de Obras P\u00fablicas, se requiere realizar ajustes de ingenier\u00eda, actualizar estudios ambientales, desarrollar nuevas campa\u00f1as de terreno y efectuar nuevas modelaciones, adem\u00e1s de integrar antecedentes t\u00e9cnicos antes de presentar una respuesta completa al proceso de evaluaci\u00f3n.<br \/>\nEntre las materias que deber\u00e1n ser revisadas se encuentran los estudios arqueol\u00f3gicos, ecosistemas marinos, toxicidad, impactos sobre la pesca artesanal, flora, vegetaci\u00f3n, medio humano y antecedentes relacionados con pueblos ind\u00edgenas. Tambi\u00e9n se deber\u00e1n actualizar los estudios de ruido, vibraciones y ruido submarino, incluyendo una campa\u00f1a espec\u00edfica que requiere autorizaci\u00f3n del SHOA.<\/p>\n<p><strong>EL PROYECTO<\/strong><br \/>\nEl proyecto de desaladora ingres\u00f3 su Estudio de Impacto Ambiental en octubre de 2024 y actualmente cuenta con una concesi\u00f3n adjudicada a la empresa Sacyr. La nueva extensi\u00f3n, por tanto, no corresponde a un rechazo del proyecto, sino a una ampliaci\u00f3n del tiempo disponible para completar su evaluaci\u00f3n ambiental.<br \/>\nEn cuanto a sus aspectos t\u00e9cnicos, la iniciativa considera la construcci\u00f3n y operaci\u00f3n de una planta desaladora de agua de mar y sus obras complementarias, a emplazarse en la comuna de Coquimbo, espec\u00edficamente en el sector El Panul. Su objetivo es abastecer de agua multiprop\u00f3sito a la poblaci\u00f3n de las comunas de Coquimbo y La Serena. El Proyecto contempla una superficie total de 22,5 hect\u00e1reas, considerando obras permanentes y temporales.<br \/>\nLa planta desaladora ser\u00e1 implementada en tres subfases: una primera subfase con una producci\u00f3n de agua multiprop\u00f3sito de 800 l\/s; una segunda subfase que ampliar\u00e1 su capacidad a 1.000 l\/s; y una \u00faltima subfase donde alcanzar\u00e1 su capacidad final de 1.200 l\/s. Cabe indicar que las actividades de construcci\u00f3n para la habilitaci\u00f3n de la planta desaladora se realizar\u00e1n durante el desarrollo de la Subfase 1, as\u00ed, las Subfases 2 y 3 solo contemplan el montaje e instalaci\u00f3n de equipos para el aumento de la capacidad de producci\u00f3n de la planta desaladora.<br \/>\nEl proceso productivo iniciar\u00e1 con la captaci\u00f3n del agua de mar a trav\u00e9s de la torre de captaci\u00f3n, la cual ser\u00e1 impulsada y conducida desde la sentina, que estar\u00e1 ubicada en la localidad El Panul, al costado poniente de la Ruta 5 Norte, hacia la planta desaladora, que estar\u00e1 emplazada en la misma localidad.<\/p>\n<p>La conducci\u00f3n del agua de mar se realizar\u00e1 mediante una tuber\u00eda de aproximadamente 1,8 kil\u00f3metros, que unir\u00e1 ambas obras. En la planta desaladora, el agua de mar captada se someter\u00e1 a un pretratamiento mediante sistema de ultrafiltraci\u00f3n y luego se derivar\u00e1 al sistema de osmosis inversa, donde se realizar\u00e1 la desalaci\u00f3n propiamente tal. Posteriormente, el agua desalada ser\u00e1 sometida a un postratamiento, consistente en la remineralizaci\u00f3n y potabilizaci\u00f3n del agua.<br \/>\nEn tanto, la salmuera generada en el proceso de desalaci\u00f3n, junto con los efluentes de los sistemas de limpieza de los procesos de ultrafiltraci\u00f3n y osmosis inversa, previamente neutralizados, ser\u00e1n descargados al mar mediante emisario submarino.<\/p>\n","protected":false},"excerpt":{"rendered":"<p>Hasta el 27 de junio del 2027 se alarg\u00f3 el periodo para efectuar an\u00e1lisis adicionales a la obra clave para asegurar el suministro de agua a La Serena y Coquimbo. La pausa viene de febrero de este a\u00f1o. Entre las materias que deber\u00e1n ser revisadas se encuentran los estudios arqueol\u00f3gicos, ecosistemas marinos, toxicidad, impactos sobre [&hellip;]<\/p>\n","protected":false},"author":1,"featured_media":20873,"comment_status":"open","ping_status":"open","sticky":false,"template":"","format":"standard","meta":{"tdm_status":"","tdm_grid_status":"","footnotes":"","_wpscppro_dont_share_socialmedia":false,"_wpscppro_custom_social_share_image":0,"_facebook_share_type":"","_twitter_share_type":"","_linkedin_share_type":"","_pinterest_share_type":"","_linkedin_share_type_page":"","_instagram_share_type":"","_medium_share_type":"","_threads_share_type":"","_google_business_share_type":"","_bluesky_share_type":"","_mastodon_share_type":"","_selected_social_profile":[],"_wpsp_enable_custom_social_template":false,"_wpsp_social_scheduling":{"enabled":false,"datetime":null,"platforms":[],"status":"template_only","dateOption":"today","timeOption":"now","customDays":"","customHours":"","customDate":"","customTime":"","schedulingType":"absolute"},"_wpsp_active_default_template":true},"categories":[120,118,119,138],"tags":[],"class_list":["post-20872","post","type-post","status-publish","format-standard","has-post-thumbnail","hentry","category-comunas","category-economia","category-ecregional","category-construccion"],"_links":{"self":[{"href":"https:\/\/www.semanariotiempo.cl\/index.php?rest_route=\/wp\/v2\/posts\/20872","targetHints":{"allow":["GET"]}}],"collection":[{"href":"https:\/\/www.semanariotiempo.cl\/index.php?rest_route=\/wp\/v2\/posts"}],"about":[{"href":"https:\/\/www.semanariotiempo.cl\/index.php?rest_route=\/wp\/v2\/types\/post"}],"author":[{"embeddable":true,"href":"https:\/\/www.semanariotiempo.cl\/index.php?rest_route=\/wp\/v2\/users\/1"}],"replies":[{"embeddable":true,"href":"https:\/\/www.semanariotiempo.cl\/index.php?rest_route=%2Fwp%2Fv2%2Fcomments&post=20872"}],"version-history":[{"count":1,"href":"https:\/\/www.semanariotiempo.cl\/index.php?rest_route=\/wp\/v2\/posts\/20872\/revisions"}],"predecessor-version":[{"id":20874,"href":"https:\/\/www.semanariotiempo.cl\/index.php?rest_route=\/wp\/v2\/posts\/20872\/revisions\/20874"}],"wp:featuredmedia":[{"embeddable":true,"href":"https:\/\/www.semanariotiempo.cl\/index.php?rest_route=\/wp\/v2\/media\/20873"}],"wp:attachment":[{"href":"https:\/\/www.semanariotiempo.cl\/index.php?rest_route=%2Fwp%2Fv2%2Fmedia&parent=20872"}],"wp:term":[{"taxonomy":"category","embeddable":true,"href":"https:\/\/www.semanariotiempo.cl\/index.php?rest_route=%2Fwp%2Fv2%2Fcategories&post=20872"},{"taxonomy":"post_tag","embeddable":true,"href":"https:\/\/www.semanariotiempo.cl\/index.php?rest_route=%2Fwp%2Fv2%2Ftags&post=20872"}],"curies":[{"name":"wp","href":"https:\/\/api.w.org\/{rel}","templated":true}]}}