{"id":20865,"date":"2026-09-04T03:55:53","date_gmt":"2026-09-04T03:55:53","guid":{"rendered":"https:\/\/www.semanariotiempo.cl\/?p=20865"},"modified":"2026-09-04T03:55:53","modified_gmt":"2026-09-04T03:55:53","slug":"esperan-crear-2-200-puestos-de-trabajo-este-ano","status":"publish","type":"post","link":"https:\/\/www.semanariotiempo.cl\/?p=20865","title":{"rendered":"Esperan crear 2.200 puestos de trabajo este a\u00f1o"},"content":{"rendered":"<p><strong>Con un desempleo regional del 9,5%, la instancia liderada por la Delegaci\u00f3n Presidencial articula a sectores p\u00fablicos y privados para acelerar obras e inversiones antes de fin de a\u00f1o.<\/strong><\/p>\n<p>La Regi\u00f3n de Coquimbo activ\u00f3 la Mesa Regional Por el Empleo con el desaf\u00edo de generar 2.200 nuevos puestos de trabajo formales a diciembre. La iniciativa, que se enmarca en el Plan Nacional de Empleo 2026 orientado a crear 50 mil empleos a nivel pa\u00eds, busca hacer frente a la desocupaci\u00f3n regional, que actualmente alcanza un 9,5%.<br \/>\nLiderada por el delegado presidencial regional, V\u00edctor Pino, la instancia articul\u00f3 a ministerios como Trabajo, Econom\u00eda y Mujer, junto a SUBDERE y servicios productivos. La estrategia priorizar\u00e1 sectores clave de la econom\u00eda local, entre ellos agricultura, pesca, turismo, construcci\u00f3n y miner\u00eda.<br \/>\n\u201cNos preocupa el indicador de desempleo. Por ello, activamos esta mesa que busca sumar a autoridades, comunas, gremios y empresas para que las familias de la regi\u00f3n est\u00e9n mejor\u201d, destac\u00f3 el delegado V\u00edctor Pino.<br \/>\nDesde el \u00e1mbito presupuestario, Leonardo Alfaro, jefe regional de SUBDERE, detall\u00f3 que la instituci\u00f3n dispone de m\u00e1s de $10 mil millones transferidos a municipios mediante programas de mejoramiento urbano y de barrios. \u201cLa meta son 2.200 empleos en cuatro meses. Queremos agilizar licitaciones e incorporar fuertemente al sector privado\u201d, se\u00f1al\u00f3.<br \/>\nPor su parte, el seremi de Econom\u00eda, Mart\u00edn Argaluza, afirm\u00f3 que, pese a los efectos de recientes temporales, la meta es alcanzable gracias a carteras de inversi\u00f3n del MOP, Sercotec, Corfo, la miner\u00eda y el agro.<br \/>\nEn materia laboral, la seremi del Trabajo, Andrea Barrera, resalt\u00f3 la activaci\u00f3n del subsidio a la contrataci\u00f3n formal, que dispone de 1.117 cupos para la zona. \u201cBuscamos agilizar los proyectos en carpeta para generar empleo en el corto plazo y vincular la oferta laboral con capacitaci\u00f3n e intermediaci\u00f3n\u201d, concluy\u00f3.<\/p>\n","protected":false},"excerpt":{"rendered":"<p>Con un desempleo regional del 9,5%, la instancia liderada por la Delegaci\u00f3n Presidencial articula a sectores p\u00fablicos y privados para acelerar obras e inversiones antes de fin de a\u00f1o. La Regi\u00f3n de Coquimbo activ\u00f3 la Mesa Regional Por el Empleo con el desaf\u00edo de generar 2.200 nuevos puestos de trabajo formales a diciembre. La iniciativa, [&hellip;]<\/p>\n","protected":false},"author":1,"featured_media":20866,"comment_status":"open","ping_status":"open","sticky":false,"template":"","format":"standard","meta":{"tdm_status":"","tdm_grid_status":"","footnotes":"","_wpscppro_dont_share_socialmedia":false,"_wpscppro_custom_social_share_image":0,"_facebook_share_type":"","_twitter_share_type":"","_linkedin_share_type":"","_pinterest_share_type":"","_linkedin_share_type_page":"","_instagram_share_type":"","_medium_share_type":"","_threads_share_type":"","_google_business_share_type":"","_bluesky_share_type":"","_mastodon_share_type":"","_selected_social_profile":[],"_wpsp_enable_custom_social_template":false,"_wpsp_social_scheduling":{"enabled":false,"datetime":null,"platforms":[],"status":"template_only","dateOption":"today","timeOption":"now","customDays":"","customHours":"","customDate":"","customTime":"","schedulingType":"absolute"},"_wpsp_active_default_template":true},"categories":[118,119],"tags":[],"class_list":["post-20865","post","type-post","status-publish","format-standard","has-post-thumbnail","hentry","category-economia","category-ecregional"],"_links":{"self":[{"href":"https:\/\/www.semanariotiempo.cl\/index.php?rest_route=\/wp\/v2\/posts\/20865","targetHints":{"allow":["GET"]}}],"collection":[{"href":"https:\/\/www.semanariotiempo.cl\/index.php?rest_route=\/wp\/v2\/posts"}],"about":[{"href":"https:\/\/www.semanariotiempo.cl\/index.php?rest_route=\/wp\/v2\/types\/post"}],"author":[{"embeddable":true,"href":"https:\/\/www.semanariotiempo.cl\/index.php?rest_route=\/wp\/v2\/users\/1"}],"replies":[{"embeddable":true,"href":"https:\/\/www.semanariotiempo.cl\/index.php?rest_route=%2Fwp%2Fv2%2Fcomments&post=20865"}],"version-history":[{"count":1,"href":"https:\/\/www.semanariotiempo.cl\/index.php?rest_route=\/wp\/v2\/posts\/20865\/revisions"}],"predecessor-version":[{"id":20867,"href":"https:\/\/www.semanariotiempo.cl\/index.php?rest_route=\/wp\/v2\/posts\/20865\/revisions\/20867"}],"wp:featuredmedia":[{"embeddable":true,"href":"https:\/\/www.semanariotiempo.cl\/index.php?rest_route=\/wp\/v2\/media\/20866"}],"wp:attachment":[{"href":"https:\/\/www.semanariotiempo.cl\/index.php?rest_route=%2Fwp%2Fv2%2Fmedia&parent=20865"}],"wp:term":[{"taxonomy":"category","embeddable":true,"href":"https:\/\/www.semanariotiempo.cl\/index.php?rest_route=%2Fwp%2Fv2%2Fcategories&post=20865"},{"taxonomy":"post_tag","embeddable":true,"href":"https:\/\/www.semanariotiempo.cl\/index.php?rest_route=%2Fwp%2Fv2%2Ftags&post=20865"}],"curies":[{"name":"wp","href":"https:\/\/api.w.org\/{rel}","templated":true}]}}