{"id":20862,"date":"2026-09-04T03:55:15","date_gmt":"2026-09-04T03:55:15","guid":{"rendered":"https:\/\/www.semanariotiempo.cl\/?p=20862"},"modified":"2026-09-04T04:02:57","modified_gmt":"2026-09-04T04:02:57","slug":"estudio-de-prefactibilidad-sentara-las-bases-del-futuro-parque-cientifico-tecnologico-regional","status":"publish","type":"post","link":"https:\/\/www.semanariotiempo.cl\/?p=20862","title":{"rendered":"Estudio de prefactibilidad sentar\u00e1 las bases del futuro Parque Cient\u00edfico-Tecnol\u00f3gico Regional"},"content":{"rendered":"<p><strong>Uno de los principales fines del proyecto es crear las condiciones y apoyar el surgimiento de m\u00e1s empresas de base cient\u00edfico-tecnol\u00f3gica en la regi\u00f3n de Coquimbo. El estudio evaluar\u00e1 las posibles ubicaciones del Parque, as\u00ed como los modelos de gesti\u00f3n y financiamiento m\u00e1s adecuados.<\/strong><\/p>\n<p>Por: Basti\u00e1n \u00c1lvarez Pardo<\/p>\n<p>Fomentar la creaci\u00f3n y desarrollo de m\u00e1s empresas y emprendimientos con base cient\u00edfico-tecnol\u00f3gica en la Regi\u00f3n de Coquimbo y as\u00ed, potenciar el empleo y el crecimiento econ\u00f3mico, son parte de los principales objetivos del proyecto para la instalaci\u00f3n de un Parque Cient\u00edfico-Tecnol\u00f3gico Regional.<br \/>\nLa iniciativa fue lanzada este jueves por el Gobierno Regional, que financia un estudio de prefactibilidad, ejecutado por la Universidad Cat\u00f3lica del Norte (UCN) y que pasa por su fase de diagn\u00f3stico.<br \/>\nLos parques cient\u00edfico-tecnol\u00f3gicos articulan capacidades regionales, a trav\u00e9s de la interacci\u00f3n entre los generadores de conocimiento (como universidades y centros de investigaci\u00f3n), las empresas, el Estado y la sociedad, mediante la transferencia de conocimiento, la capacitaci\u00f3n de capital humano y la facilitaci\u00f3n de emprendimientos de base cient\u00edfico- tecnol\u00f3gica surgidos en el territorio.<\/p>\n<p><strong>Esfuerzos encadenados y coordinados<\/strong><br \/>\nEste a\u00f1o 2026 se desarrollan las tres primeras etapas del estudio de prefactibilidad. La fase de Preparaci\u00f3n se ejecut\u00f3 en julio, estableciendo la metodolog\u00eda de trabajo, un cronograma y la revisi\u00f3n documental.<br \/>\nEntre agosto y octubre se desarrolla la fase de Diagn\u00f3stico de la realidad regional en ciencias, tecnolog\u00edas e innovaci\u00f3n, en base al di\u00e1logo con actores y al trabajo territorial; mientras que entre octubre y diciembre, tendr\u00e1 lugar una tercera etapa en la que, en base a la informaci\u00f3n recogida, se desarrollar\u00e1 un plan de acci\u00f3n, sus lineamientos y objetivos.<br \/>\nPara 2027, en tanto, entre enero y abril se desarrollar\u00e1 el modelo de gesti\u00f3n y su herramienta de seguimiento; mientras que, entre abril y mayo, se presentar\u00e1 el proyecto al CORE y se incorporar\u00e1n las observaciones de los consejeros. Y, entre mayo y junio, se elaborar\u00e1 el documento final que contendr\u00e1 la propuesta definitiva para el Parque Cient\u00edfico-Tecnol\u00f3gico Regional.<\/p>\n<p><strong>Fomentar el empleo, el emprendimiento y las ciencias<\/strong><br \/>\nEl proyecto del Parque busca el desarrollo y fortalecimiento de las empresas con base cient\u00edfico-tecnol\u00f3gica de la Regi\u00f3n de Coquimbo, fortalecer sus capacidades y convertirlas en negocios m\u00e1s rentables.<br \/>\nCrist\u00f3bal Juli\u00e1, gobernador regional de Coquimbo, destac\u00f3 que \u201ctenemos que dar un paso adelante, para transformar toda la ciencia b\u00e1sica en la que hemos trabajado por a\u00f1os y transformarla en desarrollo tecnol\u00f3gico. El Parque permitir\u00e1 tener un enlace entre las ciencias y los emprendimientos locales de base cient\u00edfico-tecnol\u00f3gica, para que se desarrollen y transformen en emprendimientos rentables\u201d.<\/p>\n<p>Marcelo Sep\u00falveda, vicerrector de la Sede Coquimbo de la Universidad Cat\u00f3lica del Norte, refuerza este punto, al se\u00f1alar que \u201cun Parque Cient\u00edfico-Tecnol\u00f3gico busca articular todas aquellas instancias que colaboran para el desarrollo territorial. Es as\u00ed como la academia, el mundo p\u00fablico y el mundo privado pueden favorecer el desarrollo econ\u00f3mico, aplicando y transfiriendo el conocimiento que se desarrolla en las casas de estudio. Este Parque busca potenciar el desarrollo de MiPymes regionales, de manera que tengan capacidad de escalamiento\u201d.<br \/>\nLa iniciativa se encuentra en una fase inicial, va en su segundo mes de ejecuci\u00f3n y, como explica Rodrigo Sfeir, director alterno del proyecto y acad\u00e9mico de la Universidad Cat\u00f3lica del Norte, \u201chicimos todo lo relacionado con las definiciones metodol\u00f3gicas y el levantamiento de informaci\u00f3n primaria, para sentar las bases e identificar las brechas de informaci\u00f3n existentes\u201d.<\/p>\n<p><strong>Principales brechas<\/strong><br \/>\nEntre estas brechas se encuentra la escasa evidencia respecto de empresas que est\u00e9n dispuestas a pagar por servicios cient\u00edficos, as\u00ed como los principales problemas que se pueden resolver a trav\u00e9s de dicha investigaci\u00f3n; adem\u00e1s de la necesidad de desarrollar un catastro de capacidades e infraestructura cient\u00edfica regional, que considere actualizar el listado de laboratorios, equipamiento, capacidad ociosa y servicios disponibles.<br \/>\nEl lanzamiento del Estudio de Prefactibilidad para la Instalaci\u00f3n de un Parque Cient\u00edfico-Tecnol\u00f3gico en la regi\u00f3n fue realizado en las instalaciones del Observatorio Aura en La Serena y del centro de datos de NOIRLab, instituciones que resultan un ejemplo de desarrollo cient\u00edfico-tecnol\u00f3gico en la regi\u00f3n de Coquimbo, as\u00ed como de desarrollo de capital humano preparado para generar investigaci\u00f3n y conocimiento en el territorio.<\/p>\n","protected":false},"excerpt":{"rendered":"<p>Uno de los principales fines del proyecto es crear las condiciones y apoyar el surgimiento de m\u00e1s empresas de base cient\u00edfico-tecnol\u00f3gica en la regi\u00f3n de Coquimbo. El estudio evaluar\u00e1 las posibles ubicaciones del Parque, as\u00ed como los modelos de gesti\u00f3n y financiamiento m\u00e1s adecuados. Por: Basti\u00e1n \u00c1lvarez Pardo Fomentar la creaci\u00f3n y desarrollo de m\u00e1s [&hellip;]<\/p>\n","protected":false},"author":1,"featured_media":20863,"comment_status":"open","ping_status":"open","sticky":false,"template":"","format":"standard","meta":{"tdm_status":"","tdm_grid_status":"","footnotes":"","_wpscppro_dont_share_socialmedia":false,"_wpscppro_custom_social_share_image":0,"_facebook_share_type":"","_twitter_share_type":"","_linkedin_share_type":"","_pinterest_share_type":"","_linkedin_share_type_page":"","_instagram_share_type":"","_medium_share_type":"","_threads_share_type":"","_google_business_share_type":"","_bluesky_share_type":"","_mastodon_share_type":"","_selected_social_profile":[],"_wpsp_enable_custom_social_template":false,"_wpsp_social_scheduling":{"enabled":false,"datetime":null,"platforms":[],"status":"template_only","dateOption":"today","timeOption":"now","customDays":"","customHours":"","customDate":"","customTime":"","schedulingType":"absolute"},"_wpsp_active_default_template":true},"categories":[120,118,119,125],"tags":[],"class_list":["post-20862","post","type-post","status-publish","format-standard","has-post-thumbnail","hentry","category-comunas","category-economia","category-ecregional","category-educacion"],"_links":{"self":[{"href":"https:\/\/www.semanariotiempo.cl\/index.php?rest_route=\/wp\/v2\/posts\/20862","targetHints":{"allow":["GET"]}}],"collection":[{"href":"https:\/\/www.semanariotiempo.cl\/index.php?rest_route=\/wp\/v2\/posts"}],"about":[{"href":"https:\/\/www.semanariotiempo.cl\/index.php?rest_route=\/wp\/v2\/types\/post"}],"author":[{"embeddable":true,"href":"https:\/\/www.semanariotiempo.cl\/index.php?rest_route=\/wp\/v2\/users\/1"}],"replies":[{"embeddable":true,"href":"https:\/\/www.semanariotiempo.cl\/index.php?rest_route=%2Fwp%2Fv2%2Fcomments&post=20862"}],"version-history":[{"count":2,"href":"https:\/\/www.semanariotiempo.cl\/index.php?rest_route=\/wp\/v2\/posts\/20862\/revisions"}],"predecessor-version":[{"id":20879,"href":"https:\/\/www.semanariotiempo.cl\/index.php?rest_route=\/wp\/v2\/posts\/20862\/revisions\/20879"}],"wp:featuredmedia":[{"embeddable":true,"href":"https:\/\/www.semanariotiempo.cl\/index.php?rest_route=\/wp\/v2\/media\/20863"}],"wp:attachment":[{"href":"https:\/\/www.semanariotiempo.cl\/index.php?rest_route=%2Fwp%2Fv2%2Fmedia&parent=20862"}],"wp:term":[{"taxonomy":"category","embeddable":true,"href":"https:\/\/www.semanariotiempo.cl\/index.php?rest_route=%2Fwp%2Fv2%2Fcategories&post=20862"},{"taxonomy":"post_tag","embeddable":true,"href":"https:\/\/www.semanariotiempo.cl\/index.php?rest_route=%2Fwp%2Fv2%2Ftags&post=20862"}],"curies":[{"name":"wp","href":"https:\/\/api.w.org\/{rel}","templated":true}]}}