{"id":20859,"date":"2026-09-04T03:54:08","date_gmt":"2026-09-04T03:54:08","guid":{"rendered":"https:\/\/www.semanariotiempo.cl\/?p=20859"},"modified":"2026-09-04T03:54:08","modified_gmt":"2026-09-04T03:54:08","slug":"enami-presenta-prospectos-nisniles-una-oportunidad-de-inversion-y-exploracion-minera-en-la-region-de-coquimbo","status":"publish","type":"post","link":"https:\/\/www.semanariotiempo.cl\/?p=20859","title":{"rendered":"Enami presenta \u201cProspectos \u00d1is\u00f1iles\u201d, una oportunidad de inversi\u00f3n y exploraci\u00f3n minera en la regi\u00f3n de Coquimbo"},"content":{"rendered":"<p><strong>Firma estatal acompa\u00f1\u00f3 la iniciativa local dentro de un portafolio de tres exploraciones para alianzas de inversi\u00f3n, con foco en la\u202finternacionalizaci\u00f3n. S<\/strong><strong>e trata de un manto de cobre y oro emplazado en la Falle Romeral (Ovalle), donde la empresa hizo una campa\u00f1a de sondaje que lleg\u00f3 a m\u00e1s menos 650 metros, y que permiti\u00f3 reconocer un importante potencial de mineralizaci\u00f3n.<\/strong><\/p>\n<p>La Empresa Nacional de Miner\u00eda (Enami) tuvo un rol protag\u00f3nico en la Feria de Exploraciones y Minas, Fexmin 2026, que es organizada por el Colegio de Ge\u00f3logos de Chile, y que re\u00fane a compa\u00f1\u00edas exploradoras, inversionistas y actores clave del ecosistema minero nacional.<br \/>\nEste evento promueve oportunidades de negocio y fortalecer el desarrollo de proyectos en sus etapas iniciales, con foco en la\u202finternacionalizaci\u00f3n de los proyectos de exploraci\u00f3n.<br \/>\n\u201cEs una feria de alt\u00edsimo inter\u00e9s para todos, y en el caso de Enami es una excelente vitrina para mostrar lo que estamos haciendo y para que los inversionistas conozcan y aprovechen las oportunidades de negocio que tenemos\u201d, destac\u00f3 el vicepresidente ejecutivo de la compa\u00f1\u00eda, Juan Carlos S\u00e1ez.<br \/>\nLa firma estatal recibi\u00f3 a los asistentes en los stands 78 y 79, donde los equipos de las gerencias de Fomento y de Desarrollo empresariales dan a conocer el portafolio de prospectos disponibles para alianzas e inversi\u00f3n.<br \/>\nCerro \u00d1is\u00f1iles<br \/>\nEn primer lugar, Cristopher L\u00f3pez, ge\u00f3logo de Fomento Minero de Enami, con 13 a\u00f1os de experiencia especializada en peque\u00f1a y mediana miner\u00eda, mostr\u00f3 los avances de \u201cProspectos \u00d1is\u00f1iles\u201d, un proyecto de exploraci\u00f3n temprana para la peque\u00f1a miner\u00eda ubicado en la Regi\u00f3n de Coquimbo.<br \/>\nSe trata de un manto Cu-Fe-Au de orientaci\u00f3n N15\u00b0W\/60\u00b0E, situado en una secuencia carbonatada marina. En la zona de la Falla Romeral (Ovalle) se hizo una campa\u00f1a de sondaje que lleg\u00f3 a m\u00e1s menos 650 metros.<br \/>\n\u201cLa presentaci\u00f3n abord\u00f3 los resultados del proyecto, orientado a identificar y evaluar nuevas oportunidades mediante la integraci\u00f3n de geolog\u00eda, geof\u00edsica y sondajes -comenta. El trabajo desarrollado permiti\u00f3 reconocer un importante potencial de mineralizaci\u00f3n de cobre y oro, y los resultados a la fecha muestran que la mineralizaci\u00f3n no se restringe a los sectores hist\u00f3ricamente explotados, sino que presenta continuidad y un potencial de exploraci\u00f3n significativamente mayor\u201d, coment\u00f3.<br \/>\n\u201c\u00d1is\u00f1iles constituye un ejemplo de c\u00f3mo la exploraci\u00f3n sistem\u00e1tica y la incorporaci\u00f3n de nuevas herramientas pueden generar valor y abrir nuevas oportunidades de desarrollo para la peque\u00f1a y mediana miner\u00eda\u201d, agreg\u00f3 el profesional, quien recalc\u00f3 que \u201clos sondajes validaron la estrategia de reinterpretar geolog\u00eda y complementar con geof\u00edsica\u201d.<\/p>\n<p>Otras exploraciones<br \/>\nEn tanto, Mauricio Navarrete, ge\u00f3logo senior con 20 a\u00f1os de experiencia en exploraciones mineras, present\u00f3 el caso \u00abExploraci\u00f3n y Valorizaci\u00f3n de la Propiedad Minera Cerro Negro y Alrededores\u00bb. Corresponde a concesiones mineras de propiedad de la estatal, que se emplazan en la Cordillera de la Costa entre Taltal y Copiap\u00f3.<br \/>\nCerro Negro se ubica en la Regi\u00f3n de Atacama. En explotaci\u00f3n por peque\u00f1os mineros (15.000-20.000 t\/mes), siendo el principal proveedor de mineral para la planta Osvaldo Mart\u00ednez Carvajal (\u00f3xidos), y en menor medida de la planta Matta (sulfuros).<br \/>\nMientras que Francisco Encina, ge\u00f3logo con 10 a\u00f1os de experiencia en proyectos de exploraci\u00f3n minera, abord\u00f3 el \u00abProyecto Pastenes y sus nuevos potenciales exploratorios\u201d. \u201cPastenes es una oportunidad de desarrollo y exploraci\u00f3n minera en la Regi\u00f3n de Atacama. A partir de 127 sondajes y m\u00e1s de 21.000 metros de perforaci\u00f3n, los antecedentes t\u00e9cnicos permiten estimar, a nivel conceptual, 3,7 millones de toneladas de recursos geol\u00f3gicos con una ley media de 1,38% de cobre total, considerando una ley de corte de 0,6%\u201d, detall\u00f3.<\/p>\n<p>&nbsp;<\/p>\n","protected":false},"excerpt":{"rendered":"<p>Firma estatal acompa\u00f1\u00f3 la iniciativa local dentro de un portafolio de tres exploraciones para alianzas de inversi\u00f3n, con foco en la\u202finternacionalizaci\u00f3n. Se trata de un manto de cobre y oro emplazado en la Falle Romeral (Ovalle), donde la empresa hizo una campa\u00f1a de sondaje que lleg\u00f3 a m\u00e1s menos 650 metros, y que permiti\u00f3 reconocer [&hellip;]<\/p>\n","protected":false},"author":1,"featured_media":20860,"comment_status":"open","ping_status":"open","sticky":false,"template":"","format":"standard","meta":{"tdm_status":"","tdm_grid_status":"","footnotes":"","_wpscppro_dont_share_socialmedia":false,"_wpscppro_custom_social_share_image":0,"_facebook_share_type":"","_twitter_share_type":"","_linkedin_share_type":"","_pinterest_share_type":"","_linkedin_share_type_page":"","_instagram_share_type":"","_medium_share_type":"","_threads_share_type":"","_google_business_share_type":"","_bluesky_share_type":"","_mastodon_share_type":"","_selected_social_profile":[],"_wpsp_enable_custom_social_template":false,"_wpsp_social_scheduling":{"enabled":false,"datetime":null,"platforms":[],"status":"template_only","dateOption":"today","timeOption":"now","customDays":"","customHours":"","customDate":"","customTime":"","schedulingType":"absolute"},"_wpsp_active_default_template":true},"categories":[118,119,137],"tags":[],"class_list":["post-20859","post","type-post","status-publish","format-standard","has-post-thumbnail","hentry","category-economia","category-ecregional","category-minergia"],"_links":{"self":[{"href":"https:\/\/www.semanariotiempo.cl\/index.php?rest_route=\/wp\/v2\/posts\/20859","targetHints":{"allow":["GET"]}}],"collection":[{"href":"https:\/\/www.semanariotiempo.cl\/index.php?rest_route=\/wp\/v2\/posts"}],"about":[{"href":"https:\/\/www.semanariotiempo.cl\/index.php?rest_route=\/wp\/v2\/types\/post"}],"author":[{"embeddable":true,"href":"https:\/\/www.semanariotiempo.cl\/index.php?rest_route=\/wp\/v2\/users\/1"}],"replies":[{"embeddable":true,"href":"https:\/\/www.semanariotiempo.cl\/index.php?rest_route=%2Fwp%2Fv2%2Fcomments&post=20859"}],"version-history":[{"count":1,"href":"https:\/\/www.semanariotiempo.cl\/index.php?rest_route=\/wp\/v2\/posts\/20859\/revisions"}],"predecessor-version":[{"id":20861,"href":"https:\/\/www.semanariotiempo.cl\/index.php?rest_route=\/wp\/v2\/posts\/20859\/revisions\/20861"}],"wp:featuredmedia":[{"embeddable":true,"href":"https:\/\/www.semanariotiempo.cl\/index.php?rest_route=\/wp\/v2\/media\/20860"}],"wp:attachment":[{"href":"https:\/\/www.semanariotiempo.cl\/index.php?rest_route=%2Fwp%2Fv2%2Fmedia&parent=20859"}],"wp:term":[{"taxonomy":"category","embeddable":true,"href":"https:\/\/www.semanariotiempo.cl\/index.php?rest_route=%2Fwp%2Fv2%2Fcategories&post=20859"},{"taxonomy":"post_tag","embeddable":true,"href":"https:\/\/www.semanariotiempo.cl\/index.php?rest_route=%2Fwp%2Fv2%2Ftags&post=20859"}],"curies":[{"name":"wp","href":"https:\/\/api.w.org\/{rel}","templated":true}]}}