{"id":20853,"date":"2026-09-04T03:52:22","date_gmt":"2026-09-04T03:52:22","guid":{"rendered":"https:\/\/www.semanariotiempo.cl\/?p=20853"},"modified":"2026-09-04T03:52:22","modified_gmt":"2026-09-04T03:52:22","slug":"agricultores-y-autoridades-exigen-reformas-legales-para-frenar-la-escalada-de-robos-rurales-en-limari","status":"publish","type":"post","link":"https:\/\/www.semanariotiempo.cl\/?p=20853","title":{"rendered":"Agricultores y autoridades exigen reformas legales para frenar la escalada de robos rurales en Limar\u00ed"},"content":{"rendered":"<p><strong>Mesa de seguridad provincial present\u00f3 los resultados del Bar\u00f3metro de Robo Agr\u00edcola y llam\u00f3 a los parlamentarios a endurecer las sanciones ante la ola de delitos que afecta la producci\u00f3n local.<\/strong><\/p>\n<p>OVALLE.\u2014 Ante la creciente ola de robos que golpea a los productores de la Regi\u00f3n de Coquimbo, la Delegaci\u00f3n Presidencial Provincial de Limar\u00ed y la Sociedad Agr\u00edcola del Norte (SAN) convocaron a una mesa de trabajo de seguridad rural para evaluar acciones operativas y exigir modificaciones a la legislaci\u00f3n vigente.<br \/>\nLa jornada cont\u00f3 con la participaci\u00f3n de la Fiscal\u00eda, Carabineros, PDI, las seremis de Agricultura y Seguridad P\u00fablica, y representantes gremiales y parlamentarios. Durante el encuentro, la SAN expuso los datos del Bar\u00f3metro de Robo Agr\u00edcola de la Regi\u00f3n de Coquimbo, instrumento que midi\u00f3 la magnitud de las p\u00e9rdidas, el nivel de victimizaci\u00f3n y el impacto operativo que han sufrido los agricultores durante los \u00faltimos seis meses.<br \/>\nAunque se valor\u00f3 la coordinaci\u00f3n entre las polic\u00edas y el Ministerio P\u00fablico \u2014donde los fiscales Rodrigo G\u00f3mez y Nicol\u00e1s Nicoreanu recalcaron la importancia de la denuncia para nutrir los focos investigativos\u2014, las autoridades y productores coincidieron en que el esfuerzo administrativo es insuficiente si no va acompa\u00f1ado de un endurecimiento de las penas.<br \/>\nLa delegada presidencial provincial de Limar\u00ed, Ivonne Guerra, enfatiz\u00f3 la urgencia de concretar cambios en el Congreso: \u201cNecesitamos que las leyes cambien. Mientras las leyes no cambien, vamos a seguir en las mismas y teniendo las mismas reuniones\u201d, manifest\u00f3, instando a los parlamentarios a asumir un rol activo.<br \/>\nEn esa misma l\u00ednea, el seremi de Agricultura, Vicente Cort\u00e9s, advirti\u00f3 que el sector primario suma la delincuencia a crisis previas como la sequ\u00eda y las heladas. \u201cTiene que haber un cambio de fondo, principalmente en el delito de robo en lugar no habitado dentro del mundo agr\u00edcola, con sanciones m\u00e1s gravosas que sean un desincentivo real para el delincuente\u201d, sostuvo.<br \/>\nPor su parte, la seremi de Seguridad P\u00fablica, Mar\u00eda Jos\u00e9 Duarte, reconoci\u00f3 los l\u00edmites de la labor preventiva actual sin el soporte normativo adecuado, mientras que F\u00e9lix Rodr\u00edguez, director de la Cooperativa Control Pisquero, alert\u00f3 sobre la alta afectaci\u00f3n que sufren los productores pisqueros de la zona.<br \/>\nDesde la directiva de la SAN, Ulises Contador concluy\u00f3 que, si bien los cambios legislativos son de mediano plazo, es indispensable mantener operativos de emergencia inmediatos: \u201cLos robos afectan directamente la capacidad de producir de nuestros agricultores hoy, por lo que requerimos fortalecer el trabajo operativo mientras se tramitan las reformas\u201d.<\/p>\n","protected":false},"excerpt":{"rendered":"<p>Mesa de seguridad provincial present\u00f3 los resultados del Bar\u00f3metro de Robo Agr\u00edcola y llam\u00f3 a los parlamentarios a endurecer las sanciones ante la ola de delitos que afecta la producci\u00f3n local. OVALLE.\u2014 Ante la creciente ola de robos que golpea a los productores de la Regi\u00f3n de Coquimbo, la Delegaci\u00f3n Presidencial Provincial de Limar\u00ed y [&hellip;]<\/p>\n","protected":false},"author":1,"featured_media":20854,"comment_status":"open","ping_status":"open","sticky":false,"template":"","format":"standard","meta":{"tdm_status":"","tdm_grid_status":"","footnotes":"","_wpscppro_dont_share_socialmedia":false,"_wpscppro_custom_social_share_image":0,"_facebook_share_type":"","_twitter_share_type":"","_linkedin_share_type":"","_pinterest_share_type":"","_linkedin_share_type_page":"","_instagram_share_type":"","_medium_share_type":"","_threads_share_type":"","_google_business_share_type":"","_bluesky_share_type":"","_mastodon_share_type":"","_selected_social_profile":[],"_wpsp_enable_custom_social_template":false,"_wpsp_social_scheduling":{"enabled":false,"datetime":null,"platforms":[],"status":"template_only","dateOption":"today","timeOption":"now","customDays":"","customHours":"","customDate":"","customTime":"","schedulingType":"absolute"},"_wpsp_active_default_template":true},"categories":[140,120,118,119],"tags":[],"class_list":["post-20853","post","type-post","status-publish","format-standard","has-post-thumbnail","hentry","category-agro","category-comunas","category-economia","category-ecregional"],"_links":{"self":[{"href":"https:\/\/www.semanariotiempo.cl\/index.php?rest_route=\/wp\/v2\/posts\/20853","targetHints":{"allow":["GET"]}}],"collection":[{"href":"https:\/\/www.semanariotiempo.cl\/index.php?rest_route=\/wp\/v2\/posts"}],"about":[{"href":"https:\/\/www.semanariotiempo.cl\/index.php?rest_route=\/wp\/v2\/types\/post"}],"author":[{"embeddable":true,"href":"https:\/\/www.semanariotiempo.cl\/index.php?rest_route=\/wp\/v2\/users\/1"}],"replies":[{"embeddable":true,"href":"https:\/\/www.semanariotiempo.cl\/index.php?rest_route=%2Fwp%2Fv2%2Fcomments&post=20853"}],"version-history":[{"count":1,"href":"https:\/\/www.semanariotiempo.cl\/index.php?rest_route=\/wp\/v2\/posts\/20853\/revisions"}],"predecessor-version":[{"id":20855,"href":"https:\/\/www.semanariotiempo.cl\/index.php?rest_route=\/wp\/v2\/posts\/20853\/revisions\/20855"}],"wp:featuredmedia":[{"embeddable":true,"href":"https:\/\/www.semanariotiempo.cl\/index.php?rest_route=\/wp\/v2\/media\/20854"}],"wp:attachment":[{"href":"https:\/\/www.semanariotiempo.cl\/index.php?rest_route=%2Fwp%2Fv2%2Fmedia&parent=20853"}],"wp:term":[{"taxonomy":"category","embeddable":true,"href":"https:\/\/www.semanariotiempo.cl\/index.php?rest_route=%2Fwp%2Fv2%2Fcategories&post=20853"},{"taxonomy":"post_tag","embeddable":true,"href":"https:\/\/www.semanariotiempo.cl\/index.php?rest_route=%2Fwp%2Fv2%2Ftags&post=20853"}],"curies":[{"name":"wp","href":"https:\/\/api.w.org\/{rel}","templated":true}]}}