{"id":20847,"date":"2026-09-04T03:50:22","date_gmt":"2026-09-04T03:50:22","guid":{"rendered":"https:\/\/www.semanariotiempo.cl\/?p=20847"},"modified":"2026-09-04T03:50:22","modified_gmt":"2026-09-04T03:50:22","slug":"diputados-proponen-elevar-al-5-el-fondo-de-emergencia-para-enfrentar-catastrofes","status":"publish","type":"post","link":"https:\/\/www.semanariotiempo.cl\/?p=20847","title":{"rendered":"Diputados proponen elevar al 5% el fondo de emergencia para enfrentar cat\u00e1strofes"},"content":{"rendered":"<p><strong>La iniciativa transversal busca aumentar la facultad presupuestaria del Ejecutivo para acelerar la reconstrucci\u00f3n de infraestructura, canales y servicios da\u00f1ados por los temporales en el norte del pa\u00eds.<\/strong><\/p>\n<p>Un grupo transversal de parlamentarios present\u00f3 una reforma constitucional para elevar de un 2% a un 5% el presupuesto extraordinario de emergencia del que puede disponer el Presidente de la Rep\u00fablica. La medida responde a los graves da\u00f1os provocados por los recientes temporales en las regiones del norte, que afectaron viviendas, caminos, hospitales y colegios.<\/p>\n<p>El proyecto es liderado por el diputado Carlos Carvajal (IND-PPD, Tarapac\u00e1), quien llam\u00f3 al Gobierno a actuar con urgencia financiera. \u201cFamilias de nuestra regi\u00f3n ven su entorno hist\u00f3rico destruido. No le pedimos al Gobierno que se ponga la mano en el coraz\u00f3n, sino en el bolsillo para atender emergencias impostergables\u201d, afirm\u00f3 Carvajal.<br \/>\nLa diputada Carolina Tello (Coquimbo) destac\u00f3 que ampliar el guarismo constitucional permitir\u00e1 responder a la magnitud de los desastres en distintas zonas. Por su parte, Cristi\u00e1n Tapia (IND-PPD, Atacama) enfatiz\u00f3 la necesidad de estar preparados para futuros eventos clim\u00e1ticos: \u201cLos recursos del 2% resultan insuficientes para solucionar falencias en caminos, agua y canales. Estos eventos van a seguir pasando y debemos prevenirlos\u201d.<br \/>\nDesde Antofagasta, Fabi\u00e1n Ossand\u00f3n (PDG) subray\u00f3 que una emergencia requiere del apoyo oportuno del Estado con fondos inmediatos. En esa misma l\u00ednea, el diputado Marco Antonio Sulantay (UDI, Coquimbo) argument\u00f3 que el alza en los costos de construcci\u00f3n exige un ajuste realista. \u201cEl ajuste responde al aumento en materiales y mano de obra. La ayuda debe ser r\u00e1pida; no podemos esperar uno o dos a\u00f1os para reparar colegios, viviendas o despejar caminos\u201d, sostuvo.<\/p>\n<p>La propuesta iniciar\u00e1 su tramitaci\u00f3n en la Comisi\u00f3n de Constituci\u00f3n, buscando respaldo del Ejecutivo para agilizar las ayudas estatales en las regiones afectadas.<\/p>\n","protected":false},"excerpt":{"rendered":"<p>La iniciativa transversal busca aumentar la facultad presupuestaria del Ejecutivo para acelerar la reconstrucci\u00f3n de infraestructura, canales y servicios da\u00f1ados por los temporales en el norte del pa\u00eds. Un grupo transversal de parlamentarios present\u00f3 una reforma constitucional para elevar de un 2% a un 5% el presupuesto extraordinario de emergencia del que puede disponer el [&hellip;]<\/p>\n","protected":false},"author":1,"featured_media":20848,"comment_status":"open","ping_status":"open","sticky":false,"template":"","format":"standard","meta":{"tdm_status":"","tdm_grid_status":"","footnotes":"","_wpscppro_dont_share_socialmedia":false,"_wpscppro_custom_social_share_image":0,"_facebook_share_type":"","_twitter_share_type":"","_linkedin_share_type":"","_pinterest_share_type":"","_linkedin_share_type_page":"","_instagram_share_type":"","_medium_share_type":"","_threads_share_type":"","_google_business_share_type":"","_bluesky_share_type":"","_mastodon_share_type":"","_selected_social_profile":[],"_wpsp_enable_custom_social_template":false,"_wpsp_social_scheduling":{"enabled":false,"datetime":null,"platforms":[],"status":"template_only","dateOption":"today","timeOption":"now","customDays":"","customHours":"","customDate":"","customTime":"","schedulingType":"absolute"},"_wpsp_active_default_template":true},"categories":[123],"tags":[],"class_list":["post-20847","post","type-post","status-publish","format-standard","has-post-thumbnail","hentry","category-politica"],"_links":{"self":[{"href":"https:\/\/www.semanariotiempo.cl\/index.php?rest_route=\/wp\/v2\/posts\/20847","targetHints":{"allow":["GET"]}}],"collection":[{"href":"https:\/\/www.semanariotiempo.cl\/index.php?rest_route=\/wp\/v2\/posts"}],"about":[{"href":"https:\/\/www.semanariotiempo.cl\/index.php?rest_route=\/wp\/v2\/types\/post"}],"author":[{"embeddable":true,"href":"https:\/\/www.semanariotiempo.cl\/index.php?rest_route=\/wp\/v2\/users\/1"}],"replies":[{"embeddable":true,"href":"https:\/\/www.semanariotiempo.cl\/index.php?rest_route=%2Fwp%2Fv2%2Fcomments&post=20847"}],"version-history":[{"count":1,"href":"https:\/\/www.semanariotiempo.cl\/index.php?rest_route=\/wp\/v2\/posts\/20847\/revisions"}],"predecessor-version":[{"id":20849,"href":"https:\/\/www.semanariotiempo.cl\/index.php?rest_route=\/wp\/v2\/posts\/20847\/revisions\/20849"}],"wp:featuredmedia":[{"embeddable":true,"href":"https:\/\/www.semanariotiempo.cl\/index.php?rest_route=\/wp\/v2\/media\/20848"}],"wp:attachment":[{"href":"https:\/\/www.semanariotiempo.cl\/index.php?rest_route=%2Fwp%2Fv2%2Fmedia&parent=20847"}],"wp:term":[{"taxonomy":"category","embeddable":true,"href":"https:\/\/www.semanariotiempo.cl\/index.php?rest_route=%2Fwp%2Fv2%2Fcategories&post=20847"},{"taxonomy":"post_tag","embeddable":true,"href":"https:\/\/www.semanariotiempo.cl\/index.php?rest_route=%2Fwp%2Fv2%2Ftags&post=20847"}],"curies":[{"name":"wp","href":"https:\/\/api.w.org\/{rel}","templated":true}]}}