{"id":20844,"date":"2026-09-04T03:49:41","date_gmt":"2026-09-04T03:49:41","guid":{"rendered":"https:\/\/www.semanariotiempo.cl\/?p=20844"},"modified":"2026-09-04T03:49:41","modified_gmt":"2026-09-04T03:49:41","slug":"pedro-ducci-ceo-de-dominga-estamos-haciendo-lo-que-nos-corresponde-poner-un-nuevo-proyecto-en-marcha-y-asumir-los-riesgos-que-eso-implica","status":"publish","type":"post","link":"https:\/\/www.semanariotiempo.cl\/?p=20844","title":{"rendered":"Pedro Ducci, CEO de Dominga: \u201cEstamos haciendo lo que nos corresponde: poner un nuevo proyecto en marcha y asumir los riesgos que eso implica\u201d"},"content":{"rendered":"<p><strong>El hito fue declarado el 10 de agosto, conforme a lo establecido en su Resoluci\u00f3n de Calificaci\u00f3n Ambiental. Andes Iron sigue gestionando los permisos necesarios para desarrollar progresivamente sus obras. Durante la fase de construcci\u00f3n se proyectan cerca de 30.000 puestos de trabajo directos e indirectos, adem\u00e1s de actividad para proveedores y empresas de servicios de la Regi\u00f3n de Coquimbo.<\/strong><\/p>\n<p>Andes Iron inform\u00f3 que el pasado 10 de agosto declar\u00f3 formalmente el hito de construcci\u00f3n de Dominga, conforme a lo establecido en su Resoluci\u00f3n de Calificaci\u00f3n Ambiental (RCA).<br \/>\nEl anuncio fue realizado por Pedro Ducci, gerente general de Andes Iron, durante la Cena Anual de SONAMI, donde la compa\u00f1\u00eda particip\u00f3 como una de las empresas auspiciadoras.<br \/>\n\u201cDespu\u00e9s de 13 a\u00f1os seguimos mirando hacia adelante. Estamos haciendo lo que nos corresponde: poner un nuevo proyecto en marcha y asumir los riesgos que eso implica\u201d, se\u00f1al\u00f3 Ducci.<br \/>\nEl hito acredita el inicio de ejecuci\u00f3n y marca una nueva etapa. Como parte de estos primeros trabajos, se est\u00e1 avanzando en el cercado del \u00e1rea y en caminos asociados al proyecto, mientras Andes Iron contin\u00faa gestionando los permisos sectoriales necesarios para desarrollar progresivamente las distintas obras.<br \/>\nDominga todav\u00eda mantiene recursos pendientes ante la Corte Suprema, relacionados principalmente con materias procesales. La discusi\u00f3n ambiental, en tanto, est\u00e1 resuelta y su Resoluci\u00f3n de Calificaci\u00f3n Ambiental se mantiene vigente.<\/p>\n<p>Durante su construcci\u00f3n se estiman cerca de 30.000 puestos de trabajo directos e indirectos, junto con mayor actividad para proveedores, empresas de servicios y otros encadenamientos productivos de la Regi\u00f3n de Coquimbo.<br \/>\n\u201cQueremos abordar esta etapa con responsabilidad y con un profundo compromiso con La Higuera y la Regi\u00f3n de Coquimbo. Nuestro objetivo es generar empleo, abrir nuevas oportunidades y contribuir a una mejor calidad de vida para quienes viven en la zona\u201d, agreg\u00f3 Ducci.<br \/>\nDominga es un proyecto minero-portuario ubicado en La Higuera y considera dos rajos, una planta concentradora, el uso de agua 100% desalinizada, una ruta propia y un terminal de embarque en Totoralillo Norte. Proyecta producir alrededor de 12 millones de toneladas anuales de concentrado de hierro de alta ley y 150 mil toneladas de cobre equivalente al a\u00f1o.<\/p>\n","protected":false},"excerpt":{"rendered":"<p>El hito fue declarado el 10 de agosto, conforme a lo establecido en su Resoluci\u00f3n de Calificaci\u00f3n Ambiental. Andes Iron sigue gestionando los permisos necesarios para desarrollar progresivamente sus obras. Durante la fase de construcci\u00f3n se proyectan cerca de 30.000 puestos de trabajo directos e indirectos, adem\u00e1s de actividad para proveedores y empresas de servicios [&hellip;]<\/p>\n","protected":false},"author":1,"featured_media":20845,"comment_status":"open","ping_status":"open","sticky":false,"template":"","format":"standard","meta":{"tdm_status":"","tdm_grid_status":"","footnotes":"","_wpscppro_dont_share_socialmedia":false,"_wpscppro_custom_social_share_image":0,"_facebook_share_type":"","_twitter_share_type":"","_linkedin_share_type":"","_pinterest_share_type":"","_linkedin_share_type_page":"","_instagram_share_type":"","_medium_share_type":"","_threads_share_type":"","_google_business_share_type":"","_bluesky_share_type":"","_mastodon_share_type":"","_selected_social_profile":[],"_wpsp_enable_custom_social_template":false,"_wpsp_social_scheduling":{"enabled":false,"datetime":null,"platforms":[],"status":"template_only","dateOption":"today","timeOption":"now","customDays":"","customHours":"","customDate":"","customTime":"","schedulingType":"absolute"},"_wpsp_active_default_template":true},"categories":[118,119,137],"tags":[],"class_list":["post-20844","post","type-post","status-publish","format-standard","has-post-thumbnail","hentry","category-economia","category-ecregional","category-minergia"],"_links":{"self":[{"href":"https:\/\/www.semanariotiempo.cl\/index.php?rest_route=\/wp\/v2\/posts\/20844","targetHints":{"allow":["GET"]}}],"collection":[{"href":"https:\/\/www.semanariotiempo.cl\/index.php?rest_route=\/wp\/v2\/posts"}],"about":[{"href":"https:\/\/www.semanariotiempo.cl\/index.php?rest_route=\/wp\/v2\/types\/post"}],"author":[{"embeddable":true,"href":"https:\/\/www.semanariotiempo.cl\/index.php?rest_route=\/wp\/v2\/users\/1"}],"replies":[{"embeddable":true,"href":"https:\/\/www.semanariotiempo.cl\/index.php?rest_route=%2Fwp%2Fv2%2Fcomments&post=20844"}],"version-history":[{"count":1,"href":"https:\/\/www.semanariotiempo.cl\/index.php?rest_route=\/wp\/v2\/posts\/20844\/revisions"}],"predecessor-version":[{"id":20846,"href":"https:\/\/www.semanariotiempo.cl\/index.php?rest_route=\/wp\/v2\/posts\/20844\/revisions\/20846"}],"wp:featuredmedia":[{"embeddable":true,"href":"https:\/\/www.semanariotiempo.cl\/index.php?rest_route=\/wp\/v2\/media\/20845"}],"wp:attachment":[{"href":"https:\/\/www.semanariotiempo.cl\/index.php?rest_route=%2Fwp%2Fv2%2Fmedia&parent=20844"}],"wp:term":[{"taxonomy":"category","embeddable":true,"href":"https:\/\/www.semanariotiempo.cl\/index.php?rest_route=%2Fwp%2Fv2%2Fcategories&post=20844"},{"taxonomy":"post_tag","embeddable":true,"href":"https:\/\/www.semanariotiempo.cl\/index.php?rest_route=%2Fwp%2Fv2%2Ftags&post=20844"}],"curies":[{"name":"wp","href":"https:\/\/api.w.org\/{rel}","templated":true}]}}