{"id":20835,"date":"2026-09-04T03:46:33","date_gmt":"2026-09-04T03:46:33","guid":{"rendered":"https:\/\/www.semanariotiempo.cl\/?p=20835"},"modified":"2026-09-04T03:46:33","modified_gmt":"2026-09-04T03:46:33","slug":"realcup-la-serena-2026-universidades-privadas-se-reunieron-para-abordar-los-desafios-de-la-educacion-superior-en-america-latina","status":"publish","type":"post","link":"https:\/\/www.semanariotiempo.cl\/?p=20835","title":{"rendered":"Realcup La Serena 2026: Universidades privadas se reunieron para abordar los desaf\u00edos de la educaci\u00f3n superior en Am\u00e9rica Latina"},"content":{"rendered":"<p><strong>El encuentro internacional convoc\u00f3 a m\u00e1s de 50 universidades y permiti\u00f3 analizar el impacto de la inteligencia artificial, la transformaci\u00f3n digital, los nuevos modelos educativos y la empleabilidad de los estudiantes.<\/strong><\/p>\n<p>El 27 y 28 de agosto, la Regi\u00f3n de Coquimbo se transform\u00f3 en el escenario del encuentro internacional que reuni\u00f3 a rectores de universidades privadas, autoridades acad\u00e9micas y regionales, y representantes de instituciones de educaci\u00f3n superior de Chile, Argentina, M\u00e9xico y Per\u00fa. La instancia titulada \u201cTransformando la educaci\u00f3n superior: calidad e innovaci\u00f3n en la ense\u00f1anza y el aprendizaje a distancia\u201d, busc\u00f3 analizar los desaf\u00edos que implican las transformaciones sociales y tecnol\u00f3gicas, abordando tem\u00e1ticas como: inteligencia artificial, transformaci\u00f3n digital, aseguramiento de la calidad, investigaci\u00f3n, educaci\u00f3n a distancia, entre otros.<\/p>\n<p>La jornada inaugural se realiz\u00f3 en la Universidad Central Sede Regi\u00f3n de Coquimbo, fortaleciendo el rol de las regiones como espacios de generaci\u00f3n de conocimiento, colaboraci\u00f3n acad\u00e9mica y discusi\u00f3n sobre el futuro de la educaci\u00f3n superior. Al respecto, el rector de la Universidad Central, Santiago Gonz\u00e1lez, afirm\u00f3 \u201cEstamos muy contentos de recibir este tremendo seminario que re\u00fane a las universidades de la Red de Asociaciones Latinoamericanas y Caribe\u00f1as de Universidades Privadas (REALCUP), en conjunto con organizadores de alto nivel como la CUP de Chile y el CRUP de Argentina. Sin duda, es un seminario muy interesante gracias a la asistencia de rectores, vicerrectores, acad\u00e9micos y decanos que, mirando el futuro de la educaci\u00f3n superior en am\u00e9rica latina y en el caribe\u201d<\/p>\n<p>En este sentido, la descentralizaci\u00f3n fue uno de los focos principales de la jornada y as\u00ed lo quiso destacar Carlos Isaac, presidente de la Corporaci\u00f3n de Universidades Privadas (CUP) y rector de la Universidad Vi\u00f1a del Mar \u201cun pa\u00eds como el nuestro necesita potenciar la descentralizaci\u00f3n y aqu\u00ed estamos construyendo universidad desde las regiones\u201d<br \/>\nLa incorporaci\u00f3n de la inteligencia artificial y su impacto en los procesos de ense\u00f1anza y aprendizaje, tuvo un rol clave durante el seminario, por eso, Rodolfo De Vincenzi, presidente de REALCUP y rector de la Universidad Abierta Interamericana de Argentina, destac\u00f3 su relevancia en la educaci\u00f3n actual. \u201cEl cambio m\u00e1s relevante que genera la inteligencia artificial en educaci\u00f3n, es la oportunidad de primero poner el foco en el aprendizaje m\u00e1s que en el resultado de aprendizaje. Lo que hace el docente en su nuevo rol, es facilitar fuentes de informaci\u00f3n, ayudar a curarlas y ense\u00f1ar experiencias de aprendizaje\u201d.<\/p>\n","protected":false},"excerpt":{"rendered":"<p>El encuentro internacional convoc\u00f3 a m\u00e1s de 50 universidades y permiti\u00f3 analizar el impacto de la inteligencia artificial, la transformaci\u00f3n digital, los nuevos modelos educativos y la empleabilidad de los estudiantes. El 27 y 28 de agosto, la Regi\u00f3n de Coquimbo se transform\u00f3 en el escenario del encuentro internacional que reuni\u00f3 a rectores de universidades [&hellip;]<\/p>\n","protected":false},"author":1,"featured_media":20836,"comment_status":"open","ping_status":"open","sticky":false,"template":"","format":"standard","meta":{"tdm_status":"","tdm_grid_status":"","footnotes":"","_wpscppro_dont_share_socialmedia":false,"_wpscppro_custom_social_share_image":0,"_facebook_share_type":"","_twitter_share_type":"","_linkedin_share_type":"","_pinterest_share_type":"","_linkedin_share_type_page":"","_instagram_share_type":"","_medium_share_type":"","_threads_share_type":"","_google_business_share_type":"","_bluesky_share_type":"","_mastodon_share_type":"","_selected_social_profile":[],"_wpsp_enable_custom_social_template":false,"_wpsp_social_scheduling":{"enabled":false,"datetime":null,"platforms":[],"status":"template_only","dateOption":"today","timeOption":"now","customDays":"","customHours":"","customDate":"","customTime":"","schedulingType":"absolute"},"_wpsp_active_default_template":true},"categories":[120,118,119,125],"tags":[],"class_list":["post-20835","post","type-post","status-publish","format-standard","has-post-thumbnail","hentry","category-comunas","category-economia","category-ecregional","category-educacion"],"_links":{"self":[{"href":"https:\/\/www.semanariotiempo.cl\/index.php?rest_route=\/wp\/v2\/posts\/20835","targetHints":{"allow":["GET"]}}],"collection":[{"href":"https:\/\/www.semanariotiempo.cl\/index.php?rest_route=\/wp\/v2\/posts"}],"about":[{"href":"https:\/\/www.semanariotiempo.cl\/index.php?rest_route=\/wp\/v2\/types\/post"}],"author":[{"embeddable":true,"href":"https:\/\/www.semanariotiempo.cl\/index.php?rest_route=\/wp\/v2\/users\/1"}],"replies":[{"embeddable":true,"href":"https:\/\/www.semanariotiempo.cl\/index.php?rest_route=%2Fwp%2Fv2%2Fcomments&post=20835"}],"version-history":[{"count":1,"href":"https:\/\/www.semanariotiempo.cl\/index.php?rest_route=\/wp\/v2\/posts\/20835\/revisions"}],"predecessor-version":[{"id":20837,"href":"https:\/\/www.semanariotiempo.cl\/index.php?rest_route=\/wp\/v2\/posts\/20835\/revisions\/20837"}],"wp:featuredmedia":[{"embeddable":true,"href":"https:\/\/www.semanariotiempo.cl\/index.php?rest_route=\/wp\/v2\/media\/20836"}],"wp:attachment":[{"href":"https:\/\/www.semanariotiempo.cl\/index.php?rest_route=%2Fwp%2Fv2%2Fmedia&parent=20835"}],"wp:term":[{"taxonomy":"category","embeddable":true,"href":"https:\/\/www.semanariotiempo.cl\/index.php?rest_route=%2Fwp%2Fv2%2Fcategories&post=20835"},{"taxonomy":"post_tag","embeddable":true,"href":"https:\/\/www.semanariotiempo.cl\/index.php?rest_route=%2Fwp%2Fv2%2Ftags&post=20835"}],"curies":[{"name":"wp","href":"https:\/\/api.w.org\/{rel}","templated":true}]}}