{"id":20833,"date":"2026-09-04T03:45:45","date_gmt":"2026-09-04T03:45:45","guid":{"rendered":"https:\/\/www.semanariotiempo.cl\/?p=20833"},"modified":"2026-09-04T03:45:45","modified_gmt":"2026-09-04T03:45:45","slug":"fray-jorge","status":"publish","type":"post","link":"https:\/\/www.semanariotiempo.cl\/?p=20833","title":{"rendered":"Fray Jorge"},"content":{"rendered":"<div>Con tanto desastre nos hab\u00edamos olvidado de averiguar qu\u00e9 suced\u00eda en los Parques de CONAF. Por lo pronto, el Parque Fray Jorge se encuentra cerrado sin fecha para su reapertura.<\/div>\n<div>Ojal\u00e1 que sea lo m\u00e1s pronto posible porque justamente con las lluvias ese sector debe estar m\u00e1s maravilloso y con la naturaleza m\u00e1s viva que nunca, como para disgfrutar en fiestas patrias&#8230; \u201cOrdenar la casa antes de salir a ofrecerla para turismo\u201d. Dijo un entrevistado la semana pasada&#8230;<\/div>\n","protected":false},"excerpt":{"rendered":"<p>Con tanto desastre nos hab\u00edamos olvidado de averiguar qu\u00e9 suced\u00eda en los Parques de CONAF. Por lo pronto, el Parque Fray Jorge se encuentra cerrado sin fecha para su reapertura. Ojal\u00e1 que sea lo m\u00e1s pronto posible porque justamente con las lluvias ese sector debe estar m\u00e1s maravilloso y con la naturaleza m\u00e1s viva que [&hellip;]<\/p>\n","protected":false},"author":1,"featured_media":17605,"comment_status":"open","ping_status":"open","sticky":false,"template":"","format":"standard","meta":{"tdm_status":"","tdm_grid_status":"","footnotes":"","_wpscppro_dont_share_socialmedia":false,"_wpscppro_custom_social_share_image":0,"_facebook_share_type":"","_twitter_share_type":"","_linkedin_share_type":"","_pinterest_share_type":"","_linkedin_share_type_page":"","_instagram_share_type":"","_medium_share_type":"","_threads_share_type":"","_google_business_share_type":"","_bluesky_share_type":"","_mastodon_share_type":"","_selected_social_profile":[],"_wpsp_enable_custom_social_template":false,"_wpsp_social_scheduling":{"enabled":false,"datetime":null,"platforms":[],"status":"template_only","dateOption":"today","timeOption":"now","customDays":"","customHours":"","customDate":"","customTime":"","schedulingType":"absolute"},"_wpsp_active_default_template":true},"categories":[129],"tags":[],"class_list":["post-20833","post","type-post","status-publish","format-standard","has-post-thumbnail","hentry","category-off"],"_links":{"self":[{"href":"https:\/\/www.semanariotiempo.cl\/index.php?rest_route=\/wp\/v2\/posts\/20833","targetHints":{"allow":["GET"]}}],"collection":[{"href":"https:\/\/www.semanariotiempo.cl\/index.php?rest_route=\/wp\/v2\/posts"}],"about":[{"href":"https:\/\/www.semanariotiempo.cl\/index.php?rest_route=\/wp\/v2\/types\/post"}],"author":[{"embeddable":true,"href":"https:\/\/www.semanariotiempo.cl\/index.php?rest_route=\/wp\/v2\/users\/1"}],"replies":[{"embeddable":true,"href":"https:\/\/www.semanariotiempo.cl\/index.php?rest_route=%2Fwp%2Fv2%2Fcomments&post=20833"}],"version-history":[{"count":1,"href":"https:\/\/www.semanariotiempo.cl\/index.php?rest_route=\/wp\/v2\/posts\/20833\/revisions"}],"predecessor-version":[{"id":20834,"href":"https:\/\/www.semanariotiempo.cl\/index.php?rest_route=\/wp\/v2\/posts\/20833\/revisions\/20834"}],"wp:featuredmedia":[{"embeddable":true,"href":"https:\/\/www.semanariotiempo.cl\/index.php?rest_route=\/wp\/v2\/media\/17605"}],"wp:attachment":[{"href":"https:\/\/www.semanariotiempo.cl\/index.php?rest_route=%2Fwp%2Fv2%2Fmedia&parent=20833"}],"wp:term":[{"taxonomy":"category","embeddable":true,"href":"https:\/\/www.semanariotiempo.cl\/index.php?rest_route=%2Fwp%2Fv2%2Fcategories&post=20833"},{"taxonomy":"post_tag","embeddable":true,"href":"https:\/\/www.semanariotiempo.cl\/index.php?rest_route=%2Fwp%2Fv2%2Ftags&post=20833"}],"curies":[{"name":"wp","href":"https:\/\/api.w.org\/{rel}","templated":true}]}}