{"id":20831,"date":"2026-09-04T03:45:25","date_gmt":"2026-09-04T03:45:25","guid":{"rendered":"https:\/\/www.semanariotiempo.cl\/?p=20831"},"modified":"2026-09-04T03:45:25","modified_gmt":"2026-09-04T03:45:25","slug":"alarmante","status":"publish","type":"post","link":"https:\/\/www.semanariotiempo.cl\/?p=20831","title":{"rendered":"Alarmante"},"content":{"rendered":"<p>Seg\u00fan un an\u00e1lisis realizado por la Unidad de Epidemiolog\u00eda, casi 7 de cada 10 personas fallecidas por influenza en la regi\u00f3n no contaban con registro de vacunaci\u00f3n correspondiente a la campa\u00f1a 2026.<br \/>\nOjo&#8230; Usted ya sabe.<\/p>\n","protected":false},"excerpt":{"rendered":"<p>Seg\u00fan un an\u00e1lisis realizado por la Unidad de Epidemiolog\u00eda, casi 7 de cada 10 personas fallecidas por influenza en la regi\u00f3n no contaban con registro de vacunaci\u00f3n correspondiente a la campa\u00f1a 2026. Ojo&#8230; Usted ya sabe.<\/p>\n","protected":false},"author":1,"featured_media":17605,"comment_status":"open","ping_status":"open","sticky":false,"template":"","format":"standard","meta":{"tdm_status":"","tdm_grid_status":"","footnotes":"","_wpscppro_dont_share_socialmedia":false,"_wpscppro_custom_social_share_image":0,"_facebook_share_type":"","_twitter_share_type":"","_linkedin_share_type":"","_pinterest_share_type":"","_linkedin_share_type_page":"","_instagram_share_type":"","_medium_share_type":"","_threads_share_type":"","_google_business_share_type":"","_bluesky_share_type":"","_mastodon_share_type":"","_selected_social_profile":[],"_wpsp_enable_custom_social_template":false,"_wpsp_social_scheduling":{"enabled":false,"datetime":null,"platforms":[],"status":"template_only","dateOption":"today","timeOption":"now","customDays":"","customHours":"","customDate":"","customTime":"","schedulingType":"absolute"},"_wpsp_active_default_template":true},"categories":[129],"tags":[],"class_list":["post-20831","post","type-post","status-publish","format-standard","has-post-thumbnail","hentry","category-off"],"_links":{"self":[{"href":"https:\/\/www.semanariotiempo.cl\/index.php?rest_route=\/wp\/v2\/posts\/20831","targetHints":{"allow":["GET"]}}],"collection":[{"href":"https:\/\/www.semanariotiempo.cl\/index.php?rest_route=\/wp\/v2\/posts"}],"about":[{"href":"https:\/\/www.semanariotiempo.cl\/index.php?rest_route=\/wp\/v2\/types\/post"}],"author":[{"embeddable":true,"href":"https:\/\/www.semanariotiempo.cl\/index.php?rest_route=\/wp\/v2\/users\/1"}],"replies":[{"embeddable":true,"href":"https:\/\/www.semanariotiempo.cl\/index.php?rest_route=%2Fwp%2Fv2%2Fcomments&post=20831"}],"version-history":[{"count":1,"href":"https:\/\/www.semanariotiempo.cl\/index.php?rest_route=\/wp\/v2\/posts\/20831\/revisions"}],"predecessor-version":[{"id":20832,"href":"https:\/\/www.semanariotiempo.cl\/index.php?rest_route=\/wp\/v2\/posts\/20831\/revisions\/20832"}],"wp:featuredmedia":[{"embeddable":true,"href":"https:\/\/www.semanariotiempo.cl\/index.php?rest_route=\/wp\/v2\/media\/17605"}],"wp:attachment":[{"href":"https:\/\/www.semanariotiempo.cl\/index.php?rest_route=%2Fwp%2Fv2%2Fmedia&parent=20831"}],"wp:term":[{"taxonomy":"category","embeddable":true,"href":"https:\/\/www.semanariotiempo.cl\/index.php?rest_route=%2Fwp%2Fv2%2Fcategories&post=20831"},{"taxonomy":"post_tag","embeddable":true,"href":"https:\/\/www.semanariotiempo.cl\/index.php?rest_route=%2Fwp%2Fv2%2Ftags&post=20831"}],"curies":[{"name":"wp","href":"https:\/\/api.w.org\/{rel}","templated":true}]}}