{"id":20825,"date":"2026-09-04T03:44:02","date_gmt":"2026-09-04T03:44:02","guid":{"rendered":"https:\/\/www.semanariotiempo.cl\/?p=20825"},"modified":"2026-09-04T03:44:02","modified_gmt":"2026-09-04T03:44:02","slug":"42-kilometros","status":"publish","type":"post","link":"https:\/\/www.semanariotiempo.cl\/?p=20825","title":{"rendered":"42 kil\u00f3metros"},"content":{"rendered":"<p>Este domingo 6 de septiembre m\u00e1s de 4.500 inscritos competir\u00e1n en las distancias de 5k, 10k, 21k y 42k en la que ser\u00e1 la primera marat\u00f3n de La Serena. Y&#8230; \u00bfEs as\u00ed realmente? \u00bfEs la primera? \u00bfQu\u00e9 dicen los m\u00e1s antiguos y con experiencia en estos temas?<br \/>\nLa primera largada a las 7:30 horas desde la Plaza de Armas y la premiaci\u00f3n a las 12:00 horas desde el Faro Monumental.<br \/>\nTema aparte ser\u00e1n los cortes en las calles de la ciudad: Las calles que tendr\u00e1n corte total de tr\u00e1nsito corresponden a: Diego de Almagro, Bernardo O\u2019Higgins, Pedro Pablo Mu\u00f1oz, Brasil, Av. Francisco de Aguirre, Andr\u00e9s Bello, Larra\u00edn Alcalde, Las Higueras, Cuatro Esquinas, Av. Estadio, Av. Amunategui, Juan de Dios Pen\u00ed, Benavente, Anfi\u00f3n Mu\u00f1oz, Cienfuegos, Cruz del Molino, Av. Pac\u00edfico, Av. del Mar, Los Membrillos y Los L\u00facumos. Asimismo, se dispondr\u00e1n cortes de acceso lateral con rejas en las esquinas de Antonio Aguilar, Arturo Prat, Av. El Santo, Balmaceda, Canto del Agua, Cirujano Videla, Colo Colo, Crist\u00f3bal Col\u00f3n, Eduardo de la Barra, Ernesto Pe\u00f1afiel, Federico Arcos, Florencio S\u00e1nchez, Gabriel Gonz\u00e1lez Videla, Huanhual\u00ed, La Quebrada, Libertad, Los Arrayanes, Los Carrera, Los Perales, Parque Altamura, Pdte. Arturo Alessandri, Roberto Flores y Rotonda Av. Puerta del Mar.<\/p>\n","protected":false},"excerpt":{"rendered":"<p>Este domingo 6 de septiembre m\u00e1s de 4.500 inscritos competir\u00e1n en las distancias de 5k, 10k, 21k y 42k en la que ser\u00e1 la primera marat\u00f3n de La Serena. Y&#8230; \u00bfEs as\u00ed realmente? \u00bfEs la primera? \u00bfQu\u00e9 dicen los m\u00e1s antiguos y con experiencia en estos temas? La primera largada a las 7:30 horas desde [&hellip;]<\/p>\n","protected":false},"author":1,"featured_media":17605,"comment_status":"open","ping_status":"open","sticky":false,"template":"","format":"standard","meta":{"tdm_status":"","tdm_grid_status":"","footnotes":"","_wpscppro_dont_share_socialmedia":false,"_wpscppro_custom_social_share_image":0,"_facebook_share_type":"","_twitter_share_type":"","_linkedin_share_type":"","_pinterest_share_type":"","_linkedin_share_type_page":"","_instagram_share_type":"","_medium_share_type":"","_threads_share_type":"","_google_business_share_type":"","_bluesky_share_type":"","_mastodon_share_type":"","_selected_social_profile":[],"_wpsp_enable_custom_social_template":false,"_wpsp_social_scheduling":{"enabled":false,"datetime":null,"platforms":[],"status":"template_only","dateOption":"today","timeOption":"now","customDays":"","customHours":"","customDate":"","customTime":"","schedulingType":"absolute"},"_wpsp_active_default_template":true},"categories":[129],"tags":[],"class_list":["post-20825","post","type-post","status-publish","format-standard","has-post-thumbnail","hentry","category-off"],"_links":{"self":[{"href":"https:\/\/www.semanariotiempo.cl\/index.php?rest_route=\/wp\/v2\/posts\/20825","targetHints":{"allow":["GET"]}}],"collection":[{"href":"https:\/\/www.semanariotiempo.cl\/index.php?rest_route=\/wp\/v2\/posts"}],"about":[{"href":"https:\/\/www.semanariotiempo.cl\/index.php?rest_route=\/wp\/v2\/types\/post"}],"author":[{"embeddable":true,"href":"https:\/\/www.semanariotiempo.cl\/index.php?rest_route=\/wp\/v2\/users\/1"}],"replies":[{"embeddable":true,"href":"https:\/\/www.semanariotiempo.cl\/index.php?rest_route=%2Fwp%2Fv2%2Fcomments&post=20825"}],"version-history":[{"count":1,"href":"https:\/\/www.semanariotiempo.cl\/index.php?rest_route=\/wp\/v2\/posts\/20825\/revisions"}],"predecessor-version":[{"id":20826,"href":"https:\/\/www.semanariotiempo.cl\/index.php?rest_route=\/wp\/v2\/posts\/20825\/revisions\/20826"}],"wp:featuredmedia":[{"embeddable":true,"href":"https:\/\/www.semanariotiempo.cl\/index.php?rest_route=\/wp\/v2\/media\/17605"}],"wp:attachment":[{"href":"https:\/\/www.semanariotiempo.cl\/index.php?rest_route=%2Fwp%2Fv2%2Fmedia&parent=20825"}],"wp:term":[{"taxonomy":"category","embeddable":true,"href":"https:\/\/www.semanariotiempo.cl\/index.php?rest_route=%2Fwp%2Fv2%2Fcategories&post=20825"},{"taxonomy":"post_tag","embeddable":true,"href":"https:\/\/www.semanariotiempo.cl\/index.php?rest_route=%2Fwp%2Fv2%2Ftags&post=20825"}],"curies":[{"name":"wp","href":"https:\/\/api.w.org\/{rel}","templated":true}]}}