{"id":20822,"date":"2026-09-04T03:43:37","date_gmt":"2026-09-04T03:43:37","guid":{"rendered":"https:\/\/www.semanariotiempo.cl\/?p=20822"},"modified":"2026-09-04T03:43:37","modified_gmt":"2026-09-04T03:43:37","slug":"andes-iron-activa-la-construccion-del-proyecto-dominga-con-habilitacion-de-caminos-instalacion-de-cercos-y-obras-menores","status":"publish","type":"post","link":"https:\/\/www.semanariotiempo.cl\/?p=20822","title":{"rendered":"Andes Iron activa la construcci\u00f3n del proyecto Dominga con habilitaci\u00f3n de caminos, instalaci\u00f3n de cercos y obras menores"},"content":{"rendered":"<p><strong>Titular de la iniciativa minera portuaria, valorizada en US$3.000 millones, declar\u00f3 a la Superintendencia del Medio Ambiente -el 10 de agosto pasado- el hito de inicio de las faenas, conforme a la Resoluci\u00f3n de Calificaci\u00f3n Ambiental (RCA), aprobada en 2021, que por normativa establece un periodo de cinco a\u00f1os para el comienzo de las faenas.<\/strong><\/p>\n<p>Luego de 13 a\u00f1os de tramitaciones ambientales y una extensa judicializaci\u00f3n, la empresa Andes Iron anunci\u00f3 el inicio de la construcci\u00f3n del proyecto minero-portuario Dominga, valorizado en US$2.500 millones y que busca emplazarse en la comuna de La Higuera para la producci\u00f3n anual de 12 millones de toneladas y 150.000 de concentrado de cobre.<\/p>\n<p>El anuncio fue realizado por Pedro Ducci, CEO de Andes Iron, quien destac\u00f3 el hito durante una actividad vinculada a la industria minera. \u201cLlevamos 13 a\u00f1os impulsando el Proyecto Dominga, 13 a\u00f1os de trabajo, de aprendizajes, de di\u00e1logo con la comunidad, y tambi\u00e9n de una larga historia de judicializaci\u00f3n e incertidumbre. Y aqu\u00ed estamos, mirando para adelante\u201d.<br \/>\nSin embargo, seg\u00fan inform\u00f3 la compa\u00f1\u00eda, las primeras obras comenzaron el pasado 10 de agosto, en cumplimiento de los compromisos establecidos en su Resoluci\u00f3n de Calificaci\u00f3n Ambiental (RCA).<br \/>\nDe acuerdo con Ducci, la iniciativa contempla una inversi\u00f3n superior a los US$3.000 millones y una producci\u00f3n anual de 12 millones de toneladas de concentrado de hierro de alta ley, adem\u00e1s de 150.000 toneladas de concentrado de cobre. El ejecutivo sostuvo que el proyecto busca convertirse en un aporte al desarrollo de la Regi\u00f3n de Coquimbo y, particularmente, de la comuna de La Higuera. \u201cDominga va a invertir m\u00e1s de 3.000 millones de d\u00f3lares en la construcci\u00f3n de su proyecto y va a producir por muchos a\u00f1os 12 millones de toneladas anuales de concentrado de hierro de alta ley y 150.000 toneladas anuales de concentrado de cobre\u201d, afirm\u00f3.<br \/>\nEl CEO de Andes Iron tambi\u00e9n destac\u00f3 que actualmente se est\u00e1n desarrollando obras tempranas en conjunto con empresas locales, lo que, a juicio de la compa\u00f1\u00eda, ya estar\u00eda generando actividad econ\u00f3mica y valor social en la comuna.<br \/>\n\u201cHoy estamos desarrollando las obras tempranas del proyecto en conjunto con empresas locales, por lo que orgullosamente podemos afirmar que ya estamos generando valor social y valor econ\u00f3mico para la comuna\u201d, sostuvo Ducci.<br \/>\nDominga obtuvo su Resoluci\u00f3n de Calificaci\u00f3n Ambiental (RCA) el 10 de agosto de 2021, estableciendo desde esa fecha un plazo de cinco a\u00f1os para declarar el hito de inicio de construcci\u00f3n ante la autoridad ambiental. Ese periodo se cumpl\u00eda precisamente este 10 de agosto, por lo que Andes Iron inform\u00f3 el inicio de dicho hito ante la Superintendencia del Medio Ambiente (SMA).<br \/>\nCon esta declaraci\u00f3n se da paso a las denominadas obras tempranas del proyecto, que consideran trabajos iniciales como la habilitaci\u00f3n de caminos, instalaci\u00f3n de cercos y otras obras menores necesarias para avanzar en la ejecuci\u00f3n de la iniciativa. Se trata, por tanto, de la activaci\u00f3n formal del proyecto dentro del plazo establecido en su RCA, y no del inicio inmediato de todas las obras que contempla Dominga.<br \/>\nAsimismo, el ejecutivo enfatiz\u00f3 que Dominga cuenta con su RCA y manifest\u00f3 su expectativa de que el pa\u00eds contin\u00fae fortaleciendo su institucionalidad y avance en la reducci\u00f3n de la incertidumbre jur\u00eddica y la simplificaci\u00f3n de los procesos de permisos, aunque manteniendo los est\u00e1ndares ambientales.<br \/>\n\u201cDespu\u00e9s de 13 a\u00f1os, Dominga est\u00e1 aprobado. Cuenta con su RCA y nuestra confianza tambi\u00e9n se demuestra con hechos\u201d, afirm\u00f3, agregando que a\u00fan existen actores que mantienen acciones judiciales en contra de la iniciativa.<br \/>\nFinalmente, Ducci asegur\u00f3 que la empresa busca que el desarrollo del proyecto se traduzca en beneficios para los habitantes de La Higuera y la Regi\u00f3n de Coquimbo. \u201cQueremos hacerlo con responsabilidad, comprometidos con La Higuera y con la regi\u00f3n de Coquimbo, velando porque el desarrollo de Dominga se traduzca en un aporte real y en una mejor calidad de vida para quienes viven ah\u00ed\u201d, concluy\u00f3.<\/p>\n","protected":false},"excerpt":{"rendered":"<p>Titular de la iniciativa minera portuaria, valorizada en US$3.000 millones, declar\u00f3 a la Superintendencia del Medio Ambiente -el 10 de agosto pasado- el hito de inicio de las faenas, conforme a la Resoluci\u00f3n de Calificaci\u00f3n Ambiental (RCA), aprobada en 2021, que por normativa establece un periodo de cinco a\u00f1os para el comienzo de las faenas. [&hellip;]<\/p>\n","protected":false},"author":1,"featured_media":20823,"comment_status":"open","ping_status":"open","sticky":false,"template":"","format":"standard","meta":{"tdm_status":"","tdm_grid_status":"","footnotes":"","_wpscppro_dont_share_socialmedia":false,"_wpscppro_custom_social_share_image":0,"_facebook_share_type":"","_twitter_share_type":"","_linkedin_share_type":"","_pinterest_share_type":"","_linkedin_share_type_page":"","_instagram_share_type":"","_medium_share_type":"","_threads_share_type":"","_google_business_share_type":"","_bluesky_share_type":"","_mastodon_share_type":"","_selected_social_profile":[],"_wpsp_enable_custom_social_template":false,"_wpsp_social_scheduling":{"enabled":false,"datetime":null,"platforms":[],"status":"template_only","dateOption":"today","timeOption":"now","customDays":"","customHours":"","customDate":"","customTime":"","schedulingType":"absolute"},"_wpsp_active_default_template":true},"categories":[118,119,137],"tags":[],"class_list":["post-20822","post","type-post","status-publish","format-standard","has-post-thumbnail","hentry","category-economia","category-ecregional","category-minergia"],"_links":{"self":[{"href":"https:\/\/www.semanariotiempo.cl\/index.php?rest_route=\/wp\/v2\/posts\/20822","targetHints":{"allow":["GET"]}}],"collection":[{"href":"https:\/\/www.semanariotiempo.cl\/index.php?rest_route=\/wp\/v2\/posts"}],"about":[{"href":"https:\/\/www.semanariotiempo.cl\/index.php?rest_route=\/wp\/v2\/types\/post"}],"author":[{"embeddable":true,"href":"https:\/\/www.semanariotiempo.cl\/index.php?rest_route=\/wp\/v2\/users\/1"}],"replies":[{"embeddable":true,"href":"https:\/\/www.semanariotiempo.cl\/index.php?rest_route=%2Fwp%2Fv2%2Fcomments&post=20822"}],"version-history":[{"count":1,"href":"https:\/\/www.semanariotiempo.cl\/index.php?rest_route=\/wp\/v2\/posts\/20822\/revisions"}],"predecessor-version":[{"id":20824,"href":"https:\/\/www.semanariotiempo.cl\/index.php?rest_route=\/wp\/v2\/posts\/20822\/revisions\/20824"}],"wp:featuredmedia":[{"embeddable":true,"href":"https:\/\/www.semanariotiempo.cl\/index.php?rest_route=\/wp\/v2\/media\/20823"}],"wp:attachment":[{"href":"https:\/\/www.semanariotiempo.cl\/index.php?rest_route=%2Fwp%2Fv2%2Fmedia&parent=20822"}],"wp:term":[{"taxonomy":"category","embeddable":true,"href":"https:\/\/www.semanariotiempo.cl\/index.php?rest_route=%2Fwp%2Fv2%2Fcategories&post=20822"},{"taxonomy":"post_tag","embeddable":true,"href":"https:\/\/www.semanariotiempo.cl\/index.php?rest_route=%2Fwp%2Fv2%2Ftags&post=20822"}],"curies":[{"name":"wp","href":"https:\/\/api.w.org\/{rel}","templated":true}]}}