{"id":20813,"date":"2026-09-04T03:41:05","date_gmt":"2026-09-04T03:41:05","guid":{"rendered":"https:\/\/www.semanariotiempo.cl\/?p=20813"},"modified":"2026-09-04T03:41:05","modified_gmt":"2026-09-04T03:41:05","slug":"lavanderas-de-la-candelaria-la-obra-que-revive-la-memoria-y-oficios-del-norte-se-estrena-en-la-serena","status":"publish","type":"post","link":"https:\/\/www.semanariotiempo.cl\/?p=20813","title":{"rendered":"\u201cLavanderas de la Candelaria\u201d: La obra que revive la memoria y oficios del norte se estrena en La Serena"},"content":{"rendered":"<p><strong>Inspirada en las teleseries chilenas, la propuesta de La Colectiva Creaci\u00f3n reflexiona desde el humor y el melodrama sobre la tensi\u00f3n entre tradici\u00f3n y modernidad.<\/strong><\/p>\n<p>La Colectiva Creaci\u00f3n invita a la comunidad al estreno de \u201cLavanderas de la Candelaria\u201d, obra original que aborda la p\u00e9rdida de los oficios tradicionales ante el avance de la tecnolog\u00eda. Las funciones se realizar\u00e1n los d\u00edas 11, 12 y 13 de septiembre, a las 19:00 horas, en el Espacio La Gaviota (Av. Balmaceda #124, La Serena).<br \/>\nFinanciada por el Fondo Nacional de Fomento y Desarrollo de las Artes Esc\u00e9nicas (Convocatoria 2026), esta propuesta corresponde al primer cap\u00edtulo de una trilog\u00eda orientada a rescatar la memoria, la afectividad y el linaje femenino en el norte del pa\u00eds.<br \/>\nAmbientada en Copiap\u00f3 en 1967, la trama sigue a dos hermanas dedicadas al oficio del lavado de ropa, cuya rutina e identidad se ven amenazadas tras la llegada de una lavadora. A trav\u00e9s del lenguaje del melodrama, el absurdo y la comedia, el montaje explora la religiosidad popular, los lazos familiares y la resistencia cultural.<br \/>\n\u201cEl p\u00fablico se va a encontrar con emociones muy intensas. Son dos hermanas que luchan con todas sus herramientas para no ser olvidadas\u201d, destac\u00f3 la actriz Constanza Becerra.<br \/>\nPor su parte, el Seremi de las Culturas, Las Artes y el Patrimonio, Darwin Castro Alfaro, valor\u00f3 el impacto regional de la iniciativa: \u201cInvito a la comunidad a sumarse a esta obra que pone en valor nuestra memoria y patrimonio. Es un claro ejemplo del talento de nuestros creadores locales que fortalece el acceso a la cultura\u201d.<br \/>\nEl montaje cuenta con la direcci\u00f3n y dramaturgia de Javiera Vegas Sep\u00falveda, la producci\u00f3n de Arantxa Ram\u00edrez Silva y un elenco conformado por Constanza Becerra, Yocelyn Chacana y Enzo Escobar. Las entradas se encuentran disponibles en las redes sociales de TeatroPuerto y La Colectiva Creaci\u00f3n.<\/p>\n","protected":false},"excerpt":{"rendered":"<p>Inspirada en las teleseries chilenas, la propuesta de La Colectiva Creaci\u00f3n reflexiona desde el humor y el melodrama sobre la tensi\u00f3n entre tradici\u00f3n y modernidad. La Colectiva Creaci\u00f3n invita a la comunidad al estreno de \u201cLavanderas de la Candelaria\u201d, obra original que aborda la p\u00e9rdida de los oficios tradicionales ante el avance de la tecnolog\u00eda. [&hellip;]<\/p>\n","protected":false},"author":1,"featured_media":20814,"comment_status":"open","ping_status":"open","sticky":false,"template":"","format":"standard","meta":{"tdm_status":"","tdm_grid_status":"","footnotes":"","_wpscppro_dont_share_socialmedia":false,"_wpscppro_custom_social_share_image":0,"_facebook_share_type":"","_twitter_share_type":"","_linkedin_share_type":"","_pinterest_share_type":"","_linkedin_share_type_page":"","_instagram_share_type":"","_medium_share_type":"","_threads_share_type":"","_google_business_share_type":"","_bluesky_share_type":"","_mastodon_share_type":"","_selected_social_profile":[],"_wpsp_enable_custom_social_template":false,"_wpsp_social_scheduling":{"enabled":false,"datetime":null,"platforms":[],"status":"template_only","dateOption":"today","timeOption":"now","customDays":"","customHours":"","customDate":"","customTime":"","schedulingType":"absolute"},"_wpsp_active_default_template":true},"categories":[121],"tags":[],"class_list":["post-20813","post","type-post","status-publish","format-standard","has-post-thumbnail","hentry","category-cultura"],"_links":{"self":[{"href":"https:\/\/www.semanariotiempo.cl\/index.php?rest_route=\/wp\/v2\/posts\/20813","targetHints":{"allow":["GET"]}}],"collection":[{"href":"https:\/\/www.semanariotiempo.cl\/index.php?rest_route=\/wp\/v2\/posts"}],"about":[{"href":"https:\/\/www.semanariotiempo.cl\/index.php?rest_route=\/wp\/v2\/types\/post"}],"author":[{"embeddable":true,"href":"https:\/\/www.semanariotiempo.cl\/index.php?rest_route=\/wp\/v2\/users\/1"}],"replies":[{"embeddable":true,"href":"https:\/\/www.semanariotiempo.cl\/index.php?rest_route=%2Fwp%2Fv2%2Fcomments&post=20813"}],"version-history":[{"count":1,"href":"https:\/\/www.semanariotiempo.cl\/index.php?rest_route=\/wp\/v2\/posts\/20813\/revisions"}],"predecessor-version":[{"id":20815,"href":"https:\/\/www.semanariotiempo.cl\/index.php?rest_route=\/wp\/v2\/posts\/20813\/revisions\/20815"}],"wp:featuredmedia":[{"embeddable":true,"href":"https:\/\/www.semanariotiempo.cl\/index.php?rest_route=\/wp\/v2\/media\/20814"}],"wp:attachment":[{"href":"https:\/\/www.semanariotiempo.cl\/index.php?rest_route=%2Fwp%2Fv2%2Fmedia&parent=20813"}],"wp:term":[{"taxonomy":"category","embeddable":true,"href":"https:\/\/www.semanariotiempo.cl\/index.php?rest_route=%2Fwp%2Fv2%2Fcategories&post=20813"},{"taxonomy":"post_tag","embeddable":true,"href":"https:\/\/www.semanariotiempo.cl\/index.php?rest_route=%2Fwp%2Fv2%2Ftags&post=20813"}],"curies":[{"name":"wp","href":"https:\/\/api.w.org\/{rel}","templated":true}]}}