{"id":18719,"date":"2026-01-24T00:09:19","date_gmt":"2026-01-24T00:09:19","guid":{"rendered":"https:\/\/www.semanariotiempo.cl\/?p=18719"},"modified":"2026-01-24T00:09:19","modified_gmt":"2026-01-24T00:09:19","slug":"el-mayor-deseo-que-anida-en-nuestro-corazon","status":"publish","type":"post","link":"https:\/\/www.semanariotiempo.cl\/?p=18719","title":{"rendered":"EL MAYOR DESEO QUE ANIDA EN NUESTRO CORAZ\u00d3N"},"content":{"rendered":"<p>La pol\u00edtica es la pol\u00edtica y los pol\u00edticos son los pol\u00edticos, qu\u00e9 duda cabe. Como tambi\u00e9n que \u201cse agarran del mo\u00f1o pero todos comen del mismo plato\u201d como dec\u00eda una t\u00eda. Dif\u00edcil poder negar estas alturas que todos comen efectivamente del mismo plato, si consideramos que siempre ha sido as\u00ed desde los inicios de la historia de la humanidad, se trate de diferentes tipos de autoridades a cargo de territorios y organizaciones humanas, o bien de imperios o pa\u00edses, pasando por clanes, tribus, feudos, estructuras mon\u00e1rquicas, sean teocr\u00e1ticas o absolutas, incluyendo las constitucionales\/parlamentarias, adem\u00e1s de las olig\u00e1rquicas de suyo autocr\u00e1ticas y tantas otras formas cada vez m\u00e1s complejas, incluida las variantes de la democracia y su extenso arco\u00edris de alianzas temporales, voluntarias o forzadas, que persisten hasta nuestros d\u00edas.<br \/>\nEn cuanto a nosotros afirmamos que vivimos en una democracia representativa que algunos luchan por transformarla en participativa, lo que involucra el alto riesgo de abrirle camino a l\u00edderes carism\u00e1ticos, populistas y autoritarios con toda la incertidumbre y los inevitables vaivenes pol\u00edticos a lo que conducir\u00eda y que los griegos aprendieron a evitar en tiempos en que se sembr\u00f3 la semilla de una democracia directa, en aquellos tiempos m\u00e1s bien con sesgos olig\u00e1rquicos considerando que eran s\u00f3lo los hombres los llamados a tomar las decisiones.<br \/>\nHan transcurrido muchas lunas desde entonces pero las cosas no han cambiado tanto. No han faltado los \u201ccreativos\u201d, por ejemplo, que han inventado la f\u00e1bula de las \u201cdemocracias diferentes\u201d a\u00fan a riesgo de que les crezca la nariz, lo que al parecer no les importa mucho. Pasando desde luego por alto que una verdadera democracia representativa est\u00e1 estructurada en diversos poderes del Estado que cumplen cada uno una funci\u00f3n claramente establecida en una Carta Magna que fija sus l\u00edmites de acci\u00f3n en base a un sano equilibrio entre ellos.<br \/>\nLamentablemente hemos observado como estos poderes han sido continuamente torpedeados durante los \u00faltimos a\u00f1os no respetando normas y principios fundamentales en una democracia representativa en su forma plena y en ello nuestros pol\u00edticos que hemos elegido para representarnos han jugado un papel fundamental. Todo parece indicar que no los hemos elegido bien y a conciencia, en pleno conocimiento de sus capacidades y los programas que han declarado llevar a la realidad de ser elegidos o bien no han atinado a medir sus consecuencias.<br \/>\nComo es m\u00e1s que habitual, nos hemos dejado llevar por frases rimbombantes que nos prometen soluciones r\u00e1pidas a problemas y situaciones altamente complejas, como si por arte de magia ellos han descubierto el c\u00f3mo hacerlo dejando a las autoridades vigentes como portadores de la incompetencia suma. Peor a\u00fan, no nos preocupamos de enterarnos de los contenidos de los programas a realizar en un nuevo gobierno y nos fijamos m\u00e1s en el carisma y la empat\u00eda de los candidatos a elegir y nos suele hacer \u201cclick\u201d para decidir nuestro voto una simple imagen que nos parece simp\u00e1tica y atractiva como si ello bastara para conocer a fondo y confiar en un candidato.<br \/>\nEn este sentido ante cada nueva elecci\u00f3n estamos llamados a reflexionar en profundidad y preguntarnos antes decidir a cual candidato apoyar: \u00bfCu\u00e1l es el mayor deseo que anida en nuestro coraz\u00f3n?&#8230; \u00bfSer\u00e1 tal vez el sentido com\u00fan para elegir a aquel candidato que visualizamos como el m\u00e1s apto para gobernar nuestro pa\u00eds o asumir como parlamentario?&#8230;.\u00bfVerdaderamente lo consideramos como el m\u00e1s apto para asumir el cargo, porque nos convence su capacidad y la del equipo que lo va a acompa\u00f1ar?&#8230;\u00bf Es quien ha demostrado con creces su capacidad y decisi\u00f3n de trabajar en la mejor forma posible para solucionar aquellos problemas que requieren de soluciones urgentes y que nos agobian como pa\u00eds?.<br \/>\nEn fin, es evidente que en cada ocasi\u00f3n tenemos que barajar en nuestra mente una gran cantidad de aspectos no siempre f\u00e1ciles de dilucidar, pero es inevitable que vamos a tener que tomar una decisi\u00f3n en base a aquello que anide en nuestro coraz\u00f3n y que ojal\u00e1 sea la mejor de todas para nosotros como tambi\u00e9n para el futuro de nuestro pa\u00eds y de nuestros descendientes.<br \/>\nOjal\u00e1 esta vez no nos hayamos equivocado y hayamos elegido en forma responsable en base a nuestras convicciones y principios y no a aventureros de la pol\u00edtica a pesar de sus bonitas palabras y promesas. En el fondo flores de un d\u00eda, picaflores que van de una flor a otra de acuerdo a su exclusiva conveniencia. De esos tenemos ya demasiados desde hace tiempo en nuestro parlamento, impidi\u00e9ndonos llegar a aquellos acuerdos fundamentales que necesitamos.<\/p>\n","protected":false},"excerpt":{"rendered":"<p>La pol\u00edtica es la pol\u00edtica y los pol\u00edticos son los pol\u00edticos, qu\u00e9 duda cabe. Como tambi\u00e9n que \u201cse agarran del mo\u00f1o pero todos comen del mismo plato\u201d como dec\u00eda una t\u00eda. Dif\u00edcil poder negar estas alturas que todos comen efectivamente del mismo plato, si consideramos que siempre ha sido as\u00ed desde los inicios de la [&hellip;]<\/p>\n","protected":false},"author":1,"featured_media":11432,"comment_status":"open","ping_status":"open","sticky":false,"template":"","format":"standard","meta":{"tdm_status":"","tdm_grid_status":"","footnotes":"","_wpscppro_dont_share_socialmedia":false,"_wpscppro_custom_social_share_image":0,"_facebook_share_type":"","_twitter_share_type":"","_linkedin_share_type":"","_pinterest_share_type":"","_linkedin_share_type_page":"","_instagram_share_type":"","_medium_share_type":"","_threads_share_type":"","_google_business_share_type":"","_bluesky_share_type":"","_mastodon_share_type":"","_selected_social_profile":[],"_wpsp_enable_custom_social_template":false,"_wpsp_social_scheduling":{"enabled":false,"datetime":null,"platforms":[],"status":"template_only","dateOption":"today","timeOption":"now","customDays":"","customHours":"","customDate":"","customTime":"","schedulingType":"absolute"},"_wpsp_active_default_template":true},"categories":[124],"tags":[],"class_list":["post-18719","post","type-post","status-publish","format-standard","has-post-thumbnail","hentry","category-opinion"],"_links":{"self":[{"href":"https:\/\/www.semanariotiempo.cl\/index.php?rest_route=\/wp\/v2\/posts\/18719","targetHints":{"allow":["GET"]}}],"collection":[{"href":"https:\/\/www.semanariotiempo.cl\/index.php?rest_route=\/wp\/v2\/posts"}],"about":[{"href":"https:\/\/www.semanariotiempo.cl\/index.php?rest_route=\/wp\/v2\/types\/post"}],"author":[{"embeddable":true,"href":"https:\/\/www.semanariotiempo.cl\/index.php?rest_route=\/wp\/v2\/users\/1"}],"replies":[{"embeddable":true,"href":"https:\/\/www.semanariotiempo.cl\/index.php?rest_route=%2Fwp%2Fv2%2Fcomments&post=18719"}],"version-history":[{"count":1,"href":"https:\/\/www.semanariotiempo.cl\/index.php?rest_route=\/wp\/v2\/posts\/18719\/revisions"}],"predecessor-version":[{"id":18720,"href":"https:\/\/www.semanariotiempo.cl\/index.php?rest_route=\/wp\/v2\/posts\/18719\/revisions\/18720"}],"wp:featuredmedia":[{"embeddable":true,"href":"https:\/\/www.semanariotiempo.cl\/index.php?rest_route=\/wp\/v2\/media\/11432"}],"wp:attachment":[{"href":"https:\/\/www.semanariotiempo.cl\/index.php?rest_route=%2Fwp%2Fv2%2Fmedia&parent=18719"}],"wp:term":[{"taxonomy":"category","embeddable":true,"href":"https:\/\/www.semanariotiempo.cl\/index.php?rest_route=%2Fwp%2Fv2%2Fcategories&post=18719"},{"taxonomy":"post_tag","embeddable":true,"href":"https:\/\/www.semanariotiempo.cl\/index.php?rest_route=%2Fwp%2Fv2%2Ftags&post=18719"}],"curies":[{"name":"wp","href":"https:\/\/api.w.org\/{rel}","templated":true}]}}