{"id":13022,"date":"2024-07-09T20:17:10","date_gmt":"2024-07-10T00:17:10","guid":{"rendered":"https:\/\/www.semanariotiempo.cl\/?p=13022"},"modified":"2024-07-09T20:17:10","modified_gmt":"2024-07-10T00:17:10","slug":"galo-luna-delegado-presidencial-la-desaladora-permite-asegurar-el-consumo-humano-de-agua-y-tambien-apoyar-la-actividad-agricola","status":"publish","type":"post","link":"https:\/\/www.semanariotiempo.cl\/?p=13022","title":{"rendered":"Galo Luna, delegado Presidencial: \u201cLa desaladora permite asegurar el consumo humano de agua y tambi\u00e9n apoyar la actividad agr\u00edcola\u201d"},"content":{"rendered":"<h4><span style=\"color: #800000;\"><strong>Se espera que el Gobierno, a trav\u00e9s de la Direcci\u00f3n General de Concesiones, del Ministerio de Obras P\u00fablicas, concrete el llamado a licitaci\u00f3n p\u00fablica para construir y operar el proyecto Planta Desaladora para la Regi\u00f3n de Coqjuimbo\u201d, valorizado en US$260 millones que se alojar\u00e1 en el sector El Panul de Coquimbo.<\/strong><\/span><\/h4>\n<p><img loading=\"lazy\" decoding=\"async\" class=\"size-full wp-image-13024 aligncenter\" src=\"https:\/\/www.semanariotiempo.cl\/wp-content\/uploads\/2024\/07\/galo-luna.jpg\" alt=\"\" width=\"1024\" height=\"683\" srcset=\"https:\/\/www.semanariotiempo.cl\/wp-content\/uploads\/2024\/07\/galo-luna.jpg 1024w, https:\/\/www.semanariotiempo.cl\/wp-content\/uploads\/2024\/07\/galo-luna-300x200.jpg 300w, https:\/\/www.semanariotiempo.cl\/wp-content\/uploads\/2024\/07\/galo-luna-768x512.jpg 768w, https:\/\/www.semanariotiempo.cl\/wp-content\/uploads\/2024\/07\/galo-luna-696x464.jpg 696w, https:\/\/www.semanariotiempo.cl\/wp-content\/uploads\/2024\/07\/galo-luna-630x420.jpg 630w\" sizes=\"auto, (max-width: 1024px) 100vw, 1024px\" \/><\/p>\n<p>Durante el \u00faltimo trimestre del 2024 se prev\u00e9 que el Gobierno, a trav\u00e9s de la Direcci\u00f3n General de Concesiones del Ministerio de Obras P\u00fablicas (MOP), concrete el anuncio presidencial y llame a licitaci\u00f3n p\u00fablica el proyecto \u201cPlanta Desaladora para la Regi\u00f3n de Coquimbo\u201d, iniciativa que como anunci\u00f3 Semanario Tiempo necesitar\u00e1 de casi US$300 millones para poder materializarse.<\/p>\n<p>Y la semana pasada, Aguas del Valle y la Secretar\u00eda Regional de la cartera encabezaron una instancia de participaci\u00f3n ciudadana temprana, donde la comunidad no solo se interioriz\u00f3 en aspectos t\u00e9cnicos de la medida, sino que se profundiz\u00f3 en intenci\u00f3n de la empresa sanitaria de participar en el proceso, donde el MOP ser\u00e1 el responsable de ingresar este proyecto al Sistema de Evaluaci\u00f3n de Impacto Ambiental (SEIA), para luego licitar su construcci\u00f3n y operaci\u00f3n.<br \/>\nEn ese escenario, el delegado Presidencial, Galo Luna, entreg\u00f3 reacciones, considerando que el proyecto es considerado por autoridades -transversalmente-, gremios y especialistas han oficializado su conformidad en la materia, especialmente por la grave sequ\u00eda que afecta a la regi\u00f3n de Coquimbo.<\/p>\n<p>Para Luna, \u201cnos parece muy relevante que se pueda compartir a la comunidad la dimensi\u00f3n de este proyecto, que es tan importante para la regi\u00f3n porque, pese a las precipitaciones que tuvimos, la crisis h\u00eddrica persiste, estas lluvias fueron solo un alivio\u201d, indic\u00f3.<br \/>\n\u201cEs por ello, que como gobierno hemos avanzado en distintas medidas que permitan contar con soluciones de corto, mediano y largo plazo, y entre ellas est\u00e1 la desaladora, que permite asegurar el consumo humano de agua, y tambi\u00e9n apoyar la actividad agr\u00edcola, que genera miles de empleos y la seguridad alimentaria de gran parte del pa\u00eds\u201d, precis\u00f3.<br \/>\nEl proyecto<br \/>\nLa planta desaladora de Coquimbo se ubicar\u00e1 en el sector de El Panul de Coquimbo y utilizar\u00e1 la tecnolog\u00eda de osmosis inversa para tratar el agua de mar, con una capacidad de 1.200 litros por segundo.<br \/>\nSe estima una inversi\u00f3n de US$ 260 millones y su construcci\u00f3n generar\u00e1 m\u00e1s de mil puestos de trabajo, beneficiando a m\u00e1s de 460.000 habitantes de la conurbaci\u00f3n La Serena-Coquimbo. Asimismo, el complejo tendr\u00e1 una vida \u00fatil de 54 a\u00f1os.<\/p>\n<p>De acuerdo a las estimaciones de Aguas del Valle, el Estudio de Impacto Ambiental (EIA) de la planta se presentar\u00e1 durante el segundo semestre de este a\u00f1o. \u201cEste es un proyecto muy importante para las comunidades y la regi\u00f3n porque viene a reforzar y robustecer la capacidad de la regi\u00f3n para producir agua y distinta a lo que hasta ahora se ha realizado en su historia\u201d, indic\u00f3 el gerente de la compa\u00f1\u00eda, Andr\u00e9s Nazer.<br \/>\nEn tanto, el recurso se almacenar\u00e1 en un estanque de distribuci\u00f3n de agua potable de 8.000 m3, preliminarmente ubicado a cerca de 21 km de la planta.<\/p>\n","protected":false},"excerpt":{"rendered":"<p>Se espera que el Gobierno, a trav\u00e9s de la Direcci\u00f3n General de Concesiones, del Ministerio de Obras P\u00fablicas, concrete el llamado a licitaci\u00f3n p\u00fablica para construir y operar el proyecto Planta Desaladora para la Regi\u00f3n de Coqjuimbo\u201d, valorizado en US$260 millones que se alojar\u00e1 en el sector El Panul de Coquimbo. Durante el \u00faltimo trimestre [&hellip;]<\/p>\n","protected":false},"author":1,"featured_media":13024,"comment_status":"open","ping_status":"open","sticky":false,"template":"","format":"standard","meta":{"tdm_status":"","tdm_grid_status":"","footnotes":"","_wpscppro_dont_share_socialmedia":false,"_wpscppro_custom_social_share_image":0,"_facebook_share_type":"","_twitter_share_type":"","_linkedin_share_type":"","_pinterest_share_type":"","_linkedin_share_type_page":"","_instagram_share_type":"","_medium_share_type":"","_threads_share_type":"","_google_business_share_type":"","_bluesky_share_type":"","_mastodon_share_type":"","_selected_social_profile":[],"_wpsp_enable_custom_social_template":false,"_wpsp_social_scheduling":{"enabled":false,"datetime":null,"platforms":[],"status":"template_only","dateOption":"today","timeOption":"now","customDays":"","customHours":"","customDate":"","customTime":"","schedulingType":"absolute"},"_wpsp_active_default_template":true},"categories":[1],"tags":[8,28,7],"class_list":["post-13022","post","type-post","status-publish","format-standard","has-post-thumbnail","hentry","category-uncategorized","tag-marketing","tag-site-tips","tag-wordpress"],"_links":{"self":[{"href":"https:\/\/www.semanariotiempo.cl\/index.php?rest_route=\/wp\/v2\/posts\/13022","targetHints":{"allow":["GET"]}}],"collection":[{"href":"https:\/\/www.semanariotiempo.cl\/index.php?rest_route=\/wp\/v2\/posts"}],"about":[{"href":"https:\/\/www.semanariotiempo.cl\/index.php?rest_route=\/wp\/v2\/types\/post"}],"author":[{"embeddable":true,"href":"https:\/\/www.semanariotiempo.cl\/index.php?rest_route=\/wp\/v2\/users\/1"}],"replies":[{"embeddable":true,"href":"https:\/\/www.semanariotiempo.cl\/index.php?rest_route=%2Fwp%2Fv2%2Fcomments&post=13022"}],"version-history":[{"count":0,"href":"https:\/\/www.semanariotiempo.cl\/index.php?rest_route=\/wp\/v2\/posts\/13022\/revisions"}],"wp:featuredmedia":[{"embeddable":true,"href":"https:\/\/www.semanariotiempo.cl\/index.php?rest_route=\/wp\/v2\/media\/13024"}],"wp:attachment":[{"href":"https:\/\/www.semanariotiempo.cl\/index.php?rest_route=%2Fwp%2Fv2%2Fmedia&parent=13022"}],"wp:term":[{"taxonomy":"category","embeddable":true,"href":"https:\/\/www.semanariotiempo.cl\/index.php?rest_route=%2Fwp%2Fv2%2Fcategories&post=13022"},{"taxonomy":"post_tag","embeddable":true,"href":"https:\/\/www.semanariotiempo.cl\/index.php?rest_route=%2Fwp%2Fv2%2Ftags&post=13022"}],"curies":[{"name":"wp","href":"https:\/\/api.w.org\/{rel}","templated":true}]}}