{"id":13005,"date":"2024-07-09T19:18:15","date_gmt":"2024-07-09T23:18:15","guid":{"rendered":"https:\/\/www.semanariotiempo.cl\/?p=13005"},"modified":"2024-07-09T19:18:15","modified_gmt":"2024-07-09T23:18:15","slug":"sindicato-de-la-corporacion-gabriel-gonzalez-videla-y-diputada-castillo-se-reunieron-con-ministro-cataldo-por-deuda-historica-en-el-pago-de-las-cotizaciones","status":"publish","type":"post","link":"https:\/\/www.semanariotiempo.cl\/?p=13005","title":{"rendered":"Sindicato de la Corporaci\u00f3n Gabriel Gonzalez Videla y diputada Castillo se reunieron con ministro Cataldo por deuda hist\u00f3rica en el pago de las cotizaciones"},"content":{"rendered":"<p><img loading=\"lazy\" decoding=\"async\" class=\"size-full wp-image-13007 aligncenter\" src=\"https:\/\/www.semanariotiempo.cl\/wp-content\/uploads\/2024\/07\/Sindicato-diputada-y-ministro-Cataldo.jpg\" alt=\"\" width=\"1050\" height=\"788\" srcset=\"https:\/\/www.semanariotiempo.cl\/wp-content\/uploads\/2024\/07\/Sindicato-diputada-y-ministro-Cataldo.jpg 1050w, https:\/\/www.semanariotiempo.cl\/wp-content\/uploads\/2024\/07\/Sindicato-diputada-y-ministro-Cataldo-300x225.jpg 300w, https:\/\/www.semanariotiempo.cl\/wp-content\/uploads\/2024\/07\/Sindicato-diputada-y-ministro-Cataldo-1024x768.jpg 1024w, https:\/\/www.semanariotiempo.cl\/wp-content\/uploads\/2024\/07\/Sindicato-diputada-y-ministro-Cataldo-768x576.jpg 768w, https:\/\/www.semanariotiempo.cl\/wp-content\/uploads\/2024\/07\/Sindicato-diputada-y-ministro-Cataldo-696x522.jpg 696w, https:\/\/www.semanariotiempo.cl\/wp-content\/uploads\/2024\/07\/Sindicato-diputada-y-ministro-Cataldo-560x420.jpg 560w, https:\/\/www.semanariotiempo.cl\/wp-content\/uploads\/2024\/07\/Sindicato-diputada-y-ministro-Cataldo-80x60.jpg 80w, https:\/\/www.semanariotiempo.cl\/wp-content\/uploads\/2024\/07\/Sindicato-diputada-y-ministro-Cataldo-265x198.jpg 265w\" sizes=\"auto, (max-width: 1050px) 100vw, 1050px\" \/><\/p>\n<p>El sindicato de asistentes de la educaci\u00f3n (SITEDUC) de la Corporaci\u00f3n Municipal Gabriel G\u00f3nzalez Videla de la comuna de La Serena, se reuni\u00f3 con el ministro de Educaci\u00f3n, Nicol\u00e1s Cataldo, para reiterar al secretario de Estado un grave e hist\u00f3rico problema: la deuda previsional que sostiene la entidad municipal con las y los trabajadores.<br \/>\nJunto con eso el sindicato plante\u00f3 sus preocupaciones sobre el proceso de traspaso a los Servicios Locales de Educaci\u00f3n P\u00fablica (SLEP) en materia de estado y necesidades de infraestructura de los establecimientos educativos -de la zona urbana y rural- y en lo referente a las deudas con los funcionarios.<br \/>\nLa cita gestionada por la diputada Nathalie Castillo fue bien valorada por los dirigentes, quienes destacaron el espacio y la oportunidad de plantearle directamente al ministro la serie de inquietudes que tiene el sindicato. La parlamentaria destac\u00f3 que se haya atendido la preocupaci\u00f3n de los funcionarios sobre las lagunas previsionales.<br \/>\nAsimismo, en la reuni\u00f3n SITEDUC manifest\u00f3 su preocupaci\u00f3n por las irregularidades en el pago de los Bonos de Desempe\u00f1o Laboral (BDL) y las condiciones de jubilaci\u00f3n de socios que se encuentren en proceso de incentivo al retiro, entre otros temas.<br \/>\n\u201cNos vamos con mucha tranquilidad respecto a la garant\u00eda que nos entrega el Ministerio de Educaci\u00f3n de que este proceso no va a ser en ning\u00fan caso en detrimento de quienes hoy d\u00eda realizan y ejercen la funci\u00f3n p\u00fablica de educar en el municipio de los diversos establecimientos de la comuna\u201d, se\u00f1al\u00f3 la diputada Castillo.<br \/>\nJorge Poblete, presidente y representante de la organizaci\u00f3n sindical, destac\u00f3 la disposici\u00f3n del ministro en escuchar a los y las trabajadores, especialmente sobre la continuidad y garant\u00eda del traspaso al SLEP Elqui.<br \/>\n\u201cInformaremos a la asamblea los detalles de la reuni\u00f3n. Fue una instancia fraterna\u201d, recalc\u00f3.<\/p>\n","protected":false},"excerpt":{"rendered":"<p>El sindicato de asistentes de la educaci\u00f3n (SITEDUC) de la Corporaci\u00f3n Municipal Gabriel G\u00f3nzalez Videla de la comuna de La Serena, se reuni\u00f3 con el ministro de Educaci\u00f3n, Nicol\u00e1s Cataldo, para reiterar al secretario de Estado un grave e hist\u00f3rico problema: la deuda previsional que sostiene la entidad municipal con las y los trabajadores. Junto [&hellip;]<\/p>\n","protected":false},"author":1,"featured_media":13007,"comment_status":"open","ping_status":"open","sticky":false,"template":"","format":"standard","meta":{"tdm_status":"","tdm_grid_status":"","footnotes":"","_wpscppro_dont_share_socialmedia":false,"_wpscppro_custom_social_share_image":0,"_facebook_share_type":"","_twitter_share_type":"","_linkedin_share_type":"","_pinterest_share_type":"","_linkedin_share_type_page":"","_instagram_share_type":"","_medium_share_type":"","_threads_share_type":"","_google_business_share_type":"","_bluesky_share_type":"","_mastodon_share_type":"","_selected_social_profile":[],"_wpsp_enable_custom_social_template":false,"_wpsp_social_scheduling":{"enabled":false,"datetime":null,"platforms":[],"status":"template_only","dateOption":"today","timeOption":"now","customDays":"","customHours":"","customDate":"","customTime":"","schedulingType":"absolute"},"_wpsp_active_default_template":true},"categories":[1],"tags":[8,28],"class_list":["post-13005","post","type-post","status-publish","format-standard","has-post-thumbnail","hentry","category-uncategorized","tag-marketing","tag-site-tips"],"_links":{"self":[{"href":"https:\/\/www.semanariotiempo.cl\/index.php?rest_route=\/wp\/v2\/posts\/13005","targetHints":{"allow":["GET"]}}],"collection":[{"href":"https:\/\/www.semanariotiempo.cl\/index.php?rest_route=\/wp\/v2\/posts"}],"about":[{"href":"https:\/\/www.semanariotiempo.cl\/index.php?rest_route=\/wp\/v2\/types\/post"}],"author":[{"embeddable":true,"href":"https:\/\/www.semanariotiempo.cl\/index.php?rest_route=\/wp\/v2\/users\/1"}],"replies":[{"embeddable":true,"href":"https:\/\/www.semanariotiempo.cl\/index.php?rest_route=%2Fwp%2Fv2%2Fcomments&post=13005"}],"version-history":[{"count":0,"href":"https:\/\/www.semanariotiempo.cl\/index.php?rest_route=\/wp\/v2\/posts\/13005\/revisions"}],"wp:featuredmedia":[{"embeddable":true,"href":"https:\/\/www.semanariotiempo.cl\/index.php?rest_route=\/wp\/v2\/media\/13007"}],"wp:attachment":[{"href":"https:\/\/www.semanariotiempo.cl\/index.php?rest_route=%2Fwp%2Fv2%2Fmedia&parent=13005"}],"wp:term":[{"taxonomy":"category","embeddable":true,"href":"https:\/\/www.semanariotiempo.cl\/index.php?rest_route=%2Fwp%2Fv2%2Fcategories&post=13005"},{"taxonomy":"post_tag","embeddable":true,"href":"https:\/\/www.semanariotiempo.cl\/index.php?rest_route=%2Fwp%2Fv2%2Ftags&post=13005"}],"curies":[{"name":"wp","href":"https:\/\/api.w.org\/{rel}","templated":true}]}}