{"id":12984,"date":"2024-07-08T19:26:21","date_gmt":"2024-07-08T23:26:21","guid":{"rendered":"https:\/\/www.semanariotiempo.cl\/?p=12984"},"modified":"2024-07-08T19:28:46","modified_gmt":"2024-07-08T23:28:46","slug":"estudiantes-de-liceos-tecnicos-de-coquimbo-desarrollan-soluciones-innovadoras-a-desafios-de-la-industria-local","status":"publish","type":"post","link":"https:\/\/www.semanariotiempo.cl\/?p=12984","title":{"rendered":"Estudiantes de liceos t\u00e9cnicos de Coquimbo desarrollan soluciones innovadoras a desaf\u00edos de la industria local"},"content":{"rendered":"<h4><span style=\"color: #800000;\"><strong>Con el respaldo de liceos t\u00e9cnico profesionales y empresas, el programa EducaTE promueve la vinculaci\u00f3n temprana entre establecimientos educacionales y el sector privado, generando oportunidades de crecimiento a trav\u00e9s de la educaci\u00f3n pr\u00e1ctica y casos reales.<\/strong><\/span><\/h4>\n<p><img loading=\"lazy\" decoding=\"async\" class=\"size-full wp-image-12986 aligncenter\" src=\"https:\/\/www.semanariotiempo.cl\/wp-content\/uploads\/2024\/07\/liceos-tecnicos.jpg\" alt=\"\" width=\"1050\" height=\"788\" srcset=\"https:\/\/www.semanariotiempo.cl\/wp-content\/uploads\/2024\/07\/liceos-tecnicos.jpg 1050w, https:\/\/www.semanariotiempo.cl\/wp-content\/uploads\/2024\/07\/liceos-tecnicos-300x225.jpg 300w, https:\/\/www.semanariotiempo.cl\/wp-content\/uploads\/2024\/07\/liceos-tecnicos-1024x768.jpg 1024w, https:\/\/www.semanariotiempo.cl\/wp-content\/uploads\/2024\/07\/liceos-tecnicos-768x576.jpg 768w, https:\/\/www.semanariotiempo.cl\/wp-content\/uploads\/2024\/07\/liceos-tecnicos-696x522.jpg 696w, https:\/\/www.semanariotiempo.cl\/wp-content\/uploads\/2024\/07\/liceos-tecnicos-560x420.jpg 560w, https:\/\/www.semanariotiempo.cl\/wp-content\/uploads\/2024\/07\/liceos-tecnicos-80x60.jpg 80w, https:\/\/www.semanariotiempo.cl\/wp-content\/uploads\/2024\/07\/liceos-tecnicos-265x198.jpg 265w\" sizes=\"auto, (max-width: 1050px) 100vw, 1050px\" \/><\/p>\n<p>En el marco de una iniciativa conjunta entre ISA Interchile y Fundaci\u00f3n Chile, m\u00e1s de 80 estudiantes de 3\u00ba y 4\u00ba medio de liceos t\u00e9cnicos de la Regi\u00f3n de Coquimbo desarrollan proyectos de innovaci\u00f3n en colaboraci\u00f3n con 10 empresas locales a trav\u00e9s del programa EducaTE. La iniciativa, orientada al mejoramiento de la formaci\u00f3n t\u00e9cnico profesional, se enfoca en fortalecer las competencias docentes y promover la participaci\u00f3n activa de mujeres, con el objetivo de contribuir al desarrollo productivo y sostenible de la regi\u00f3n.<br \/>\nA lo largo de este per\u00edodo, los estudiantes han enfrentado desaf\u00edos reales de la industria local, trabajando en conjunto con empresas como Flex, MCI Habita, Sodexo, Minera San Ger\u00f3nimo, Lipigas, Tres Patitos, Ostimar, ISA Interchile, Guardia Costera y Flia Barraza. Bajo la supervisi\u00f3n y apoyo constantes de sus docentes, los j\u00f3venes han creado soluciones sostenibles a problemas locales, demostrando el impacto positivo de la colaboraci\u00f3n entre la industria y el mundo educativo.<\/p>\n<p>\u201cPor medio de esta iniciativa, los estudiantes se conectan con la realidad, enfrentando desaf\u00edos reales y aprendiendo a trabajar en equipo. La innovaci\u00f3n y el trabajo colaborativo son esenciales para preparar una fuerza laboral creativa y bien capacitada, capaz de aportar significativamente al desarrollo de la regi\u00f3n y del pa\u00eds. Estamos muy orgullosos de los avances logrados y del compromiso demostrado por todos los participantes\u201d, se\u00f1al\u00f3 Luis Llano, gerente general de ISA Interchile.<br \/>\nPara Manuel Far\u00edas, Director de Educaci\u00f3n T\u00e9cnica y Trayectorias Formativo Laborales de Fundaci\u00f3n Chile, \u201ca trav\u00e9s de esta vinculaci\u00f3n temprana con empresas regionales, se busca promover la identificaci\u00f3n de oportunidades de colaboraci\u00f3n que enriquezcan las trayectorias educativas y laborales de los j\u00f3venes que han optado por la formaci\u00f3n t\u00e9cnica, incorporando adem\u00e1s innovaci\u00f3n pedag\u00f3gica para asegurar una formaci\u00f3n integral y adaptada a las demandas del mundo laboral actual\u201d.<br \/>\n\u201cEl programa EducaTE integra un enfoque de g\u00e9nero y articula con el sector privado la posibilidad de que los estudiantes desarrollen proyectos tendientes a mejorar los procesos productivos,\u201d agreg\u00f3 la encargada de g\u00e9nero de la Seremi de Energ\u00eda de Coquimbo, Vicky \u00c1vila.<\/p>\n<p>Entre los proyectos desarrollados se encuentra una Casa Inclusiva y Ecol\u00f3gica para una empresa constructora, que incluye un sistema se\u00f1al\u00e9tico adaptado para personas con discapacidad auditiva; proyectos en el \u00e1mbito de la mantenci\u00f3n de \u00e1reas costeras, resoluci\u00f3n de problemas del fouling marino, riego automatizado, energ\u00eda fotovoltaica y recuperaci\u00f3n de aguas grises, entre otros.<br \/>\nJavier Cea, representante de la empresa Lipigas, valor\u00f3 esta iniciativa se\u00f1alando que \u201cse ve que hay hartas horas de trabajo aqu\u00ed, es interesante porque creemos que tiene mucha proyecci\u00f3n. Nosotros interactuamos con las comunidades y con clientes donde creemos que esto puede tener una muy buena aplicaci\u00f3n. Nos vamos contentos, satisfechos y con ganas de que este proyecto pueda avanzar.\u201d<br \/>\nEn tanto, Mar\u00eda Lorena Araya, directora Liceo Pedro Regalado Videla \u00d3rdenes de Andacollo, destac\u00f3 que \u201cuno de los ejes principales de la mesa Energ\u00eda + Mujeres, de la cual forma parte el programa EducaTE, es poder incorporar talento femenino a la industria energ\u00e9tica y fomentar que las ni\u00f1as puedan elegir carreras STEM. La articulaci\u00f3n que tiene ISA Interchile y Fundaci\u00f3n Chile a trav\u00e9s de este programa, toma mayor relevancia al promover la participaci\u00f3n de estudiantes mujeres de iniciativas que son verdaderamente innovadoras\u201d.<\/p>\n<p>Para llevar adelante este programa, 22 docentes de los liceos participantes han sido capacitados como Team Coach a trav\u00e9s de un programa impartido por la Universidad de Tampere de Finlandia, referente internacional en formaci\u00f3n de profesores con metodolog\u00edas de vanguardia en sostenibilidad y resiliencia. Estas capacitaciones buscan no solo mejorar las habilidades pedag\u00f3gicas, sino tambi\u00e9n integrar metodolog\u00edas innovadoras en las aulas, proporcionando a los estudiantes experiencias de aprendizaje pr\u00e1cticas y relevantes, directamente vinculadas con las necesidades del mercado laboral local.<br \/>\nLos liceos que participan del programa son Liceo Fernando Binvignat Mar\u00edn, Colegio San Mart\u00edn de Porres, Colegio Florencia Nightingale, Liceo de adultos Coresol, Escuela Industrial Salesiana San Ram\u00f3n, Liceo Bicentenario Polit\u00e9cnico de Ovalle, Liceo Pedro Regalado Videla \u00d3rdenes y Liceo Carmen Rodr\u00edguez de Tongoy.<br \/>\nComo culminaci\u00f3n de este ciclo del programa EducaTE, en agosto se llevar\u00e1 a cabo una feria regional donde los equipos de estudiantes presentar\u00e1n sus propuestas innovadoras durante la semana de conmemoraci\u00f3n de la Educaci\u00f3n T\u00e9cnico Profesional.<\/p>\n","protected":false},"excerpt":{"rendered":"<p>Con el respaldo de liceos t\u00e9cnico profesionales y empresas, el programa EducaTE promueve la vinculaci\u00f3n temprana entre establecimientos educacionales y el sector privado, generando oportunidades de crecimiento a trav\u00e9s de la educaci\u00f3n pr\u00e1ctica y casos reales. En el marco de una iniciativa conjunta entre ISA Interchile y Fundaci\u00f3n Chile, m\u00e1s de 80 estudiantes de 3\u00ba [&hellip;]<\/p>\n","protected":false},"author":1,"featured_media":12986,"comment_status":"open","ping_status":"open","sticky":false,"template":"","format":"standard","meta":{"tdm_status":"","tdm_grid_status":"","footnotes":"","_wpscppro_dont_share_socialmedia":false,"_wpscppro_custom_social_share_image":0,"_facebook_share_type":"","_twitter_share_type":"","_linkedin_share_type":"","_pinterest_share_type":"","_linkedin_share_type_page":"","_instagram_share_type":"","_medium_share_type":"","_threads_share_type":"","_google_business_share_type":"","_bluesky_share_type":"","_mastodon_share_type":"","_selected_social_profile":[],"_wpsp_enable_custom_social_template":false,"_wpsp_social_scheduling":{"enabled":false,"datetime":null,"platforms":[],"status":"template_only","dateOption":"today","timeOption":"now","customDays":"","customHours":"","customDate":"","customTime":"","schedulingType":"absolute"},"_wpsp_active_default_template":true},"categories":[1],"tags":[22,8,28],"class_list":["post-12984","post","type-post","status-publish","format-standard","has-post-thumbnail","hentry","category-uncategorized","tag-air-ear","tag-marketing","tag-site-tips"],"_links":{"self":[{"href":"https:\/\/www.semanariotiempo.cl\/index.php?rest_route=\/wp\/v2\/posts\/12984","targetHints":{"allow":["GET"]}}],"collection":[{"href":"https:\/\/www.semanariotiempo.cl\/index.php?rest_route=\/wp\/v2\/posts"}],"about":[{"href":"https:\/\/www.semanariotiempo.cl\/index.php?rest_route=\/wp\/v2\/types\/post"}],"author":[{"embeddable":true,"href":"https:\/\/www.semanariotiempo.cl\/index.php?rest_route=\/wp\/v2\/users\/1"}],"replies":[{"embeddable":true,"href":"https:\/\/www.semanariotiempo.cl\/index.php?rest_route=%2Fwp%2Fv2%2Fcomments&post=12984"}],"version-history":[{"count":0,"href":"https:\/\/www.semanariotiempo.cl\/index.php?rest_route=\/wp\/v2\/posts\/12984\/revisions"}],"wp:featuredmedia":[{"embeddable":true,"href":"https:\/\/www.semanariotiempo.cl\/index.php?rest_route=\/wp\/v2\/media\/12986"}],"wp:attachment":[{"href":"https:\/\/www.semanariotiempo.cl\/index.php?rest_route=%2Fwp%2Fv2%2Fmedia&parent=12984"}],"wp:term":[{"taxonomy":"category","embeddable":true,"href":"https:\/\/www.semanariotiempo.cl\/index.php?rest_route=%2Fwp%2Fv2%2Fcategories&post=12984"},{"taxonomy":"post_tag","embeddable":true,"href":"https:\/\/www.semanariotiempo.cl\/index.php?rest_route=%2Fwp%2Fv2%2Ftags&post=12984"}],"curies":[{"name":"wp","href":"https:\/\/api.w.org\/{rel}","templated":true}]}}