{"id":12976,"date":"2024-07-08T19:01:07","date_gmt":"2024-07-08T23:01:07","guid":{"rendered":"https:\/\/www.semanariotiempo.cl\/?p=12976"},"modified":"2024-07-08T19:01:07","modified_gmt":"2024-07-08T23:01:07","slug":"parques-solares-generan-efecto-refugio-para-preservacion-de-la-avifauna","status":"publish","type":"post","link":"https:\/\/www.semanariotiempo.cl\/?p=12976","title":{"rendered":"Parques Solares Generan \u201cEfecto Refugio\u201d para Preservaci\u00f3n de la Avifauna"},"content":{"rendered":"<p><img loading=\"lazy\" decoding=\"async\" class=\"size-full wp-image-12978 aligncenter\" src=\"https:\/\/www.semanariotiempo.cl\/wp-content\/uploads\/2024\/07\/Preservacion-Avifauna.jpg\" alt=\"\" width=\"993\" height=\"662\" srcset=\"https:\/\/www.semanariotiempo.cl\/wp-content\/uploads\/2024\/07\/Preservacion-Avifauna.jpg 993w, https:\/\/www.semanariotiempo.cl\/wp-content\/uploads\/2024\/07\/Preservacion-Avifauna-300x200.jpg 300w, https:\/\/www.semanariotiempo.cl\/wp-content\/uploads\/2024\/07\/Preservacion-Avifauna-768x512.jpg 768w, https:\/\/www.semanariotiempo.cl\/wp-content\/uploads\/2024\/07\/Preservacion-Avifauna-696x464.jpg 696w, https:\/\/www.semanariotiempo.cl\/wp-content\/uploads\/2024\/07\/Preservacion-Avifauna-630x420.jpg 630w\" sizes=\"auto, (max-width: 993px) 100vw, 993px\" \/><\/p>\n<p>Un reciente estudio de monitoreo de avifauna realizado por estudiantes de la Escuela de Ingenier\u00eda en Medio Ambiente y Sustentabilidad de la Universidad Mayor, entreg\u00f3 in\u00e9ditos resultados sobre el comportamiento de las aves nativas al interior de un parque fotovoltaico. El sondeo fue realizado en la Planta La Colonia, construida por IM2 Solar Chile, empresa l\u00edder del segmento PMGD (Peque\u00f1os Medios de Generaci\u00f3n Distribuida).<br \/>\nTras un monitoreo de seis meses, periodo durante el cual se observaron loicas, cuculis, peucos, golondrinas, chercanes, queltehues, tordos y codornices, entre otras especies, fue posible verificar que el parque solar presenta condiciones favorables para el desarrollo de este tipo de especies. Adem\u00e1s, los paneles fotovoltaicos evidencian impactos positivos en el ecosistema, gracias a la sombra que producen, al efecto refugio que generan para el desarrollo de especies herb\u00e1ceas y el reposo productivo de suelo, esto \u00faltimo evidenciado en diferentes estudios cient\u00edficos.<br \/>\nPara el Director Docente de Postgrado de la Escuela de Ingenier\u00eda en Medio Ambiente y Sustentabilidad de la Universidad Mayor, y profesor gu\u00eda de la tesis, C\u00e9sar Mattar, \u201cse desarroll\u00f3 un plan de manejo para la adecuada conservaci\u00f3n de la avifauna, tras lo cual se determinaron \u00edndices de biodiversidad, caracterizaci\u00f3n del ciclo reproductivo de las especies presentes en el \u00e1rea de estudio y su variabilidad con las actividades de mantenci\u00f3n ejecutadas en la planta\u201d.<br \/>\n\u201cAl existir casi nula presencia y\/o tr\u00e1nsito de personas que interfieran en el ecosistema, aparentemente, los paneles funcionan como protectores para la anidaci\u00f3n de algunas especies, no hay ingreso de maquinaria ni motores a combusti\u00f3n que contaminan suelo ni ambiente, y al ser un per\u00edmetro cerrado se constituye como un espacio protegido de otras especies amenazantes y por \u00faltimo, el manejo del \u00e1rea no incluye la aplicaci\u00f3n de herbicidas o xenobi\u00f3ticos para el control de las malezas, permitiendo su crecimiento sin intervenir con el \u00e1rea de incidencia de la luz solar\u201d, explic\u00f3 el acad\u00e9mico.<br \/>\nA partir de este estudio, IM2 Solar, empresa encabezada por Pablo Maestri, firm\u00f3 un acuerdo de cooperaci\u00f3n con la Universidad Mayor para avanzar en diferentes programas de capacitaci\u00f3n, investigaci\u00f3n, desarrollo e innovaci\u00f3n productiva. Entre otros puntos, incluye una propuesta de manejo de avifauna en las plantas solares.<\/p>\n","protected":false},"excerpt":{"rendered":"<p>Un reciente estudio de monitoreo de avifauna realizado por estudiantes de la Escuela de Ingenier\u00eda en Medio Ambiente y Sustentabilidad de la Universidad Mayor, entreg\u00f3 in\u00e9ditos resultados sobre el comportamiento de las aves nativas al interior de un parque fotovoltaico. El sondeo fue realizado en la Planta La Colonia, construida por IM2 Solar Chile, empresa [&hellip;]<\/p>\n","protected":false},"author":1,"featured_media":12978,"comment_status":"open","ping_status":"open","sticky":false,"template":"","format":"standard","meta":{"tdm_status":"","tdm_grid_status":"","footnotes":"","_wpscppro_dont_share_socialmedia":false,"_wpscppro_custom_social_share_image":0,"_facebook_share_type":"","_twitter_share_type":"","_linkedin_share_type":"","_pinterest_share_type":"","_linkedin_share_type_page":"","_instagram_share_type":"","_medium_share_type":"","_threads_share_type":"","_google_business_share_type":"","_bluesky_share_type":"","_mastodon_share_type":"","_selected_social_profile":[],"_wpsp_enable_custom_social_template":false,"_wpsp_social_scheduling":{"enabled":false,"datetime":null,"platforms":[],"status":"template_only","dateOption":"today","timeOption":"now","customDays":"","customHours":"","customDate":"","customTime":"","schedulingType":"absolute"},"_wpsp_active_default_template":true},"categories":[1],"tags":[16,8],"class_list":["post-12976","post","type-post","status-publish","format-standard","has-post-thumbnail","hentry","category-uncategorized","tag-make-money-online","tag-marketing"],"_links":{"self":[{"href":"https:\/\/www.semanariotiempo.cl\/index.php?rest_route=\/wp\/v2\/posts\/12976","targetHints":{"allow":["GET"]}}],"collection":[{"href":"https:\/\/www.semanariotiempo.cl\/index.php?rest_route=\/wp\/v2\/posts"}],"about":[{"href":"https:\/\/www.semanariotiempo.cl\/index.php?rest_route=\/wp\/v2\/types\/post"}],"author":[{"embeddable":true,"href":"https:\/\/www.semanariotiempo.cl\/index.php?rest_route=\/wp\/v2\/users\/1"}],"replies":[{"embeddable":true,"href":"https:\/\/www.semanariotiempo.cl\/index.php?rest_route=%2Fwp%2Fv2%2Fcomments&post=12976"}],"version-history":[{"count":0,"href":"https:\/\/www.semanariotiempo.cl\/index.php?rest_route=\/wp\/v2\/posts\/12976\/revisions"}],"wp:featuredmedia":[{"embeddable":true,"href":"https:\/\/www.semanariotiempo.cl\/index.php?rest_route=\/wp\/v2\/media\/12978"}],"wp:attachment":[{"href":"https:\/\/www.semanariotiempo.cl\/index.php?rest_route=%2Fwp%2Fv2%2Fmedia&parent=12976"}],"wp:term":[{"taxonomy":"category","embeddable":true,"href":"https:\/\/www.semanariotiempo.cl\/index.php?rest_route=%2Fwp%2Fv2%2Fcategories&post=12976"},{"taxonomy":"post_tag","embeddable":true,"href":"https:\/\/www.semanariotiempo.cl\/index.php?rest_route=%2Fwp%2Fv2%2Ftags&post=12976"}],"curies":[{"name":"wp","href":"https:\/\/api.w.org\/{rel}","templated":true}]}}