{"id":12967,"date":"2024-07-08T18:50:47","date_gmt":"2024-07-08T22:50:47","guid":{"rendered":"https:\/\/www.semanariotiempo.cl\/?p=12967"},"modified":"2024-07-08T18:50:47","modified_gmt":"2024-07-08T22:50:47","slug":"lanzan-innovador-programa-tecnologico-acuicola-para-revitalizar-el-cultivo-de-ostra-japonesa-en-chile","status":"publish","type":"post","link":"https:\/\/www.semanariotiempo.cl\/?p=12967","title":{"rendered":"Lanzan innovador programa tecnol\u00f3gico acu\u00edcola para revitalizar el cultivo de Ostra Japonesa en Chile"},"content":{"rendered":"<p><span style=\"color: #800000;\"><strong>La Universidad Cat\u00f3lica del Norte UCN, con el respaldo de Corfo, ha lanzado un ambicioso Programa Tecnol\u00f3gico (PTEC) denominado \u201cDesarrollo y Escalamiento sustentable del cultivo del recurso Ostra Japonesa\u201d. Esta iniciativa, que abarcar\u00e1 ocho regiones del pa\u00eds, tiene como objetivo consolidar el desarrollo sustentable y escalamiento productivo y comercial en la actividad acu\u00edcola del recurso Ostra Japonesa (Crassostrea gigas), contribuyendo a la diversificaci\u00f3n de la matriz productiva acu\u00edcola nacional.<\/strong><\/span><\/p>\n<p><img loading=\"lazy\" decoding=\"async\" class=\"size-full wp-image-12969 aligncenter\" src=\"https:\/\/www.semanariotiempo.cl\/wp-content\/uploads\/2024\/07\/ostras-01.jpg\" alt=\"\" width=\"701\" height=\"714\" srcset=\"https:\/\/www.semanariotiempo.cl\/wp-content\/uploads\/2024\/07\/ostras-01.jpg 701w, https:\/\/www.semanariotiempo.cl\/wp-content\/uploads\/2024\/07\/ostras-01-295x300.jpg 295w, https:\/\/www.semanariotiempo.cl\/wp-content\/uploads\/2024\/07\/ostras-01-696x709.jpg 696w, https:\/\/www.semanariotiempo.cl\/wp-content\/uploads\/2024\/07\/ostras-01-412x420.jpg 412w, https:\/\/www.semanariotiempo.cl\/wp-content\/uploads\/2024\/07\/ostras-01-356x364.jpg 356w\" sizes=\"auto, (max-width: 701px) 100vw, 701px\" \/><img loading=\"lazy\" decoding=\"async\" class=\"size-full wp-image-12970 aligncenter\" src=\"https:\/\/www.semanariotiempo.cl\/wp-content\/uploads\/2024\/07\/ostras-02.jpg\" alt=\"\" width=\"1500\" height=\"877\" srcset=\"https:\/\/www.semanariotiempo.cl\/wp-content\/uploads\/2024\/07\/ostras-02.jpg 1500w, https:\/\/www.semanariotiempo.cl\/wp-content\/uploads\/2024\/07\/ostras-02-300x175.jpg 300w, https:\/\/www.semanariotiempo.cl\/wp-content\/uploads\/2024\/07\/ostras-02-1024x599.jpg 1024w, https:\/\/www.semanariotiempo.cl\/wp-content\/uploads\/2024\/07\/ostras-02-768x449.jpg 768w, https:\/\/www.semanariotiempo.cl\/wp-content\/uploads\/2024\/07\/ostras-02-696x407.jpg 696w, https:\/\/www.semanariotiempo.cl\/wp-content\/uploads\/2024\/07\/ostras-02-1068x624.jpg 1068w, https:\/\/www.semanariotiempo.cl\/wp-content\/uploads\/2024\/07\/ostras-02-718x420.jpg 718w\" sizes=\"auto, (max-width: 1500px) 100vw, 1500px\" \/><br \/>\nEl programa contempla un portafolio de cinco proyectos que buscar\u00e1n, entre otras metas, producir larvas y semillas de ostra japonesa de calidad estandarizada, provenientes de diferentes hatcheries (criaderos) ubicados en el norte y sur de Chile, as\u00ed como realizar una transferencia tecnol\u00f3gica efectiva para la producci\u00f3n de semillas y cultivo de ostra japonesa en Acuicultores de Peque\u00f1a Escala (APES), en \u00c1reas de Manejo y Explotaci\u00f3n de Recursos Bent\u00f3nicos (AMERBS) y empresas de cultivo de moluscos, para el escalamiento y masificaci\u00f3n.<br \/>\nEl Dr. Rodrigo Rojas Araya Director del PTEC y acad\u00e9mico del Departamento de Acuicultura de la Facultad de Ciencias del Mar de la UCN destac\u00f3 que el proyecto incluir\u00e1 la transferencia de semillas en diversas zonas del pa\u00eds, un diagn\u00f3stico de todas las zonas donde potencialmente pudiesen haber peligros sanitarios o de metales pesados, capacitaci\u00f3n y vigilancia tecnol\u00f3gica. \u201cBuscamos rescatar tecnolog\u00edas existentes y adaptarlas localmente para impulsar el cultivo sostenible de la Ostra Japonesa\u201d, indic\u00f3.<\/p>\n<p><strong>Aportar al desarrollo productivo<\/strong><\/p>\n<p>El programa tambi\u00e9n desarrollar\u00e1 una estrategia de comercializaci\u00f3n nacional e internacional para establecer una industria s\u00f3lida del recurso. La co-ejecuci\u00f3n con diversas organizaciones asegurar\u00e1 un abastecimiento de semillas de Ostra Japonesa y fomentar\u00e1 el desarrollo productivo.<br \/>\nMacarena Aljaro Inostroza, Directora de Programas y Consorcios Tecnol\u00f3gicos de Corfo, subray\u00f3 la importancia de diversificar la industria acu\u00edcola, destacando su potencial y su capacidad para enfrentar desaf\u00edos globales como la sustentabilidad y el cambio clim\u00e1tico, as\u00ed como ser una fuente fundamental de prote\u00edna de calidad. \u201cEste programa busca promover la diversificaci\u00f3n de una industria que hoy aporta a la econom\u00eda nacional, pero que adem\u00e1s tiene un tremendo potencial, conociendo los desaf\u00edos a nivel global que hoy existen desde el punto de vista de la sustentabilidad, el cambio clim\u00e1tico, la gesti\u00f3n h\u00eddrica, por tanto la acuicultura pasa a ser un protagonista adem\u00e1s desde la provisi\u00f3n de una prote\u00edna, desde la provisi\u00f3n de una industria que podr\u00eda tener un grado de sostenibilidad pr\u00e1cticamente de un cien por ciento\u201d.<\/p>\n<p>Durante el evento de lanzamiento en el Campus Guayac\u00e1n de la UCN en Coquimbo, P\u00eda Castillo Bosselaar, Seremi de Econom\u00eda, Fomento y Turismo de la Regi\u00f3n de Coquimbo, resalt\u00f3 la inversi\u00f3n de 3.400 millones de pesos por parte de Corfo y la importancia de la colaboraci\u00f3n con la academia para reactivar econ\u00f3micamente el sector acu\u00edcola. Destac\u00f3 tambi\u00e9n el liderazgo de mujeres en la regi\u00f3n. \u201cParticularmente en la Regi\u00f3n de Coquimbo, este sector que ha sido hist\u00f3ricamente habitado por hombres, ahora tambi\u00e9n lo lideran mujeres que se reconvirtieron desde la pesca artesanal a la acuicultura. Esto nos permite creer y pensar que cuando hay estas reconversiones laborales en el mundo de la pesca con innovaci\u00f3n, con apoyo de la academia, con apoyo de instituciones como la Corfo, ocurre lo que ocurri\u00f3 por ejemplo hace unos a\u00f1os con el osti\u00f3n\u201d.<br \/>\nDestac\u00f3, adem\u00e1s, que ya se est\u00e1n viendo algunos resultados en el cultivo de la Ostra Japonesa, \u201cjunto con la AG de Tongoy y de la Cooperativa de Mujeres que est\u00e1 en la misma localidad\u201d, puntualiz\u00f3.<br \/>\nLa iniciativa identificar\u00e1 zonas potenciales de cultivo desde el punto de vista sanitario, realizar\u00e1 transferencia tecnol\u00f3gica efectiva, desarrollar\u00e1 una estrategia de negocios para la comercializaci\u00f3n de larvas y semillas, y formar\u00e1 capital humano necesario para el cultivo y escalamiento sustentable del recurso.<\/p>\n<p><strong>Beneficiarios<\/strong><br \/>\nDevora Garc\u00eda, representante de la Cooperativa Acuipesca Tongoy Mujeres coment\u00f3 sobre su experiencia y expectativas. \u201cEstamos en la acuicultura hace m\u00e1s de 20 a\u00f1os y proyect\u00e1ndonos con la Ostra Japonesa desde el 2019, tenemos una vasta experiencia. Somos cinco mujeres, pero m\u00e1s que cinco mujeres somos cinco acuicultoras que queremos que la ostra japonesa pueda<br \/>\ntener esta relevancia. Hoy es un hito como acuicultoras de peque\u00f1a escala, que se ejecute este programado enfocado hacia el futuro de la ostra.<\/p>\n","protected":false},"excerpt":{"rendered":"<p>La Universidad Cat\u00f3lica del Norte UCN, con el respaldo de Corfo, ha lanzado un ambicioso Programa Tecnol\u00f3gico (PTEC) denominado \u201cDesarrollo y Escalamiento sustentable del cultivo del recurso Ostra Japonesa\u201d. Esta iniciativa, que abarcar\u00e1 ocho regiones del pa\u00eds, tiene como objetivo consolidar el desarrollo sustentable y escalamiento productivo y comercial en la actividad acu\u00edcola del recurso [&hellip;]<\/p>\n","protected":false},"author":1,"featured_media":12969,"comment_status":"open","ping_status":"open","sticky":false,"template":"","format":"standard","meta":{"tdm_status":"","tdm_grid_status":"","footnotes":"","_wpscppro_dont_share_socialmedia":false,"_wpscppro_custom_social_share_image":0,"_facebook_share_type":"","_twitter_share_type":"","_linkedin_share_type":"","_pinterest_share_type":"","_linkedin_share_type_page":"","_instagram_share_type":"","_medium_share_type":"","_threads_share_type":"","_google_business_share_type":"","_bluesky_share_type":"","_mastodon_share_type":"","_selected_social_profile":[],"_wpsp_enable_custom_social_template":false,"_wpsp_social_scheduling":{"enabled":false,"datetime":null,"platforms":[],"status":"template_only","dateOption":"today","timeOption":"now","customDays":"","customHours":"","customDate":"","customTime":"","schedulingType":"absolute"},"_wpsp_active_default_template":true},"categories":[1],"tags":[8,6,28],"class_list":["post-12967","post","type-post","status-publish","format-standard","has-post-thumbnail","hentry","category-uncategorized","tag-marketing","tag-redesign","tag-site-tips"],"_links":{"self":[{"href":"https:\/\/www.semanariotiempo.cl\/index.php?rest_route=\/wp\/v2\/posts\/12967","targetHints":{"allow":["GET"]}}],"collection":[{"href":"https:\/\/www.semanariotiempo.cl\/index.php?rest_route=\/wp\/v2\/posts"}],"about":[{"href":"https:\/\/www.semanariotiempo.cl\/index.php?rest_route=\/wp\/v2\/types\/post"}],"author":[{"embeddable":true,"href":"https:\/\/www.semanariotiempo.cl\/index.php?rest_route=\/wp\/v2\/users\/1"}],"replies":[{"embeddable":true,"href":"https:\/\/www.semanariotiempo.cl\/index.php?rest_route=%2Fwp%2Fv2%2Fcomments&post=12967"}],"version-history":[{"count":0,"href":"https:\/\/www.semanariotiempo.cl\/index.php?rest_route=\/wp\/v2\/posts\/12967\/revisions"}],"wp:featuredmedia":[{"embeddable":true,"href":"https:\/\/www.semanariotiempo.cl\/index.php?rest_route=\/wp\/v2\/media\/12969"}],"wp:attachment":[{"href":"https:\/\/www.semanariotiempo.cl\/index.php?rest_route=%2Fwp%2Fv2%2Fmedia&parent=12967"}],"wp:term":[{"taxonomy":"category","embeddable":true,"href":"https:\/\/www.semanariotiempo.cl\/index.php?rest_route=%2Fwp%2Fv2%2Fcategories&post=12967"},{"taxonomy":"post_tag","embeddable":true,"href":"https:\/\/www.semanariotiempo.cl\/index.php?rest_route=%2Fwp%2Fv2%2Ftags&post=12967"}],"curies":[{"name":"wp","href":"https:\/\/api.w.org\/{rel}","templated":true}]}}