{"id":12964,"date":"2024-07-08T18:47:05","date_gmt":"2024-07-08T22:47:05","guid":{"rendered":"https:\/\/www.semanariotiempo.cl\/?p=12964"},"modified":"2024-07-08T18:47:05","modified_gmt":"2024-07-08T22:47:05","slug":"desmpleo-incentivos-y-productividad","status":"publish","type":"post","link":"https:\/\/www.semanariotiempo.cl\/?p=12964","title":{"rendered":"Desmpleo, incentivos y productividad"},"content":{"rendered":"<p>Una buena noticia sin duda. El n\u00famero de \u201cocupados\u201d aumenta por segunda vez consecutiva y la tasa de desocupaci\u00f3n disminuye 0,6 puntos en un a\u00f1o.<br \/>\nEn total en la regi\u00f3n de Coquimbo son 33.390 personas desocupadas y el n\u00famero de personas ocupadas en 12 meses aument\u00f3 en 4.660 personas m\u00e1s.<br \/>\nAdem\u00e1s, nuestra regi\u00f3n est\u00e1 dejando de ser \u201cel l\u00edder inverso\u201d y ya no tenemos la cabecera del ranking en desocupaci\u00f3n, ya que ahora son las regiones de \u00d1uble (10,2%), O\u2019Higgins (9,5%) y Atacama (9,2%) las que consignaron esos primeros lugares. Coquimbo (8,2%) ocup\u00f3 el d\u00e9cimo lugar. En tanto, las menores tasas fueron registradas por las regiones de Los Lagos (4,8%) y Ays\u00e9n (5,2%).<br \/>\nSin embargo, a nivel nacional el empleo informal es el que en un porcentaje no menor est\u00e1 sustentando estas cifras. De hecho, aument\u00f3 en 3,3% lo que aleja la meta de incrementar el trabajo formal.<br \/>\nY ah\u00ed viene la pregunta de fondo. Por qu\u00e9 raz\u00f3n las personas est\u00e1n tomando la decisi\u00f3n de avanzar con un trabajo informal, o por qu\u00e9 raz\u00f3n las empresas no est\u00e1n aumentando su capacidad de contrataci\u00f3n de manera m\u00e1s profunda.<br \/>\nUna de las razones simples es el aumento de costos de la contrataci\u00f3n en el pa\u00eds. Si bien es cierto que desde el punto de vista empresarial pareciera que nunca ser\u00e1 el tiempo oportuno para reducir la jornada o aumentar el sueldo m\u00ednimo, en lo concreto, en nuestro pa\u00eds ambas medidas (reducci\u00f3n de la jornada laboral de 44 horas y aumento del sueldo m\u00ednimo) llegaron casi en el mismo tiempo, justo cuando la econom\u00eda deb\u00eda estar comenzando a repuntar.<br \/>\nAhora, en el mes de julio, comienza a regir el sueldo de $500.000 el cual ser\u00e1 recibido en nuestra regi\u00f3n por al menos 90 mil personas, que sin duda lo recibir\u00e1n con alegr\u00eda y satisfacci\u00f3n.<br \/>\nPero antes de celebrar, pensemos tambi\u00e9n que si no se controla la inflaci\u00f3n y si no se avanza en los incentivos a la producci\u00f3n, ser\u00e1 dif\u00edcil que estas medidas permitan que la econom\u00eda repunte adecuadamente.<br \/>\nLa mejor forma de aumentar el sueldo m\u00ednimo es alcanzar el pleno empleo. Es all\u00ed cuando las empresas deben aumentar sueldos y prestaciones. Pero no deber\u00eda ser el Estado el gran generador de empleos. Cuidado con aquello.<\/p>\n<p><span style=\"color: #800000;\"><strong>V\u00edctor H. Villagr\u00e1n<\/strong><\/span><br \/>\nEditor Semanario Tiempo<\/p>\n","protected":false},"excerpt":{"rendered":"<p>Una buena noticia sin duda. El n\u00famero de \u201cocupados\u201d aumenta por segunda vez consecutiva y la tasa de desocupaci\u00f3n disminuye 0,6 puntos en un a\u00f1o. En total en la regi\u00f3n de Coquimbo son 33.390 personas desocupadas y el n\u00famero de personas ocupadas en 12 meses aument\u00f3 en 4.660 personas m\u00e1s. Adem\u00e1s, nuestra regi\u00f3n est\u00e1 dejando [&hellip;]<\/p>\n","protected":false},"author":1,"featured_media":12500,"comment_status":"open","ping_status":"open","sticky":false,"template":"","format":"standard","meta":{"tdm_status":"","tdm_grid_status":"","footnotes":"","_wpscppro_dont_share_socialmedia":false,"_wpscppro_custom_social_share_image":0,"_facebook_share_type":"","_twitter_share_type":"","_linkedin_share_type":"","_pinterest_share_type":"","_linkedin_share_type_page":"","_instagram_share_type":"","_medium_share_type":"","_threads_share_type":"","_google_business_share_type":"","_bluesky_share_type":"","_mastodon_share_type":"","_selected_social_profile":[],"_wpsp_enable_custom_social_template":false,"_wpsp_social_scheduling":{"enabled":false,"datetime":null,"platforms":[],"status":"template_only","dateOption":"today","timeOption":"now","customDays":"","customHours":"","customDate":"","customTime":"","schedulingType":"absolute"},"_wpsp_active_default_template":true},"categories":[],"tags":[25],"class_list":["post-12964","post","type-post","status-publish","format-standard","has-post-thumbnail","hentry","tag-wordpress-themes"],"_links":{"self":[{"href":"https:\/\/www.semanariotiempo.cl\/index.php?rest_route=\/wp\/v2\/posts\/12964","targetHints":{"allow":["GET"]}}],"collection":[{"href":"https:\/\/www.semanariotiempo.cl\/index.php?rest_route=\/wp\/v2\/posts"}],"about":[{"href":"https:\/\/www.semanariotiempo.cl\/index.php?rest_route=\/wp\/v2\/types\/post"}],"author":[{"embeddable":true,"href":"https:\/\/www.semanariotiempo.cl\/index.php?rest_route=\/wp\/v2\/users\/1"}],"replies":[{"embeddable":true,"href":"https:\/\/www.semanariotiempo.cl\/index.php?rest_route=%2Fwp%2Fv2%2Fcomments&post=12964"}],"version-history":[{"count":0,"href":"https:\/\/www.semanariotiempo.cl\/index.php?rest_route=\/wp\/v2\/posts\/12964\/revisions"}],"wp:featuredmedia":[{"embeddable":true,"href":"https:\/\/www.semanariotiempo.cl\/index.php?rest_route=\/wp\/v2\/media\/12500"}],"wp:attachment":[{"href":"https:\/\/www.semanariotiempo.cl\/index.php?rest_route=%2Fwp%2Fv2%2Fmedia&parent=12964"}],"wp:term":[{"taxonomy":"category","embeddable":true,"href":"https:\/\/www.semanariotiempo.cl\/index.php?rest_route=%2Fwp%2Fv2%2Fcategories&post=12964"},{"taxonomy":"post_tag","embeddable":true,"href":"https:\/\/www.semanariotiempo.cl\/index.php?rest_route=%2Fwp%2Fv2%2Ftags&post=12964"}],"curies":[{"name":"wp","href":"https:\/\/api.w.org\/{rel}","templated":true}]}}