{"id":12898,"date":"2024-06-26T15:46:25","date_gmt":"2024-06-26T19:46:25","guid":{"rendered":"https:\/\/www.semanariotiempo.cl\/?p=12898"},"modified":"2024-06-26T15:46:25","modified_gmt":"2024-06-26T19:46:25","slug":"uls-y-hospital-de-la-serena-trabajan-en-el-desarrollo-de-soluciones-tecnologicas-para-pacientes-con-problemas-de-laringe","status":"publish","type":"post","link":"https:\/\/www.semanariotiempo.cl\/?p=12898","title":{"rendered":"ULS y Hospital de La Serena trabajan en el desarrollo de soluciones tecnol\u00f3gicas para pacientes con problemas de laringe"},"content":{"rendered":"<h4><span style=\"color: #800000;\"><strong>Seg\u00fan estad\u00edsticas del Minsal, entre los a\u00f1os 2011 y 2021 se registraron a nivel nacional 737 casos de c\u00e1ncer de laringe, cuyo tratamiento mayoritariamente consiste en una cirug\u00eda que extirpa el tumor canceroso y muchas veces la totalidad de la laringe tambi\u00e9n, tras lo cual el paciente debe comenzar un largo camino de adaptaci\u00f3n a una nueva y desafiante realidad.<\/strong><\/span><\/h4>\n<p><img loading=\"lazy\" decoding=\"async\" class=\"size-full wp-image-12900 aligncenter\" src=\"https:\/\/www.semanariotiempo.cl\/wp-content\/uploads\/2024\/06\/ULS-hospital-01.jpg\" alt=\"\" width=\"1500\" height=\"1125\" srcset=\"https:\/\/www.semanariotiempo.cl\/wp-content\/uploads\/2024\/06\/ULS-hospital-01.jpg 1500w, https:\/\/www.semanariotiempo.cl\/wp-content\/uploads\/2024\/06\/ULS-hospital-01-300x225.jpg 300w, https:\/\/www.semanariotiempo.cl\/wp-content\/uploads\/2024\/06\/ULS-hospital-01-1024x768.jpg 1024w, https:\/\/www.semanariotiempo.cl\/wp-content\/uploads\/2024\/06\/ULS-hospital-01-768x576.jpg 768w, https:\/\/www.semanariotiempo.cl\/wp-content\/uploads\/2024\/06\/ULS-hospital-01-696x522.jpg 696w, https:\/\/www.semanariotiempo.cl\/wp-content\/uploads\/2024\/06\/ULS-hospital-01-1068x801.jpg 1068w, https:\/\/www.semanariotiempo.cl\/wp-content\/uploads\/2024\/06\/ULS-hospital-01-560x420.jpg 560w, https:\/\/www.semanariotiempo.cl\/wp-content\/uploads\/2024\/06\/ULS-hospital-01-80x60.jpg 80w, https:\/\/www.semanariotiempo.cl\/wp-content\/uploads\/2024\/06\/ULS-hospital-01-265x198.jpg 265w\" sizes=\"auto, (max-width: 1500px) 100vw, 1500px\" \/><\/p>\n<p>El c\u00e1ncer de laringe es una enfermedad que afecta a cientos de personas cada a\u00f1o y para muchos pacientes, la cirug\u00eda y posterior p\u00e9rdida de la voz tiene un impacto significativo en t\u00e9rminos personales y sociales, por lo que, la rehabilitaci\u00f3n se vuelve fundamental para brindar calidad de vida al paciente y su familia. Y es en este contexto en que surge una fruct\u00edfera alianza entre el Hospital de La Serena y la Universidad de La Serena, quienes est\u00e1n trabajando en el desarrollo de una soluci\u00f3n tecnol\u00f3gica que les devuelva la capacidad de comunicarse a estas personas gracias a un laring\u00f3fono manos libres.<br \/>\nEntre las diferentes etapas del proceso de rehabilitaci\u00f3n, el paciente operado de c\u00e1ncer de laringe, podr\u00eda acceder al uso de un laring\u00f3fono, que es un dispositivo electr\u00f3nico que transmite vibraciones externas a la pared far\u00edngea y al suelo de la boca, produciendo sonido, lo cual requiere que el paciente acerque el dispositivo a su cuello, sosteni\u00e9ndolo mientras se comunica.<\/p>\n<p>Don Pedro Past\u00e9n, de 75 a\u00f1os, es paciente del Hospital de La Serena y hace veinte a\u00f1os se someti\u00f3 a una laringectom\u00eda total, es decir, le extirparon la laringe completamente. Luego de varios a\u00f1os, donde su capacidad social se vio bruscamente limitada, recibi\u00f3 un laring\u00f3fono tradicional para poder comunicarse y si bien, es una soluci\u00f3n, el dise\u00f1o del dispositivo representa algunas limitaciones como, el uso de las manos para poder hablar, lo cual es inc\u00f3modo y poco pr\u00e1ctico en muchas situaciones laborales y del diario vivir.<br \/>\nAl observar esta problem\u00e1tica y motivados por aportar a la calidad de vida de los pacientes, el equipo de fonoaudiolog\u00eda del CDT del Hospital de La Serena uni\u00f3 fuerzas con el equipo de innovaci\u00f3n de la Universidad de La Serena (ULS), y tras un valioso intercambio de experiencias que comenz\u00f3 en el 2023, han podido avanzar en el desarrollo de prototipos que se acerquen a un dise\u00f1o de laring\u00f3fono manos libres de bajo costo.<\/p>\n<p>Lo que se busca es un dispositivo m\u00e1s c\u00f3modo, de f\u00e1cil uso y que le de autonom\u00eda al paciente, liberando sus manos del proceso de comunicaci\u00f3n. Al respecto, Joaqu\u00edn Plaza, fonoaudi\u00f3logo de la Unidad de Medicina F\u00edsica y Rehabilitaci\u00f3n del CDT del Hospital de La Serena, que se desempe\u00f1a en el Servicio de Otorrinolaringolog\u00eda del mismo hospital, e impulsor de la iniciativa, explica que \u201clas laringes electr\u00f3nicas actuales siempre van a limitar la funcionalidad del paciente, principalmente su dise\u00f1o requiere que la persona utilice las manos. Por eso, la opci\u00f3n de un artefacto manos libres tendr\u00eda un impacto muy positivo para el paciente, ya que le permitir\u00eda realizar m\u00e1s actividades en su vida diaria\u201d<br \/>\nPor su parte, Raquel L\u00f3pez, acad\u00e9mica en la Facultad de Ingenier\u00eda y directora del Laboratorio ULS 3D+ de la casa de estudios, comenta que, desde el a\u00f1o pasado, est\u00e1 liderando el desarrollo del novedoso prototipo de laringe electr\u00f3nica manos libres. \u201cEste proyecto, ha implicado un gran desaf\u00edo para los estudiantes y se transform\u00f3 en uno de los m\u00e1s importantes para el equipo, por el impacto en el cambio de vida de las personas. Un aspecto clave del dise\u00f1o, es el sistema el\u00e9ctrico y su funcionamiento interno, por lo que la investigaci\u00f3n del circuito electr\u00f3nico se volvi\u00f3 crucial\u201d, explica.<\/p>\n<p>Para seguir avanzando en el desarrollo de un nuevo prototipo de laringe electr\u00f3nica manos libres, Raquel L\u00f3pez y su equipo han lanzado una campa\u00f1a interna para recolectar bater\u00edas de celulares antiguos. Esta acci\u00f3n busca abordar uno de los principales retos del proyecto: reducir el tama\u00f1o del circuito electr\u00f3nico para que el dispositivo sea m\u00e1s pr\u00e1ctico, buscan desarrollar una versi\u00f3n pocket que sea m\u00e1s c\u00f3moda para el uso diario. \u201cQueremos que el renovado dise\u00f1o sea lo suficientemente peque\u00f1o para que se pueda llevar en el bolsillo y no interfiera con las actividades cotidianas de las personas\u201d, se\u00f1al\u00f3 Raquel.<\/p>\n","protected":false},"excerpt":{"rendered":"<p>Seg\u00fan estad\u00edsticas del Minsal, entre los a\u00f1os 2011 y 2021 se registraron a nivel nacional 737 casos de c\u00e1ncer de laringe, cuyo tratamiento mayoritariamente consiste en una cirug\u00eda que extirpa el tumor canceroso y muchas veces la totalidad de la laringe tambi\u00e9n, tras lo cual el paciente debe comenzar un largo camino de adaptaci\u00f3n a [&hellip;]<\/p>\n","protected":false},"author":1,"featured_media":12900,"comment_status":"open","ping_status":"open","sticky":false,"template":"","format":"standard","meta":{"tdm_status":"","tdm_grid_status":"","footnotes":"","_wpscppro_dont_share_socialmedia":false,"_wpscppro_custom_social_share_image":0,"_facebook_share_type":"","_twitter_share_type":"","_linkedin_share_type":"","_pinterest_share_type":"","_linkedin_share_type_page":"","_instagram_share_type":"","_medium_share_type":"","_threads_share_type":"","_google_business_share_type":"","_bluesky_share_type":"","_mastodon_share_type":"","_selected_social_profile":[],"_wpsp_enable_custom_social_template":false,"_wpsp_social_scheduling":{"enabled":false,"datetime":null,"platforms":[],"status":"template_only","dateOption":"today","timeOption":"now","customDays":"","customHours":"","customDate":"","customTime":"","schedulingType":"absolute"},"_wpsp_active_default_template":true},"categories":[1],"tags":[22,8],"class_list":["post-12898","post","type-post","status-publish","format-standard","has-post-thumbnail","hentry","category-uncategorized","tag-air-ear","tag-marketing"],"_links":{"self":[{"href":"https:\/\/www.semanariotiempo.cl\/index.php?rest_route=\/wp\/v2\/posts\/12898","targetHints":{"allow":["GET"]}}],"collection":[{"href":"https:\/\/www.semanariotiempo.cl\/index.php?rest_route=\/wp\/v2\/posts"}],"about":[{"href":"https:\/\/www.semanariotiempo.cl\/index.php?rest_route=\/wp\/v2\/types\/post"}],"author":[{"embeddable":true,"href":"https:\/\/www.semanariotiempo.cl\/index.php?rest_route=\/wp\/v2\/users\/1"}],"replies":[{"embeddable":true,"href":"https:\/\/www.semanariotiempo.cl\/index.php?rest_route=%2Fwp%2Fv2%2Fcomments&post=12898"}],"version-history":[{"count":0,"href":"https:\/\/www.semanariotiempo.cl\/index.php?rest_route=\/wp\/v2\/posts\/12898\/revisions"}],"wp:featuredmedia":[{"embeddable":true,"href":"https:\/\/www.semanariotiempo.cl\/index.php?rest_route=\/wp\/v2\/media\/12900"}],"wp:attachment":[{"href":"https:\/\/www.semanariotiempo.cl\/index.php?rest_route=%2Fwp%2Fv2%2Fmedia&parent=12898"}],"wp:term":[{"taxonomy":"category","embeddable":true,"href":"https:\/\/www.semanariotiempo.cl\/index.php?rest_route=%2Fwp%2Fv2%2Fcategories&post=12898"},{"taxonomy":"post_tag","embeddable":true,"href":"https:\/\/www.semanariotiempo.cl\/index.php?rest_route=%2Fwp%2Fv2%2Ftags&post=12898"}],"curies":[{"name":"wp","href":"https:\/\/api.w.org\/{rel}","templated":true}]}}