{"id":12884,"date":"2024-06-23T21:24:57","date_gmt":"2024-06-24T01:24:57","guid":{"rendered":"https:\/\/www.semanariotiempo.cl\/?p=12884"},"modified":"2024-06-23T21:24:57","modified_gmt":"2024-06-24T01:24:57","slug":"mercado-del-mar-espera-reactivarse-en-septiembre-aunque-demandara-recursos-por-us10-millones","status":"publish","type":"post","link":"https:\/\/www.semanariotiempo.cl\/?p=12884","title":{"rendered":"Mercado del Mar espera reactivarse en septiembre, aunque demandar\u00e1 recursos por US$10 millones"},"content":{"rendered":"<h4><span style=\"color: #800000;\"><strong>El anhelado proyecto -paralizado desde el 2017 por la quiebra de la empresa a cargo de las obras- ingres\u00f3 al Sistema Nacional de Inversiones y se prev\u00e9 que durante ese mes obtenga la Resoluci\u00f3n Satisfactoria para su continuidad. Luego, la iniciativa deber\u00e1 conseguir los montos necesarios para avanzar en su construcci\u00f3n definitiva.<\/strong><\/span><\/h4>\n<p><img loading=\"lazy\" decoding=\"async\" class=\"size-full wp-image-12886 aligncenter\" src=\"https:\/\/www.semanariotiempo.cl\/wp-content\/uploads\/2024\/06\/Mercado-del-Mar-3.jpg\" alt=\"\" width=\"1152\" height=\"768\" srcset=\"https:\/\/www.semanariotiempo.cl\/wp-content\/uploads\/2024\/06\/Mercado-del-Mar-3.jpg 1152w, https:\/\/www.semanariotiempo.cl\/wp-content\/uploads\/2024\/06\/Mercado-del-Mar-3-300x200.jpg 300w, https:\/\/www.semanariotiempo.cl\/wp-content\/uploads\/2024\/06\/Mercado-del-Mar-3-1024x683.jpg 1024w, https:\/\/www.semanariotiempo.cl\/wp-content\/uploads\/2024\/06\/Mercado-del-Mar-3-768x512.jpg 768w, https:\/\/www.semanariotiempo.cl\/wp-content\/uploads\/2024\/06\/Mercado-del-Mar-3-696x464.jpg 696w, https:\/\/www.semanariotiempo.cl\/wp-content\/uploads\/2024\/06\/Mercado-del-Mar-3-1068x712.jpg 1068w, https:\/\/www.semanariotiempo.cl\/wp-content\/uploads\/2024\/06\/Mercado-del-Mar-3-630x420.jpg 630w\" sizes=\"auto, (max-width: 1152px) 100vw, 1152px\" \/><\/p>\n<p>El primer semestre del 2023, Semanario Tiempo sobre inform\u00f3 la intenci\u00f3n de la Municipalidad de Coquimbo en reactivar el anhelado proyecto del Mercado del Mar, iniciativa que el 2017 vio paralizada sus obras por la quiebra de la empresa que ejecutaba los trabajos.<br \/>\nEl proyecto, ingresado al Servicio de Evaluaci\u00f3n Ambiental, a trav\u00e9s de una Consulta de Pertinencia (CP), daba cuenta de una inversi\u00f3n de US$9,9 millones, con el fin de agrupar y ordenar a los diversos locatarios de cociner\u00edas y puestos de ventas de mariscos que actualmente operan en el sector de la Costanera de la ciudad puerto, a trav\u00e9s de edificio, de tres pisos, con una superficie de 5.716 metros cuadrados.<\/p>\n<p>A inicios de esta semana, el alcalde Ali Manouchehri, junto a la gobernadora Krist Naranjo y el seremi de Desarrollo Social, Eduardo Alcayaga, confirmaron que se esa iniciativa ingres\u00f3 al Sistema Nacional de Inversiones, y en caso de salir todo bien, en el mes de septiembre tendr\u00eda el esperado \u201cRS\u201d o recomendaci\u00f3n satisfactoria para dar continuidad al proyecto.<br \/>\n\u201cCuando ingresamos el a\u00f1o 2021 al municipio encontramos una ciudad abandonada, donde hab\u00eda sue\u00f1os y anhelos de los vecinos y vecinas que se hab\u00edan visto truncados por empresas que hab\u00edan quebrado y creo que uno de los puntos emblem\u00e1ticos de ese abandono fue el Mercado del Mar\u201d, expres\u00f3 el jefe comunal.<\/p>\n<p>El proyecto est\u00e1 dise\u00f1ado para contar con 110 locales de venta. De esta cobertura, 84 corresponden a locales o puestos de ventas de mariscos y pescados frescos dispuestos en el primer nivel, y los restantes 26 corresponden a cociner\u00edas o restoranes dispuestos -de preferencia- en el segundo nivel. Adem\u00e1s, se prev\u00e9 la construcci\u00f3n de un muelle peatonal, con una superficie de 906,35 m2, en base a pilotes de hormig\u00f3n, vigas met\u00e1licas y pavimento.<br \/>\nEl Seremi de Desarrollo Social, Eduardo Alcayaga, destac\u00f3 que se ha ejecutado un trabajo en conjunto con los equipos municipales en la evaluaci\u00f3n del proyecto, por lo que est\u00e1n optimistas de que el proyecto se retome lo antes posible. Respecto a los plazos, se\u00f1al\u00f3 que \u201cteniendo un sentido de realidad, creemos que deber\u00edamos estar en septiembre u octubre con un RS en la medida que las condiciones previas se superen de manera positiva, sobre todo lo que es el rol del consultor externo que es quien va a decir si esta obra est\u00e1 en condiciones de ser retomada para el objetivo que tuvo su origen\u201d.<\/p>\n<p>La gobernadora Krist Naranjo destac\u00f3 que hay un trabajo concreto y coordinado para que la infraestructura pueda ser terminada, a la vez que comprometi\u00f3 el apoyo del Gobierno Regional respecto de los recursos que se invertir\u00e1n en recuperar la obra, los cuales han subido considerablemente desde que se ide\u00f3 la iniciativa original.<br \/>\n\u201cHoy, el costo de la obra ha subido casi el doble en algunas y el Gobierno Regional est\u00e1 dando de todas formas el apoyo para poder concluir esta obra importante para todos los coquimbanos y coquimbanas\u201d, manifest\u00f3 la m\u00e1xima autoridad regional.<\/p>\n<p><strong>Pasos previos<\/strong><br \/>\nEl 13 de octubre del 2020, la Municipalidad de Coquimbo firm\u00f3 un convenio con la Empresa Portuaria Coquimbo (EPCO), donde las partes acordaron materias de colaboraci\u00f3n en torno al turismo, fomento, e ir pactando un intercambio de iniciativas, proyectos, programas e ideas que vayan destinadas a la ejecuci\u00f3n de obras de desarrollo local, fortalecimiento de instrumentos de gesti\u00f3n local y recuperaci\u00f3n del borde costero de la ciudad.<br \/>\nEn ese sentido, se facult\u00f3 a la casa consistorial a habilitar un paso vehicular con el objeto de comunicar las dependencias del Mercado del Mar con la avenida Costanera, adem\u00e1s de un acceso peatonal central, de 12 metros de ancho, e instalar subterr\u00e1neamente las conexiones de los servicios de agua potable, alcantarillado y electricidad del Mercado del Mar.<\/p>\n","protected":false},"excerpt":{"rendered":"<p>El anhelado proyecto -paralizado desde el 2017 por la quiebra de la empresa a cargo de las obras- ingres\u00f3 al Sistema Nacional de Inversiones y se prev\u00e9 que durante ese mes obtenga la Resoluci\u00f3n Satisfactoria para su continuidad. Luego, la iniciativa deber\u00e1 conseguir los montos necesarios para avanzar en su construcci\u00f3n definitiva. El primer semestre [&hellip;]<\/p>\n","protected":false},"author":1,"featured_media":12886,"comment_status":"open","ping_status":"open","sticky":false,"template":"","format":"standard","meta":{"tdm_status":"","tdm_grid_status":"","footnotes":"","_wpscppro_dont_share_socialmedia":false,"_wpscppro_custom_social_share_image":0,"_facebook_share_type":"","_twitter_share_type":"","_linkedin_share_type":"","_pinterest_share_type":"","_linkedin_share_type_page":"","_instagram_share_type":"","_medium_share_type":"","_threads_share_type":"","_google_business_share_type":"","_bluesky_share_type":"","_mastodon_share_type":"","_selected_social_profile":[],"_wpsp_enable_custom_social_template":false,"_wpsp_social_scheduling":{"enabled":false,"datetime":null,"platforms":[],"status":"template_only","dateOption":"today","timeOption":"now","customDays":"","customHours":"","customDate":"","customTime":"","schedulingType":"absolute"},"_wpsp_active_default_template":true},"categories":[1],"tags":[8,28,5],"class_list":["post-12884","post","type-post","status-publish","format-standard","has-post-thumbnail","hentry","category-uncategorized","tag-marketing","tag-site-tips","tag-website"],"_links":{"self":[{"href":"https:\/\/www.semanariotiempo.cl\/index.php?rest_route=\/wp\/v2\/posts\/12884","targetHints":{"allow":["GET"]}}],"collection":[{"href":"https:\/\/www.semanariotiempo.cl\/index.php?rest_route=\/wp\/v2\/posts"}],"about":[{"href":"https:\/\/www.semanariotiempo.cl\/index.php?rest_route=\/wp\/v2\/types\/post"}],"author":[{"embeddable":true,"href":"https:\/\/www.semanariotiempo.cl\/index.php?rest_route=\/wp\/v2\/users\/1"}],"replies":[{"embeddable":true,"href":"https:\/\/www.semanariotiempo.cl\/index.php?rest_route=%2Fwp%2Fv2%2Fcomments&post=12884"}],"version-history":[{"count":0,"href":"https:\/\/www.semanariotiempo.cl\/index.php?rest_route=\/wp\/v2\/posts\/12884\/revisions"}],"wp:featuredmedia":[{"embeddable":true,"href":"https:\/\/www.semanariotiempo.cl\/index.php?rest_route=\/wp\/v2\/media\/12886"}],"wp:attachment":[{"href":"https:\/\/www.semanariotiempo.cl\/index.php?rest_route=%2Fwp%2Fv2%2Fmedia&parent=12884"}],"wp:term":[{"taxonomy":"category","embeddable":true,"href":"https:\/\/www.semanariotiempo.cl\/index.php?rest_route=%2Fwp%2Fv2%2Fcategories&post=12884"},{"taxonomy":"post_tag","embeddable":true,"href":"https:\/\/www.semanariotiempo.cl\/index.php?rest_route=%2Fwp%2Fv2%2Ftags&post=12884"}],"curies":[{"name":"wp","href":"https:\/\/api.w.org\/{rel}","templated":true}]}}