{"id":12875,"date":"2024-06-23T21:12:49","date_gmt":"2024-06-24T01:12:49","guid":{"rendered":"https:\/\/www.semanariotiempo.cl\/?p=12875"},"modified":"2024-06-23T21:12:49","modified_gmt":"2024-06-24T01:12:49","slug":"hidrogel-algal-para-el-uso-agricola-creado-por-ucn-podria-convertirse-en-biomejorador-de-suelos","status":"publish","type":"post","link":"https:\/\/www.semanariotiempo.cl\/?p=12875","title":{"rendered":"\u201cHidrogel algal\u201d para el uso agr\u00edcola creado por UCN podr\u00eda convertirse en biomejorador de suelos"},"content":{"rendered":"<h4><span style=\"color: #800000;\"><strong>Gracias al proyecto financiado por FONDEF se valid\u00f3 a escala piloto la elaboraci\u00f3n del bioproducto \u201chidrogel algal\u201d.<\/strong><\/span><\/h4>\n<p><img loading=\"lazy\" decoding=\"async\" class=\" wp-image-12877 aligncenter\" src=\"https:\/\/www.semanariotiempo.cl\/wp-content\/uploads\/2024\/06\/Equipo1.jpg\" alt=\"\" width=\"681\" height=\"511\" srcset=\"https:\/\/www.semanariotiempo.cl\/wp-content\/uploads\/2024\/06\/Equipo1.jpg 1600w, https:\/\/www.semanariotiempo.cl\/wp-content\/uploads\/2024\/06\/Equipo1-300x225.jpg 300w, https:\/\/www.semanariotiempo.cl\/wp-content\/uploads\/2024\/06\/Equipo1-1024x768.jpg 1024w, https:\/\/www.semanariotiempo.cl\/wp-content\/uploads\/2024\/06\/Equipo1-768x576.jpg 768w, https:\/\/www.semanariotiempo.cl\/wp-content\/uploads\/2024\/06\/Equipo1-1536x1152.jpg 1536w, https:\/\/www.semanariotiempo.cl\/wp-content\/uploads\/2024\/06\/Equipo1-696x522.jpg 696w, https:\/\/www.semanariotiempo.cl\/wp-content\/uploads\/2024\/06\/Equipo1-1068x801.jpg 1068w, https:\/\/www.semanariotiempo.cl\/wp-content\/uploads\/2024\/06\/Equipo1-560x420.jpg 560w, https:\/\/www.semanariotiempo.cl\/wp-content\/uploads\/2024\/06\/Equipo1-80x60.jpg 80w, https:\/\/www.semanariotiempo.cl\/wp-content\/uploads\/2024\/06\/Equipo1-265x198.jpg 265w\" sizes=\"auto, (max-width: 681px) 100vw, 681px\" \/> <img loading=\"lazy\" decoding=\"async\" class=\"size-full wp-image-12878 aligncenter\" src=\"https:\/\/www.semanariotiempo.cl\/wp-content\/uploads\/2024\/06\/Hidrogel.jpg\" alt=\"\" width=\"680\" height=\"407\" srcset=\"https:\/\/www.semanariotiempo.cl\/wp-content\/uploads\/2024\/06\/Hidrogel.jpg 680w, https:\/\/www.semanariotiempo.cl\/wp-content\/uploads\/2024\/06\/Hidrogel-300x180.jpg 300w\" sizes=\"auto, (max-width: 680px) 100vw, 680px\" \/><\/p>\n<p>Con la finalidad de aportar en la b\u00fasqueda de soluciones a la crisis h\u00eddrica que afecta desde hace a\u00f1os a la Regi\u00f3n de Coquimbo, un equipo multidisciplinario liderado por el Laboratorio de Mol\u00e9culas Bioactivas de la Universidad Cat\u00f3lica del Norte (UCN) ha logrado desarrollar un hidrogel algal para retener el agua aprovechable en los suelos productivos.<br \/>\nEn estos dos \u00faltimos a\u00f1os este grupo de investigaci\u00f3n gracias al proyecto \u201cValidaci\u00f3n socioproductiva de hidrogel algal para el uso estrat\u00e9gico y eficiente del agua en zonas afectadas por la escasez h\u00eddrica\u201d, concret\u00f3 la producci\u00f3n de este bioproducto a escala piloto.<br \/>\nLos resultados de la investigaci\u00f3n fueron presentados en el evento de cierre del proyecto ejecutado el d\u00eda 04 de junio 2024 en dependencias de la UCN por la directora general del proyecto, Dra. Paola Chand\u00eda Parra y los investigadores e investigadoras Paula Needham Schultzki, Nicol\u00e1s Verdugo V\u00e1squez y Mario Jorquera \u00c1lvarez.<br \/>\nLa iniciativa fue financiada por el IX Concurso de Investigaci\u00f3n Tecnol\u00f3gica Programa IDeA del Fondo de Fomento al Desarrollo Cient\u00edfico y Tecnol\u00f3gico-FONDEF a\u00f1o 2020, y cont\u00f3 con el apoyo activo de las entidades asociadas: Molienda Kay D\u00edaz, Sociedad Rubio y Mauad Limitada y el Centro del agua para zonas \u00e1ridas y semi\u00e1ridas de Am\u00e9rica Latina y El Caribe-CAZALAC.<br \/>\nAl referirse a la investigaci\u00f3n, la Dra. Paola Chand\u00eda Parra destac\u00f3 que se pudo constatar que este bioproducto al ser aplicado en suelo cultivable mejora la salud del suelo, y por ende de la planta, manteniendo la producci\u00f3n con menor uso de agua. \u201cEste producto se puede convertir en un biomejorador que puede ser utilizado de manera complementaria en una estrategia de riego, con un uso m\u00e1s eficiente del agua de riego en los suelos cultivables\u201d, explic\u00f3 la investigadora.<br \/>\nPara elaborar el \u201chidrogel algal\u201d se usa como materia prima macroalgas que actualmente no presentan valor comercial y que, por el contrario, constituyen un problema ambiental, social y econ\u00f3mico.<\/p>\n<p>Este proyecto permiti\u00f3 validar la producci\u00f3n del hidrogel algal en una planta piloto de extracci\u00f3n, as\u00ed como, evaluar par\u00e1metros fisiol\u00f3gicos, microbiol\u00f3gicos y agron\u00f3micos por medio de pruebas a nivel predial. De acuerdo con los ensayos, en la uva de mesa Maylen se logr\u00f3 la disminuci\u00f3n de 15% carga de agua de forma permanente y en el caso de la uva pisquera Moscatel Amarilla, la disminuci\u00f3n de carga de agua de forma permanente fue de un 33%.<br \/>\nEl paquete tecnol\u00f3gico re\u00fane todos los resultados productivos generados en esta investigaci\u00f3n, los cuales se encuentran en proceso de protecci\u00f3n de propiedad intelectual y transferencia tecnol\u00f3gica.<br \/>\nNicol\u00e1s Verdugo V\u00e1squez, investigador del INIA Intihuasi que fue parte del equipo que desarroll\u00f3 el proyecto, destac\u00f3 que el producto permitir\u00eda que el mercado tenga un biomejorador de suelo, de origen org\u00e1nico, con propiedades de retenci\u00f3n de humedad de suelo. \u201cHoy las alternativas que existen son de origen sint\u00e9tico y puede generar un problema de contaminaci\u00f3n de suelo\u201d, enfatiz\u00f3.<br \/>\nMientras que la Dra Paola Chand\u00eda dijo que \u201ceste proyecto innovador otorga valor agregado a desechos algales con la generaci\u00f3n de un producto org\u00e1nico, inocuo y biodegradable para optimizar el uso del agua en el cultivo de la vid y aportar a la salud del suelo. Este ciclo virtuoso destaca por su valor comercial, econ\u00f3mico y social, ya que articula dos sectores productivos relevantes del territorio del norte de Chile, Agricultura y Pesca, aprovechando una oportunidad de mercado potencialmente industrializable que aporta al desarrollo de la agricultura en zonas con escasez h\u00eddrica\u201d.<\/p>\n","protected":false},"excerpt":{"rendered":"<p>Gracias al proyecto financiado por FONDEF se valid\u00f3 a escala piloto la elaboraci\u00f3n del bioproducto \u201chidrogel algal\u201d. Con la finalidad de aportar en la b\u00fasqueda de soluciones a la crisis h\u00eddrica que afecta desde hace a\u00f1os a la Regi\u00f3n de Coquimbo, un equipo multidisciplinario liderado por el Laboratorio de Mol\u00e9culas Bioactivas de la Universidad Cat\u00f3lica [&hellip;]<\/p>\n","protected":false},"author":1,"featured_media":12877,"comment_status":"open","ping_status":"open","sticky":false,"template":"","format":"standard","meta":{"tdm_status":"","tdm_grid_status":"","footnotes":"","_wpscppro_dont_share_socialmedia":false,"_wpscppro_custom_social_share_image":0,"_facebook_share_type":"","_twitter_share_type":"","_linkedin_share_type":"","_pinterest_share_type":"","_linkedin_share_type_page":"","_instagram_share_type":"","_medium_share_type":"","_threads_share_type":"","_google_business_share_type":"","_bluesky_share_type":"","_mastodon_share_type":"","_selected_social_profile":[],"_wpsp_enable_custom_social_template":false,"_wpsp_social_scheduling":{"enabled":false,"datetime":null,"platforms":[],"status":"template_only","dateOption":"today","timeOption":"now","customDays":"","customHours":"","customDate":"","customTime":"","schedulingType":"absolute"},"_wpsp_active_default_template":true},"categories":[1],"tags":[8,6,7],"class_list":["post-12875","post","type-post","status-publish","format-standard","has-post-thumbnail","hentry","category-uncategorized","tag-marketing","tag-redesign","tag-wordpress"],"_links":{"self":[{"href":"https:\/\/www.semanariotiempo.cl\/index.php?rest_route=\/wp\/v2\/posts\/12875","targetHints":{"allow":["GET"]}}],"collection":[{"href":"https:\/\/www.semanariotiempo.cl\/index.php?rest_route=\/wp\/v2\/posts"}],"about":[{"href":"https:\/\/www.semanariotiempo.cl\/index.php?rest_route=\/wp\/v2\/types\/post"}],"author":[{"embeddable":true,"href":"https:\/\/www.semanariotiempo.cl\/index.php?rest_route=\/wp\/v2\/users\/1"}],"replies":[{"embeddable":true,"href":"https:\/\/www.semanariotiempo.cl\/index.php?rest_route=%2Fwp%2Fv2%2Fcomments&post=12875"}],"version-history":[{"count":0,"href":"https:\/\/www.semanariotiempo.cl\/index.php?rest_route=\/wp\/v2\/posts\/12875\/revisions"}],"wp:featuredmedia":[{"embeddable":true,"href":"https:\/\/www.semanariotiempo.cl\/index.php?rest_route=\/wp\/v2\/media\/12877"}],"wp:attachment":[{"href":"https:\/\/www.semanariotiempo.cl\/index.php?rest_route=%2Fwp%2Fv2%2Fmedia&parent=12875"}],"wp:term":[{"taxonomy":"category","embeddable":true,"href":"https:\/\/www.semanariotiempo.cl\/index.php?rest_route=%2Fwp%2Fv2%2Fcategories&post=12875"},{"taxonomy":"post_tag","embeddable":true,"href":"https:\/\/www.semanariotiempo.cl\/index.php?rest_route=%2Fwp%2Fv2%2Ftags&post=12875"}],"curies":[{"name":"wp","href":"https:\/\/api.w.org\/{rel}","templated":true}]}}