{"id":12863,"date":"2024-06-23T20:46:55","date_gmt":"2024-06-24T00:46:55","guid":{"rendered":"https:\/\/www.semanariotiempo.cl\/?p=12863"},"modified":"2024-06-23T20:46:55","modified_gmt":"2024-06-24T00:46:55","slug":"paola-botto-corminco-es-relevante-robustecer-la-industria-avanzar-en-nuevos-proyectos-y-en-reglas-claras-que-permitan-mayor-inversion","status":"publish","type":"post","link":"https:\/\/www.semanariotiempo.cl\/?p=12863","title":{"rendered":"Paola Botto, CORMINCO: \u201cEs relevante robustecer la industria, avanzar en nuevos proyectos y en reglas claras que permitan mayor inversi\u00f3n\u201d"},"content":{"rendered":"<h4><span style=\"color: #800000;\"><strong>Gremio est\u00e1 en un proceso de compartir el plan de trabajo con empresas socias y realizando gestiones de acercamiento con iniciativas que est\u00e1n prontas a ejecutarse, como es el caso de Pucobre. Respecto a Dominga, la abogada reconoce que esperan un fallo favorable del 1TA, lo que ser\u00eda valioso para la econom\u00eda local. Ello, en medio de precios atractivos para la industria por la alta demanda generada por la electromovilidad.<\/strong><\/span><\/h4>\n<p><img loading=\"lazy\" decoding=\"async\" class=\"size-full wp-image-12865 aligncenter\" src=\"https:\/\/www.semanariotiempo.cl\/wp-content\/uploads\/2024\/06\/Paola-Botto-presidenta-de-Corminco.jpg\" alt=\"\" width=\"1211\" height=\"966\" srcset=\"https:\/\/www.semanariotiempo.cl\/wp-content\/uploads\/2024\/06\/Paola-Botto-presidenta-de-Corminco.jpg 1211w, https:\/\/www.semanariotiempo.cl\/wp-content\/uploads\/2024\/06\/Paola-Botto-presidenta-de-Corminco-300x239.jpg 300w, https:\/\/www.semanariotiempo.cl\/wp-content\/uploads\/2024\/06\/Paola-Botto-presidenta-de-Corminco-1024x817.jpg 1024w, https:\/\/www.semanariotiempo.cl\/wp-content\/uploads\/2024\/06\/Paola-Botto-presidenta-de-Corminco-768x613.jpg 768w, https:\/\/www.semanariotiempo.cl\/wp-content\/uploads\/2024\/06\/Paola-Botto-presidenta-de-Corminco-696x555.jpg 696w, https:\/\/www.semanariotiempo.cl\/wp-content\/uploads\/2024\/06\/Paola-Botto-presidenta-de-Corminco-1068x852.jpg 1068w, https:\/\/www.semanariotiempo.cl\/wp-content\/uploads\/2024\/06\/Paola-Botto-presidenta-de-Corminco-527x420.jpg 527w\" sizes=\"auto, (max-width: 1211px) 100vw, 1211px\" \/><\/p>\n<p>Socializar un plan de trabajo con sus miembros, materializar gestiones de acercamiento con nuevas inversiones, y tambi\u00e9n ser \u201cla voz\u201d del sector m\u00e1s relevante para la econom\u00eda de la regi\u00f3n, es parte del quehacer Paola Botto, presidenta del Consejo Regional Minero de Coquimbo (CORMINCO), el principal gremio del rubro en la zona, especialmente por congregar a las grandes empresas.<\/p>\n<p><strong>-\u00bfCu\u00e1les son las proyecciones que tiene el sector para este a\u00f1o?<\/strong><br \/>\nEstamos en un muy buen ciclo, especialmente por el precio del cobre y la alta demanda que se est\u00e1 generando en todo el mundo, gracias a la transici\u00f3n energ\u00e9tica y la electromovilidad, lo importante es que tenemos que ser capaces como pa\u00eds y como regi\u00f3n de estar a la altura de atender esa demanda y por eso es tan relevante robustecer la industria, avanzar en la generaci\u00f3n de nuevos proyectos y en reglas claras que permitan mayor inversi\u00f3n.<\/p>\n<p><strong>-\u00bfCu\u00e1l es la expectativa que tienen del Primer Tribunal Ambiental de Antofagasta respecto al inminente fallo por el proyecto Dominga?<\/strong><br \/>\nEsperamos que el fallo sea favorable, desde nuestra perspectiva existen argumentos suficientes para que as\u00ed sea. Necesitamos potenciar la actividad minera en la regi\u00f3n y Dominga es un proyecto que ser\u00eda muy valioso para la actividad econ\u00f3mica local que no se puede seguir postergando.<\/p>\n<p><strong>-\u00bfHa conversado con los titulares o ejecutivos de Pucobre por el proyecto El Espino?<\/strong><br \/>\nEn estos primeros d\u00edas estamos en proceso de acercamiento con ellos y compartiendo nuestro plan de trabajo con las empresas socias, creo que es fundamental que las compa\u00f1\u00edas mineras regionales puedan tener esta visi\u00f3n com\u00fan de colaboraci\u00f3n, atendiendo en conjunto las realidades locales y las particularidades de cada sector, tenemos una muy buena disposici\u00f3n de apoyo internamente y tambi\u00e9n con el resto de los sectores productivos de la regi\u00f3n.<\/p>\n<p><strong>-\u00bfQu\u00e9 le parece la priorizaci\u00f3n del gobierno a esa iniciativa para destrabar los permisos que le faltaban?<\/strong><br \/>\nMe parece que apunta en la l\u00ednea correcta, de promover la inversi\u00f3n, resolver inquietudes y buscar espacios de comunicaci\u00f3n, siempre cumpliendo la normativa. Necesitamos que se originen esas instancias que eviten la tramitaci\u00f3n excesiva de los proyectos y no queden dudas dudas respecto a la discrecionalidad que se aplica en algunos criterios. Hoy los grandes proyectos mineros demoran m\u00e1s de 10 a\u00f1os en su gestaci\u00f3n y esos son plazos excesivos que esperamos que la nueva ley de fortalecimiento a la institucionalidad ambiental ayude a disminuir en sus puntos m\u00e1s cr\u00edticos.<\/p>\n<p><strong>-\u00bfCree que deber\u00eda hacer lo mismo con otras iniciativas como Cruz Grande, incluso Dominga?<\/strong><br \/>\nSer\u00eda lo \u00f3ptimo encontrar ese respaldo.<\/p>\n<p><strong>-Cree que las 40 horas repercutir\u00e1n en el empleo.<\/strong><br \/>\nLa gradualidad como se est\u00e1 implementando esta norma ha permitido que el impacto a\u00fan no sea significativo en la industria. Creo que son los proveedores, las peque\u00f1as y medianas empresas quienes podr\u00edan resentir un poco m\u00e1s, pero esperemos que eso no ocurra y alcancemos una estabilidad econ\u00f3mica que les permita enfrentarlo de buena manera.<br \/>\n-\u00bfEn qu\u00e9 situaci\u00f3n se encuentra la peque\u00f1a miner\u00eda hoy?<br \/>\nSi bien nuestro gremio lo integra la mediana y gran miner\u00eda en la regi\u00f3n, nunca hemos perdido de vista lo que ocurre con los peque\u00f1os mineros. Tenemos un respeto \u00fanico a su labor y nos preocupa la situaci\u00f3n de regulaci\u00f3n, seguridad y condiciones laborales como se desempe\u00f1an. Sean peque\u00f1os, medianos o grandes, somos parte de la misma actividad y por eso estamos muy comprometidos en apoyar las actividades que se desarrollan para apoyarlos.<\/p>\n","protected":false},"excerpt":{"rendered":"<p>Gremio est\u00e1 en un proceso de compartir el plan de trabajo con empresas socias y realizando gestiones de acercamiento con iniciativas que est\u00e1n prontas a ejecutarse, como es el caso de Pucobre. Respecto a Dominga, la abogada reconoce que esperan un fallo favorable del 1TA, lo que ser\u00eda valioso para la econom\u00eda local. Ello, en [&hellip;]<\/p>\n","protected":false},"author":1,"featured_media":12865,"comment_status":"open","ping_status":"open","sticky":false,"template":"","format":"standard","meta":{"tdm_status":"","tdm_grid_status":"","footnotes":"","_wpscppro_dont_share_socialmedia":false,"_wpscppro_custom_social_share_image":0,"_facebook_share_type":"","_twitter_share_type":"","_linkedin_share_type":"","_pinterest_share_type":"","_linkedin_share_type_page":"","_instagram_share_type":"","_medium_share_type":"","_threads_share_type":"","_google_business_share_type":"","_bluesky_share_type":"","_mastodon_share_type":"","_selected_social_profile":[],"_wpsp_enable_custom_social_template":false,"_wpsp_social_scheduling":{"enabled":false,"datetime":null,"platforms":[],"status":"template_only","dateOption":"today","timeOption":"now","customDays":"","customHours":"","customDate":"","customTime":"","schedulingType":"absolute"},"_wpsp_active_default_template":true},"categories":[1],"tags":[8],"class_list":["post-12863","post","type-post","status-publish","format-standard","has-post-thumbnail","hentry","category-uncategorized","tag-marketing"],"_links":{"self":[{"href":"https:\/\/www.semanariotiempo.cl\/index.php?rest_route=\/wp\/v2\/posts\/12863","targetHints":{"allow":["GET"]}}],"collection":[{"href":"https:\/\/www.semanariotiempo.cl\/index.php?rest_route=\/wp\/v2\/posts"}],"about":[{"href":"https:\/\/www.semanariotiempo.cl\/index.php?rest_route=\/wp\/v2\/types\/post"}],"author":[{"embeddable":true,"href":"https:\/\/www.semanariotiempo.cl\/index.php?rest_route=\/wp\/v2\/users\/1"}],"replies":[{"embeddable":true,"href":"https:\/\/www.semanariotiempo.cl\/index.php?rest_route=%2Fwp%2Fv2%2Fcomments&post=12863"}],"version-history":[{"count":0,"href":"https:\/\/www.semanariotiempo.cl\/index.php?rest_route=\/wp\/v2\/posts\/12863\/revisions"}],"wp:featuredmedia":[{"embeddable":true,"href":"https:\/\/www.semanariotiempo.cl\/index.php?rest_route=\/wp\/v2\/media\/12865"}],"wp:attachment":[{"href":"https:\/\/www.semanariotiempo.cl\/index.php?rest_route=%2Fwp%2Fv2%2Fmedia&parent=12863"}],"wp:term":[{"taxonomy":"category","embeddable":true,"href":"https:\/\/www.semanariotiempo.cl\/index.php?rest_route=%2Fwp%2Fv2%2Fcategories&post=12863"},{"taxonomy":"post_tag","embeddable":true,"href":"https:\/\/www.semanariotiempo.cl\/index.php?rest_route=%2Fwp%2Fv2%2Ftags&post=12863"}],"curies":[{"name":"wp","href":"https:\/\/api.w.org\/{rel}","templated":true}]}}