{"id":12860,"date":"2024-06-23T20:36:24","date_gmt":"2024-06-24T00:36:24","guid":{"rendered":"https:\/\/www.semanariotiempo.cl\/?p=12860"},"modified":"2024-06-23T20:36:24","modified_gmt":"2024-06-24T00:36:24","slug":"interaccion-universitaria","status":"publish","type":"post","link":"https:\/\/www.semanariotiempo.cl\/?p=12860","title":{"rendered":"Interacci\u00f3n universitaria"},"content":{"rendered":"<p>Es interesante observar c\u00f3mo las universidades locales han ido logrando una mayor interacci\u00f3n e impacto con la comunidad local. No solo con la formaci\u00f3n de nuevos profesionales sino que aportando con soluciones concretas, movilizando voluntades, gestionando recursos e interactuando con el mundo privado.<br \/>\nSi bien es cierto que los actuales procesos de acreditaci\u00f3n exigen un mayor grado de vinculaci\u00f3n con el medio, este podr\u00eda remitirse solo al cumplimiento formal. Pero hoy vemos c\u00f3mo ese impulso se ha traducido, por ejemplo, en b\u00fasqueda de soluciones en el \u00e1mbito de la salud y medicina, el medio ambiente, las ingenier\u00edas,<br \/>\nEn esta edici\u00f3n destacamos la informaci\u00f3n que surge desde el Hospital de La Serena por una iniciativa que busca mejorar la calidad de vida de las personas que han sufrido laringectom\u00eda, producto de un c\u00e1ncer de laringe y que requieren de un dispositivo especial para poder comunicarse. El avance es simple y concreto, se trata del dise\u00f1o y elaboraci\u00f3n de dispositivos que les permitan conectarse al dispositivo sin necesidad de usar sus manos. Algo as\u00ed como un \u201cmanos libres\u201d.<br \/>\nDe la misma forma destacamos la informaci\u00f3n sobre la implementaci\u00f3n de un sistema de \u201cmonitores de humedales\u201d , que han resultado ser una pieza clave para la investigaci\u00f3n y cuidado de estos espacios silvestres, iniciativa en la que tambi\u00e9n ha intervenido el mundo acad\u00e9mico junto a la autoridad ambiental.<br \/>\nEn fin, como estas hay otros tantos ejemplos que dan cuenta de una sinergia, de un modo de avanzar que pareciera ser el camino correcto. Es esa coparticipaci\u00f3n entre la autoridad (el Estado), la academia (universidades), la empresa (gremios o privados) y la comunidad, la que deber\u00eda darnos frutos continuos y virtuosos.<br \/>\nEse es el camino que han seguido los pa\u00edses desarrollados, cuyo \u00e9xito se basa en la capacidad intelectual de sus ciudadanos. Materia prima que tenemos de sobra en nuestra regi\u00f3n.<\/p>\n<p><span style=\"color: #800000;\"><strong>V\u00edctor H. Villagr\u00e1n<\/strong><\/span><br \/>\nEditor Semanario Tiempo<\/p>\n","protected":false},"excerpt":{"rendered":"<p>Es interesante observar c\u00f3mo las universidades locales han ido logrando una mayor interacci\u00f3n e impacto con la comunidad local. No solo con la formaci\u00f3n de nuevos profesionales sino que aportando con soluciones concretas, movilizando voluntades, gestionando recursos e interactuando con el mundo privado. Si bien es cierto que los actuales procesos de acreditaci\u00f3n exigen un [&hellip;]<\/p>\n","protected":false},"author":1,"featured_media":12500,"comment_status":"open","ping_status":"open","sticky":false,"template":"","format":"standard","meta":{"tdm_status":"","tdm_grid_status":"","footnotes":"","_wpscppro_dont_share_socialmedia":false,"_wpscppro_custom_social_share_image":0,"_facebook_share_type":"","_twitter_share_type":"","_linkedin_share_type":"","_pinterest_share_type":"","_linkedin_share_type_page":"","_instagram_share_type":"","_medium_share_type":"","_threads_share_type":"","_google_business_share_type":"","_bluesky_share_type":"","_mastodon_share_type":"","_selected_social_profile":[],"_wpsp_enable_custom_social_template":false,"_wpsp_social_scheduling":{"enabled":false,"datetime":null,"platforms":[],"status":"template_only","dateOption":"today","timeOption":"now","customDays":"","customHours":"","customDate":"","customTime":"","schedulingType":"absolute"},"_wpsp_active_default_template":true},"categories":[],"tags":[25],"class_list":["post-12860","post","type-post","status-publish","format-standard","has-post-thumbnail","hentry","tag-wordpress-themes"],"_links":{"self":[{"href":"https:\/\/www.semanariotiempo.cl\/index.php?rest_route=\/wp\/v2\/posts\/12860","targetHints":{"allow":["GET"]}}],"collection":[{"href":"https:\/\/www.semanariotiempo.cl\/index.php?rest_route=\/wp\/v2\/posts"}],"about":[{"href":"https:\/\/www.semanariotiempo.cl\/index.php?rest_route=\/wp\/v2\/types\/post"}],"author":[{"embeddable":true,"href":"https:\/\/www.semanariotiempo.cl\/index.php?rest_route=\/wp\/v2\/users\/1"}],"replies":[{"embeddable":true,"href":"https:\/\/www.semanariotiempo.cl\/index.php?rest_route=%2Fwp%2Fv2%2Fcomments&post=12860"}],"version-history":[{"count":0,"href":"https:\/\/www.semanariotiempo.cl\/index.php?rest_route=\/wp\/v2\/posts\/12860\/revisions"}],"wp:featuredmedia":[{"embeddable":true,"href":"https:\/\/www.semanariotiempo.cl\/index.php?rest_route=\/wp\/v2\/media\/12500"}],"wp:attachment":[{"href":"https:\/\/www.semanariotiempo.cl\/index.php?rest_route=%2Fwp%2Fv2%2Fmedia&parent=12860"}],"wp:term":[{"taxonomy":"category","embeddable":true,"href":"https:\/\/www.semanariotiempo.cl\/index.php?rest_route=%2Fwp%2Fv2%2Fcategories&post=12860"},{"taxonomy":"post_tag","embeddable":true,"href":"https:\/\/www.semanariotiempo.cl\/index.php?rest_route=%2Fwp%2Fv2%2Ftags&post=12860"}],"curies":[{"name":"wp","href":"https:\/\/api.w.org\/{rel}","templated":true}]}}