{"id":12779,"date":"2024-06-12T15:02:14","date_gmt":"2024-06-12T19:02:14","guid":{"rendered":"https:\/\/www.semanariotiempo.cl\/?p=12779"},"modified":"2024-06-12T15:02:14","modified_gmt":"2024-06-12T19:02:14","slug":"con-22-empresas-interesadas-mop-posterga-para-el-segundo-semestre-apertura-de-ofertas-de-la-concesion-en-la-ruta-5-entre-santiago-y-los-vilos","status":"publish","type":"post","link":"https:\/\/www.semanariotiempo.cl\/?p=12779","title":{"rendered":"Con 22 empresas interesadas MOP posterga para el segundo semestre apertura de ofertas de la concesi\u00f3n en la Ruta 5, entre Santiago y Los Vilos"},"content":{"rendered":"<h4><span style=\"color: #800000;\"><strong>Durante esta semana estaba previsto la recepci\u00f3n de los documentos t\u00e9cnicos que proporcionar\u00edan los interesados en construir el proyecto que contempla una inversi\u00f3n de US$1.273 millones. Ello, finalmente qued\u00f3 fijado para el 18 de julio, y la apertura de las ofertas econ\u00f3micas para el 14 de agosto.<\/strong><\/span><\/h4>\n<figure id=\"attachment_12781\" aria-describedby=\"caption-attachment-12781\" style=\"width: 735px\" class=\"wp-caption aligncenter\"><img loading=\"lazy\" decoding=\"async\" class=\"size-full wp-image-12781\" src=\"https:\/\/www.semanariotiempo.cl\/wp-content\/uploads\/2024\/06\/Foto-1.jpg\" alt=\"\" width=\"735\" height=\"691\" srcset=\"https:\/\/www.semanariotiempo.cl\/wp-content\/uploads\/2024\/06\/Foto-1.jpg 735w, https:\/\/www.semanariotiempo.cl\/wp-content\/uploads\/2024\/06\/Foto-1-300x282.jpg 300w, https:\/\/www.semanariotiempo.cl\/wp-content\/uploads\/2024\/06\/Foto-1-696x654.jpg 696w, https:\/\/www.semanariotiempo.cl\/wp-content\/uploads\/2024\/06\/Foto-1-447x420.jpg 447w\" sizes=\"auto, (max-width: 735px) 100vw, 735px\" \/><figcaption id=\"caption-attachment-12781\" class=\"wp-caption-text\">DCIM100MEDIADJI_0018.JPG<\/figcaption><\/figure>\n<p>A trav\u00e9s de la circular aclaratoria N\u00ba1, el director General de Concesiones, Juan Manuel S\u00e1nchez, posterg\u00f3 la recepci\u00f3n de las ofertas econ\u00f3micas del proyecto de licitaci\u00f3n de la Ruta 5, en el tramo comprendido entre Santiago y Los Vilos.<br \/>\nEse hito estaba previsto que ocurriera esta semana -04 de junio-, sin embargo, la unidad dependiente del Ministerio de Obras P\u00fablicas fij\u00f3 para el pr\u00f3ximo 18 de julio esta instancia, donde se espera recibir los documentos de las empresas y consorcios interesados en participar en la iniciativa, que contempla una inversi\u00f3n estimada de US$1.273 millones. Asimismo, tambi\u00e9n se aplaz\u00f3 la apertura de las ofertas econ\u00f3micas, que inicialmente estaban programadas para el 02 de julio, siendo modificadas para el 14 de agosto.<\/p>\n<p>El proyecto -la primera licitaci\u00f3n de obra p\u00fablica concesionada del gobierno del presidente de la Rep\u00fablica, Gabriel Boric- permitir\u00e1 mejorar los 223 kil\u00f3metros de autopista que separan a ambos puntos. Se trata de una iniciativa que busca mejorar los est\u00e1ndares de seguridad, a trav\u00e9s de una ampliaci\u00f3n a cuartas y terceras pistas en los tramos de mayores flujos, tres nuevos puentes para calles de servicios, 13 enlaces, 24 nuevas pasarelas peatonales con acceso universal, tramos de ciclov\u00edas, entre otras obras.<br \/>\nSu construcci\u00f3n permitir\u00e1 la creaci\u00f3n de 7.327 empleos mensuales, aunque se prev\u00e9 que las obras comiencen el primer trimestre de 2029 para concluir en el cuarto trimestre de 2031.<br \/>\nSeg\u00fan una minuta del MOP, el proyecto traer\u00e1 beneficios como \u201cel ahorro de tiempo de viaje y combustible\u201d, producto de la rectificaci\u00f3n de curvas y pendientes para velocidad de 120 km\/h, nuevas pistas, mejoramiento de enlaces y ramales, rehabilitaci\u00f3n de pavimentos y la proyecci\u00f3n de nuevas estructuras de retorno y enlace a centros poblados.<br \/>\nAdem\u00e1s, se vislumbra incluso que ser\u00e1n reemplazadas las plazas de peaje por p\u00f3rticos de recaudaci\u00f3n electr\u00f3nicos -paulatinamente- en todo el tramo.<\/p>\n","protected":false},"excerpt":{"rendered":"<p>Durante esta semana estaba previsto la recepci\u00f3n de los documentos t\u00e9cnicos que proporcionar\u00edan los interesados en construir el proyecto que contempla una inversi\u00f3n de US$1.273 millones. Ello, finalmente qued\u00f3 fijado para el 18 de julio, y la apertura de las ofertas econ\u00f3micas para el 14 de agosto. A trav\u00e9s de la circular aclaratoria N\u00ba1, el [&hellip;]<\/p>\n","protected":false},"author":1,"featured_media":12781,"comment_status":"open","ping_status":"open","sticky":false,"template":"","format":"standard","meta":{"tdm_status":"","tdm_grid_status":"","footnotes":"","_wpscppro_dont_share_socialmedia":false,"_wpscppro_custom_social_share_image":0,"_facebook_share_type":"","_twitter_share_type":"","_linkedin_share_type":"","_pinterest_share_type":"","_linkedin_share_type_page":"","_instagram_share_type":"","_medium_share_type":"","_threads_share_type":"","_google_business_share_type":"","_bluesky_share_type":"","_mastodon_share_type":"","_selected_social_profile":[],"_wpsp_enable_custom_social_template":false,"_wpsp_social_scheduling":{"enabled":false,"datetime":null,"platforms":[],"status":"template_only","dateOption":"today","timeOption":"now","customDays":"","customHours":"","customDate":"","customTime":"","schedulingType":"absolute"},"_wpsp_active_default_template":true},"categories":[1],"tags":[8,28,5],"class_list":["post-12779","post","type-post","status-publish","format-standard","has-post-thumbnail","hentry","category-uncategorized","tag-marketing","tag-site-tips","tag-website"],"_links":{"self":[{"href":"https:\/\/www.semanariotiempo.cl\/index.php?rest_route=\/wp\/v2\/posts\/12779","targetHints":{"allow":["GET"]}}],"collection":[{"href":"https:\/\/www.semanariotiempo.cl\/index.php?rest_route=\/wp\/v2\/posts"}],"about":[{"href":"https:\/\/www.semanariotiempo.cl\/index.php?rest_route=\/wp\/v2\/types\/post"}],"author":[{"embeddable":true,"href":"https:\/\/www.semanariotiempo.cl\/index.php?rest_route=\/wp\/v2\/users\/1"}],"replies":[{"embeddable":true,"href":"https:\/\/www.semanariotiempo.cl\/index.php?rest_route=%2Fwp%2Fv2%2Fcomments&post=12779"}],"version-history":[{"count":0,"href":"https:\/\/www.semanariotiempo.cl\/index.php?rest_route=\/wp\/v2\/posts\/12779\/revisions"}],"wp:featuredmedia":[{"embeddable":true,"href":"https:\/\/www.semanariotiempo.cl\/index.php?rest_route=\/wp\/v2\/media\/12781"}],"wp:attachment":[{"href":"https:\/\/www.semanariotiempo.cl\/index.php?rest_route=%2Fwp%2Fv2%2Fmedia&parent=12779"}],"wp:term":[{"taxonomy":"category","embeddable":true,"href":"https:\/\/www.semanariotiempo.cl\/index.php?rest_route=%2Fwp%2Fv2%2Fcategories&post=12779"},{"taxonomy":"post_tag","embeddable":true,"href":"https:\/\/www.semanariotiempo.cl\/index.php?rest_route=%2Fwp%2Fv2%2Ftags&post=12779"}],"curies":[{"name":"wp","href":"https:\/\/api.w.org\/{rel}","templated":true}]}}