{"id":12765,"date":"2024-06-10T15:11:16","date_gmt":"2024-06-10T19:11:16","guid":{"rendered":"https:\/\/www.semanariotiempo.cl\/?p=12765"},"modified":"2024-06-10T15:11:16","modified_gmt":"2024-06-10T19:11:16","slug":"inician-catastro-de-afectacion-silvoagropecuario-en-limari-para-determinar-danos-productivos-por-la-escasez-hidrica","status":"publish","type":"post","link":"https:\/\/www.semanariotiempo.cl\/?p=12765","title":{"rendered":"Inician Catastro de Afectaci\u00f3n Silvoagropecuario en Limar\u00ed para determinar da\u00f1os productivos por la escasez h\u00eddrica"},"content":{"rendered":"<p><img loading=\"lazy\" decoding=\"async\" class=\"size-full wp-image-12767 aligncenter\" src=\"https:\/\/www.semanariotiempo.cl\/wp-content\/uploads\/2024\/06\/CASLIMARI2.jpg\" alt=\"\" width=\"735\" height=\"552\" srcset=\"https:\/\/www.semanariotiempo.cl\/wp-content\/uploads\/2024\/06\/CASLIMARI2.jpg 735w, https:\/\/www.semanariotiempo.cl\/wp-content\/uploads\/2024\/06\/CASLIMARI2-300x225.jpg 300w, https:\/\/www.semanariotiempo.cl\/wp-content\/uploads\/2024\/06\/CASLIMARI2-696x523.jpg 696w, https:\/\/www.semanariotiempo.cl\/wp-content\/uploads\/2024\/06\/CASLIMARI2-559x420.jpg 559w, https:\/\/www.semanariotiempo.cl\/wp-content\/uploads\/2024\/06\/CASLIMARI2-80x60.jpg 80w, https:\/\/www.semanariotiempo.cl\/wp-content\/uploads\/2024\/06\/CASLIMARI2-265x198.jpg 265w\" sizes=\"auto, (max-width: 735px) 100vw, 735px\" \/><\/p>\n<p>Si bien el paso de los \u00faltimos sistemas frontales revivi\u00f3 las esperanzas de una mejor temporada en el sector silvoagropecuario, los porcentajes de precipitaciones nivales y de lluvias acumulados no son suficientes para mitigar los efectos de la crisis h\u00eddrica.<br \/>\nCondici\u00f3n que mantiene en jaque el desarrollo de los sistemas productivos y que ha obligado al Ministerio de Agricultura a levantar medidas y a extremar los esfuerzos para atender esta emergencia.<br \/>\nGran parte de esta labor se ha concentrado en la Provincia de Limar\u00ed, donde este jueves se inici\u00f3 la ejecuci\u00f3n de un Catastro de Afectaci\u00f3n Silvoagropecuaria en las 5 comunas, para determinar el nivel de da\u00f1o que han sufrido productores agr\u00edcolas, ap\u00edcolas y caprinos.<br \/>\n\u201cEsta es una gesti\u00f3n que se est\u00e1 desarrollando en las 5 comunas de la provincia y que es muy necesaria para determinar el da\u00f1o productivo que ha dejado la escasez de precipitaciones. De esta manera podemos levantar los datos necesarios y solicitar los recursos suficientes para atender esta emergencia\u201d, sostuvo el Seremi de Agricultura, Christian \u00c1lvarez.<br \/>\nA esto mismo se refiri\u00f3 la Delegada Presidencial Provincial de Limar\u00ed, Marily Escobar, \u201ceste es un trabajo intersectorial en el que nos involucramos distintos servicios p\u00fablicos con un gran despliegue en el territorio y que sin duda ser\u00e1 una enorme contribuci\u00f3n al trabajo que ya desarrollamos como Gobierno. Contar con los datos estad\u00edsticos de la afectaci\u00f3n que ha tenido nuestro mundo rural, es fundamental para una mayor eficiencia de las pol\u00edticas p\u00fablicas que estamos implementando para el rubro agropecuario de nuestra provincia\u201d.<\/p>\n<p><strong>Aplicaci\u00f3n del Catastro<\/strong><\/p>\n<p>En la localidad de Sotaqu\u00ed, comuna de Ovalle, se dio la partida de este catastro, en el predio del agricultor, Guillermo L\u00f3pez, quien es productor de aj\u00edes en caseta y que a ra\u00edz del d\u00e9ficit de precipitaciones estima una disminuci\u00f3n de un 50% en la superficie de cultivo.<br \/>\n\u201cEst\u00e1 bien este catastro porque as\u00ed se van informando de lo que necesita el agricultor y que puedan existir soluciones en temas de riego y la falta de agua. Hay una baja en la producci\u00f3n y menos \u00e1rea de superficie para cultivar, un 50% menos que hace dos a\u00f1os, ahora trabajamos con 2 casetas y antes con 4. Esperamos que esta encuesta nos permita tener m\u00e1s ayuda\u201d, se\u00f1al\u00f3 el agricultor Guillermo L\u00f3pez.<br \/>\nRespecto al catastro, est\u00e1 siendo coordinado por la Unidad de Gesti\u00f3n de Riesgos de Desastres de la Subsecretar\u00eda de Agricultura junto al Centro de Informaci\u00f3n de Recursos Naturales, y aplicado por funcionarios de los servicios de la Seremi de Agricultura, equipos PADIS &#8211; PRODESAL de cada comuna, adem\u00e1s de contar con la colaboraci\u00f3n de los municipios y de otros servicios p\u00fablicos.<br \/>\nAs\u00ed lo detall\u00f3 el encargado nacional de la unidad, Roberto Leal, \u201cEste es un proceso que nos va a exigir mucha coordinaci\u00f3n, tenemos que articular distintos esfuerzos para responder a esta crisis h\u00eddrica que enfrenta la Provincia de Limar\u00ed. Es una tarea que tenemos que sacar adelante durante el mes de junio y esperamos que con el apoyo de 80 funcionarios aproximadamente que han sido capacitados en 3 oportunidades, lograr el objetivo\u201d.<br \/>\nLa iniciativa se desarrollar\u00e1 durante un per\u00edodo m\u00ednimo de 30 d\u00edas, donde cerca de 80 profesionales de servicios p\u00fablicos, previamente capacitados, realizar\u00e1n un barrido completo por toda la provincia, con el fin de recabar la informaci\u00f3n necesaria para la implementaci\u00f3n de medidas a corto, mediano y largo plazo ante esta emergencia h\u00eddrica.<\/p>\n","protected":false},"excerpt":{"rendered":"<p>Si bien el paso de los \u00faltimos sistemas frontales revivi\u00f3 las esperanzas de una mejor temporada en el sector silvoagropecuario, los porcentajes de precipitaciones nivales y de lluvias acumulados no son suficientes para mitigar los efectos de la crisis h\u00eddrica. Condici\u00f3n que mantiene en jaque el desarrollo de los sistemas productivos y que ha obligado [&hellip;]<\/p>\n","protected":false},"author":1,"featured_media":12767,"comment_status":"open","ping_status":"open","sticky":false,"template":"","format":"standard","meta":{"tdm_status":"","tdm_grid_status":"","footnotes":"","_wpscppro_dont_share_socialmedia":false,"_wpscppro_custom_social_share_image":0,"_facebook_share_type":"","_twitter_share_type":"","_linkedin_share_type":"","_pinterest_share_type":"","_linkedin_share_type_page":"","_instagram_share_type":"","_medium_share_type":"","_threads_share_type":"","_google_business_share_type":"","_bluesky_share_type":"","_mastodon_share_type":"","_selected_social_profile":[],"_wpsp_enable_custom_social_template":false,"_wpsp_social_scheduling":{"enabled":false,"datetime":null,"platforms":[],"status":"template_only","dateOption":"today","timeOption":"now","customDays":"","customHours":"","customDate":"","customTime":"","schedulingType":"absolute"},"_wpsp_active_default_template":true},"categories":[1],"tags":[8,28,7],"class_list":["post-12765","post","type-post","status-publish","format-standard","has-post-thumbnail","hentry","category-uncategorized","tag-marketing","tag-site-tips","tag-wordpress"],"_links":{"self":[{"href":"https:\/\/www.semanariotiempo.cl\/index.php?rest_route=\/wp\/v2\/posts\/12765","targetHints":{"allow":["GET"]}}],"collection":[{"href":"https:\/\/www.semanariotiempo.cl\/index.php?rest_route=\/wp\/v2\/posts"}],"about":[{"href":"https:\/\/www.semanariotiempo.cl\/index.php?rest_route=\/wp\/v2\/types\/post"}],"author":[{"embeddable":true,"href":"https:\/\/www.semanariotiempo.cl\/index.php?rest_route=\/wp\/v2\/users\/1"}],"replies":[{"embeddable":true,"href":"https:\/\/www.semanariotiempo.cl\/index.php?rest_route=%2Fwp%2Fv2%2Fcomments&post=12765"}],"version-history":[{"count":0,"href":"https:\/\/www.semanariotiempo.cl\/index.php?rest_route=\/wp\/v2\/posts\/12765\/revisions"}],"wp:featuredmedia":[{"embeddable":true,"href":"https:\/\/www.semanariotiempo.cl\/index.php?rest_route=\/wp\/v2\/media\/12767"}],"wp:attachment":[{"href":"https:\/\/www.semanariotiempo.cl\/index.php?rest_route=%2Fwp%2Fv2%2Fmedia&parent=12765"}],"wp:term":[{"taxonomy":"category","embeddable":true,"href":"https:\/\/www.semanariotiempo.cl\/index.php?rest_route=%2Fwp%2Fv2%2Fcategories&post=12765"},{"taxonomy":"post_tag","embeddable":true,"href":"https:\/\/www.semanariotiempo.cl\/index.php?rest_route=%2Fwp%2Fv2%2Ftags&post=12765"}],"curies":[{"name":"wp","href":"https:\/\/api.w.org\/{rel}","templated":true}]}}