{"id":12756,"date":"2024-06-10T14:54:01","date_gmt":"2024-06-10T18:54:01","guid":{"rendered":"https:\/\/www.semanariotiempo.cl\/?p=12756"},"modified":"2024-06-10T14:54:01","modified_gmt":"2024-06-10T18:54:01","slug":"illapel-combarbala-y-canela-se-entusiasman-con-la-ejecucion-del-proyecto-minero-el-espino","status":"publish","type":"post","link":"https:\/\/www.semanariotiempo.cl\/?p=12756","title":{"rendered":"Illapel, Combarbal\u00e1 y Canela se entusiasman con la ejecuci\u00f3n del proyecto minero El Espino"},"content":{"rendered":"<h3><span style=\"color: #800000;\"><strong>Inter\u00e9s de los jefes comunales apunta a la empleabilidad que generar\u00e1 el proyecto y las posibilidades de sumar contratos con empresas proveedoras locales.<\/strong><\/span><\/h3>\n<p><img loading=\"lazy\" decoding=\"async\" class=\"size-full wp-image-12758 aligncenter\" src=\"https:\/\/www.semanariotiempo.cl\/wp-content\/uploads\/2024\/06\/visita-pucobre.jpg\" alt=\"\" width=\"1050\" height=\"470\" srcset=\"https:\/\/www.semanariotiempo.cl\/wp-content\/uploads\/2024\/06\/visita-pucobre.jpg 1050w, https:\/\/www.semanariotiempo.cl\/wp-content\/uploads\/2024\/06\/visita-pucobre-300x134.jpg 300w, https:\/\/www.semanariotiempo.cl\/wp-content\/uploads\/2024\/06\/visita-pucobre-1024x458.jpg 1024w, https:\/\/www.semanariotiempo.cl\/wp-content\/uploads\/2024\/06\/visita-pucobre-768x344.jpg 768w, https:\/\/www.semanariotiempo.cl\/wp-content\/uploads\/2024\/06\/visita-pucobre-696x312.jpg 696w, https:\/\/www.semanariotiempo.cl\/wp-content\/uploads\/2024\/06\/visita-pucobre-938x420.jpg 938w\" sizes=\"auto, (max-width: 1050px) 100vw, 1050px\" \/><\/p>\n<p>En los \u00faltimos dos meses, los alcaldes de Canela, Bernardo Leyton; Combarbal\u00e1, Pedro Castillo e Illapel, Denis Cort\u00e9s activaron reuniones y visitas con ejecutivos a las instalaciones del proyecto minero El Espino, de la Sociedad Punta del Cobre (Pucobre). Los jefes comunales han puesto su inter\u00e9s en la ejecuci\u00f3n de la iniciativa, especialmente por las oportunidades en la empleabilidad durante sus 16 a\u00f1os de operaci\u00f3n, as\u00ed como en los potenciales contratos que se puedan establecer entre el titular y empresas proveedoras de servicios locales.<br \/>\nCristi\u00e1n Torres, jefe de Construcci\u00f3n de El Espino, se\u00f1al\u00f3 que uno de los objetivos principales es mostrar en qu\u00e9 etapa se encuentra dicha iniciativa: \u201cle mostramos las obras tempranas que estamos ejecutando, partiendo por los compromisos medioambientales que tenemos debido al cumplimiento de nuestra Resoluci\u00f3n de Calificaci\u00f3n Ambiental, adem\u00e1s de todo lo que tiene que ver del proyecto en su fase de construcci\u00f3n.<\/p>\n<p>Las proyecciones indican que su puesta en marcha se dar\u00e1 a finales del 2026. Solo en su fase de instalaci\u00f3n, El Espino ha contratado 400 puestos de trabajo, en un 75% provenientes de Illapel y Canela. En ese sentido, el alcalde de Illapel, Denis Cort\u00e9s, puntualiz\u00f3 que \u201cqueremos que este proyecto sea una oportunidad para nuestros vecinos y eso se puede hacer a trav\u00e9s de la contrataci\u00f3n y en la medida que haya proveedores locales. Debemos mirar las potencialidades de la gente y el territorio\u201d.<\/p>\n<p>Mientras que su par de Canela, Bernardo Leyton, destac\u00f3 que \u201cagradecemos este espacio para conversar sobre esta iniciativa. Nosotros hemos ya tenido un trabajo previo con gestos importantes de la empresa y queremos responder a las necesidades del proyecto\u201d.<br \/>\nEn tanto, el jefe comunal de Combarbal\u00e1, Pedro Castillo, indic\u00f3 que se ha visto \u201cun trabajo muy comprometido para desarrollar este proyecto de mediana miner\u00eda, que permite generar actividad econ\u00f3mica, trabajo, no solamente en la provincia del Choapa, sino que tambi\u00e9n, seg\u00fan las conversaciones que hemos sostenido en nuestra comuna de Combarbal\u00e1\u201d.<br \/>\n\u201cQuiero agradecer a esta empresa que ha desarrollado un trabajo muy comprometido con la naturaleza, vimos las instalaciones, todo el desarrollo que se ha generado particularmente con las medidas de mitigaci\u00f3n que implican la actividad minera, que son el coraz\u00f3n de la actividad econ\u00f3mica, en la regi\u00f3n de Coquimbo, y que hoy se desarrollan aqu\u00ed en esta comunidad\u201d, agreg\u00f3.<\/p>\n","protected":false},"excerpt":{"rendered":"<p>Inter\u00e9s de los jefes comunales apunta a la empleabilidad que generar\u00e1 el proyecto y las posibilidades de sumar contratos con empresas proveedoras locales. En los \u00faltimos dos meses, los alcaldes de Canela, Bernardo Leyton; Combarbal\u00e1, Pedro Castillo e Illapel, Denis Cort\u00e9s activaron reuniones y visitas con ejecutivos a las instalaciones del proyecto minero El Espino, [&hellip;]<\/p>\n","protected":false},"author":1,"featured_media":12758,"comment_status":"open","ping_status":"open","sticky":false,"template":"","format":"standard","meta":{"tdm_status":"","tdm_grid_status":"","footnotes":"","_wpscppro_dont_share_socialmedia":false,"_wpscppro_custom_social_share_image":0,"_facebook_share_type":"","_twitter_share_type":"","_linkedin_share_type":"","_pinterest_share_type":"","_linkedin_share_type_page":"","_instagram_share_type":"","_medium_share_type":"","_threads_share_type":"","_google_business_share_type":"","_bluesky_share_type":"","_mastodon_share_type":"","_selected_social_profile":[],"_wpsp_enable_custom_social_template":false,"_wpsp_social_scheduling":{"enabled":false,"datetime":null,"platforms":[],"status":"template_only","dateOption":"today","timeOption":"now","customDays":"","customHours":"","customDate":"","customTime":"","schedulingType":"absolute"},"_wpsp_active_default_template":true},"categories":[1],"tags":[8,28],"class_list":["post-12756","post","type-post","status-publish","format-standard","has-post-thumbnail","hentry","category-uncategorized","tag-marketing","tag-site-tips"],"_links":{"self":[{"href":"https:\/\/www.semanariotiempo.cl\/index.php?rest_route=\/wp\/v2\/posts\/12756","targetHints":{"allow":["GET"]}}],"collection":[{"href":"https:\/\/www.semanariotiempo.cl\/index.php?rest_route=\/wp\/v2\/posts"}],"about":[{"href":"https:\/\/www.semanariotiempo.cl\/index.php?rest_route=\/wp\/v2\/types\/post"}],"author":[{"embeddable":true,"href":"https:\/\/www.semanariotiempo.cl\/index.php?rest_route=\/wp\/v2\/users\/1"}],"replies":[{"embeddable":true,"href":"https:\/\/www.semanariotiempo.cl\/index.php?rest_route=%2Fwp%2Fv2%2Fcomments&post=12756"}],"version-history":[{"count":0,"href":"https:\/\/www.semanariotiempo.cl\/index.php?rest_route=\/wp\/v2\/posts\/12756\/revisions"}],"wp:featuredmedia":[{"embeddable":true,"href":"https:\/\/www.semanariotiempo.cl\/index.php?rest_route=\/wp\/v2\/media\/12758"}],"wp:attachment":[{"href":"https:\/\/www.semanariotiempo.cl\/index.php?rest_route=%2Fwp%2Fv2%2Fmedia&parent=12756"}],"wp:term":[{"taxonomy":"category","embeddable":true,"href":"https:\/\/www.semanariotiempo.cl\/index.php?rest_route=%2Fwp%2Fv2%2Fcategories&post=12756"},{"taxonomy":"post_tag","embeddable":true,"href":"https:\/\/www.semanariotiempo.cl\/index.php?rest_route=%2Fwp%2Fv2%2Ftags&post=12756"}],"curies":[{"name":"wp","href":"https:\/\/api.w.org\/{rel}","templated":true}]}}