{"id":12716,"date":"2024-06-05T21:53:56","date_gmt":"2024-06-06T01:53:56","guid":{"rendered":"https:\/\/www.semanariotiempo.cl\/?p=12716"},"modified":"2024-06-05T21:53:56","modified_gmt":"2024-06-06T01:53:56","slug":"diputado-pino-impulsa-la-creacion-de-subsecretaria-de-recursos-hidricos-dependiente-del-mop","status":"publish","type":"post","link":"https:\/\/www.semanariotiempo.cl\/?p=12716","title":{"rendered":"Diputado Pino impulsa la creaci\u00f3n de Subsecretar\u00eda de Recursos H\u00eddricos dependiente del MOP"},"content":{"rendered":"<h4><span style=\"color: #800000;\"><strong>El parlamentario del Partido Dem\u00f3cratas por la regi\u00f3n de Coquimbo, present\u00f3 una Reforma Constitucional para establecer esta nueva instituci\u00f3n, que liderar\u00eda la gesti\u00f3n sostenible del agua para entre otras cosas enfrentar de mejor forma la actual Crisis H\u00eddrica que afecta al pa\u00eds.<\/strong><\/span><\/h4>\n<p><img loading=\"lazy\" decoding=\"async\" class=\"size-full wp-image-12718 aligncenter\" src=\"https:\/\/www.semanariotiempo.cl\/wp-content\/uploads\/2024\/06\/DIPUTADO-PINO.jpeg\" alt=\"\" width=\"1120\" height=\"746\" srcset=\"https:\/\/www.semanariotiempo.cl\/wp-content\/uploads\/2024\/06\/DIPUTADO-PINO.jpeg 1120w, https:\/\/www.semanariotiempo.cl\/wp-content\/uploads\/2024\/06\/DIPUTADO-PINO-300x200.jpeg 300w, https:\/\/www.semanariotiempo.cl\/wp-content\/uploads\/2024\/06\/DIPUTADO-PINO-1024x682.jpeg 1024w, https:\/\/www.semanariotiempo.cl\/wp-content\/uploads\/2024\/06\/DIPUTADO-PINO-768x512.jpeg 768w, https:\/\/www.semanariotiempo.cl\/wp-content\/uploads\/2024\/06\/DIPUTADO-PINO-696x464.jpeg 696w, https:\/\/www.semanariotiempo.cl\/wp-content\/uploads\/2024\/06\/DIPUTADO-PINO-1068x711.jpeg 1068w, https:\/\/www.semanariotiempo.cl\/wp-content\/uploads\/2024\/06\/DIPUTADO-PINO-631x420.jpeg 631w\" sizes=\"auto, (max-width: 1120px) 100vw, 1120px\" \/><\/p>\n<p>Luego de un arduo an\u00e1lisis y trabajo junto a su equipo parlamentario, y despu\u00e9s de casi un a\u00f1o en que se aprobara en la C\u00e1mara una resoluci\u00f3n de su autor\u00eda, solicitando al Presidente de la Rep\u00fablica, la creaci\u00f3n de una subsecretar\u00eda, el diputado V\u00edctor Pino ingres\u00f3 una Reforma Constitucional para crear la Subsecretar\u00eda de Recursos H\u00eddricos en el Ministerio de Obras P\u00fablicas.<br \/>\nPara el parlamentario, \u201cdesde hace m\u00e1s de 10 a\u00f1os se habla de esto y hasta ahora no ha existido la voluntad pol\u00edtica para llevarlo adelante\u201d. Seg\u00fan Pino, \u201cla creaci\u00f3n de esta instituci\u00f3n permitir\u00eda concentrar las capacidades t\u00e9cnicas, pol\u00edticas y financieras necesarias para enfrentar la Crisis H\u00eddrica de manera integral\u201d.<\/p>\n<p>Esta entidad, a\u00f1adi\u00f3 el diputado V\u00edctor Pino, \u201cpodr\u00eda liderar la formulaci\u00f3n e implementaci\u00f3n de pol\u00edticas p\u00fablicas orientadas a la gesti\u00f3n sostenible del agua, promoviendo el uso eficiente y equitativo de los recursos h\u00eddricos, as\u00ed como la conservaci\u00f3n de los ecosistemas acu\u00e1ticos. Por eso es importante que exista a nivel de una Subsecretar\u00eda dentro del MOP, ya que con eso podremos fortalecer la institucionalidad existente, coordinando de manera efectiva la acci\u00f3n de los distintos organismos p\u00fablicos involucrados en la gesti\u00f3n del agua, como la Direcci\u00f3n General de Aguas, la Direcci\u00f3n de Obras Hidr\u00e1ulicas, la Superintendencia de Servicios Sanitarios, el Ministerio de Agricultura y el Ministerio de Medio Ambiente entre otros\u201d.<br \/>\nAsimismo, la nueva Subsecretar\u00eda \u201cpodr\u00eda fomentar la participaci\u00f3n ciudadana y el di\u00e1logo con los \u201cdiversos actores involucrados en la gesti\u00f3n del agua, incluyendo a las comunidades ind\u00edgenas y a la sociedad civil\u201d, agreg\u00f3 el legislador del Partido Dem\u00f3cratas por la regi\u00f3n de Coquimbo, quien espera que la creaci\u00f3n de esta entidad permita liderar la gesti\u00f3n integral del agua, promoviendo su uso sostenible y equitativo, y garantizando as\u00ed un recurso vital para la vida y el desarrollo de Chile.<\/p>\n","protected":false},"excerpt":{"rendered":"<p>El parlamentario del Partido Dem\u00f3cratas por la regi\u00f3n de Coquimbo, present\u00f3 una Reforma Constitucional para establecer esta nueva instituci\u00f3n, que liderar\u00eda la gesti\u00f3n sostenible del agua para entre otras cosas enfrentar de mejor forma la actual Crisis H\u00eddrica que afecta al pa\u00eds. Luego de un arduo an\u00e1lisis y trabajo junto a su equipo parlamentario, y [&hellip;]<\/p>\n","protected":false},"author":1,"featured_media":12718,"comment_status":"open","ping_status":"open","sticky":false,"template":"","format":"standard","meta":{"tdm_status":"","tdm_grid_status":"","footnotes":"","_wpscppro_dont_share_socialmedia":false,"_wpscppro_custom_social_share_image":0,"_facebook_share_type":"","_twitter_share_type":"","_linkedin_share_type":"","_pinterest_share_type":"","_linkedin_share_type_page":"","_instagram_share_type":"","_medium_share_type":"","_threads_share_type":"","_google_business_share_type":"","_bluesky_share_type":"","_mastodon_share_type":"","_selected_social_profile":[],"_wpsp_enable_custom_social_template":false,"_wpsp_social_scheduling":{"enabled":false,"datetime":null,"platforms":[],"status":"template_only","dateOption":"today","timeOption":"now","customDays":"","customHours":"","customDate":"","customTime":"","schedulingType":"absolute"},"_wpsp_active_default_template":true},"categories":[1],"tags":[8,7],"class_list":["post-12716","post","type-post","status-publish","format-standard","has-post-thumbnail","hentry","category-uncategorized","tag-marketing","tag-wordpress"],"_links":{"self":[{"href":"https:\/\/www.semanariotiempo.cl\/index.php?rest_route=\/wp\/v2\/posts\/12716","targetHints":{"allow":["GET"]}}],"collection":[{"href":"https:\/\/www.semanariotiempo.cl\/index.php?rest_route=\/wp\/v2\/posts"}],"about":[{"href":"https:\/\/www.semanariotiempo.cl\/index.php?rest_route=\/wp\/v2\/types\/post"}],"author":[{"embeddable":true,"href":"https:\/\/www.semanariotiempo.cl\/index.php?rest_route=\/wp\/v2\/users\/1"}],"replies":[{"embeddable":true,"href":"https:\/\/www.semanariotiempo.cl\/index.php?rest_route=%2Fwp%2Fv2%2Fcomments&post=12716"}],"version-history":[{"count":0,"href":"https:\/\/www.semanariotiempo.cl\/index.php?rest_route=\/wp\/v2\/posts\/12716\/revisions"}],"wp:featuredmedia":[{"embeddable":true,"href":"https:\/\/www.semanariotiempo.cl\/index.php?rest_route=\/wp\/v2\/media\/12718"}],"wp:attachment":[{"href":"https:\/\/www.semanariotiempo.cl\/index.php?rest_route=%2Fwp%2Fv2%2Fmedia&parent=12716"}],"wp:term":[{"taxonomy":"category","embeddable":true,"href":"https:\/\/www.semanariotiempo.cl\/index.php?rest_route=%2Fwp%2Fv2%2Fcategories&post=12716"},{"taxonomy":"post_tag","embeddable":true,"href":"https:\/\/www.semanariotiempo.cl\/index.php?rest_route=%2Fwp%2Fv2%2Ftags&post=12716"}],"curies":[{"name":"wp","href":"https:\/\/api.w.org\/{rel}","templated":true}]}}