{"id":12612,"date":"2024-05-27T16:01:13","date_gmt":"2024-05-27T20:01:13","guid":{"rendered":"https:\/\/www.semanariotiempo.cl\/?p=12612"},"modified":"2024-05-27T16:01:13","modified_gmt":"2024-05-27T20:01:13","slug":"cmp-y-engie-prueban-funcionamiento-de-primer-camion-de-extraccion-en-chile-que-opera-en-base-a-gas-natural","status":"publish","type":"post","link":"https:\/\/www.semanariotiempo.cl\/?p=12612","title":{"rendered":"CMP y ENGIE prueban funcionamiento de primer cami\u00f3n de extracci\u00f3n en Chile que opera en base a gas natural"},"content":{"rendered":"<h4><span style=\"color: #800000;\"><strong>A trav\u00e9s de una alianza firmada en 2022, las compa\u00f1\u00edas comenzaron con un pilotaje que durar\u00e1 cuatro meses y busca reducir considerablemente las emisiones en Mina Los Colorados.<\/strong><\/span><\/h4>\n<p><img loading=\"lazy\" decoding=\"async\" class=\"size-full wp-image-12614 aligncenter\" src=\"https:\/\/www.semanariotiempo.cl\/wp-content\/uploads\/2024\/05\/CAEX-DUAL-MLC-5.jpg\" alt=\"\" width=\"1050\" height=\"591\" srcset=\"https:\/\/www.semanariotiempo.cl\/wp-content\/uploads\/2024\/05\/CAEX-DUAL-MLC-5.jpg 1050w, https:\/\/www.semanariotiempo.cl\/wp-content\/uploads\/2024\/05\/CAEX-DUAL-MLC-5-300x169.jpg 300w, https:\/\/www.semanariotiempo.cl\/wp-content\/uploads\/2024\/05\/CAEX-DUAL-MLC-5-1024x576.jpg 1024w, https:\/\/www.semanariotiempo.cl\/wp-content\/uploads\/2024\/05\/CAEX-DUAL-MLC-5-768x432.jpg 768w, https:\/\/www.semanariotiempo.cl\/wp-content\/uploads\/2024\/05\/CAEX-DUAL-MLC-5-696x392.jpg 696w, https:\/\/www.semanariotiempo.cl\/wp-content\/uploads\/2024\/05\/CAEX-DUAL-MLC-5-746x420.jpg 746w\" sizes=\"auto, (max-width: 1050px) 100vw, 1050px\" \/><\/p>\n<p>Un importante paso en la transici\u00f3n energ\u00e9tica de la gran miner\u00eda dieron Compa\u00f1\u00eda Minera del Pac\u00edfico (CMP) junto a ENGIE Chile. Se trata de la primera carga de gas natural licuado (GNL) a un cami\u00f3n de extracci\u00f3n CAEX de 220 toneladas, dando inicio a un periodo piloto de su uso en Mina Los Colorados, ubicada en Huasco, regi\u00f3n de Atacama.<br \/>\nEl equipo de alto tonelaje de la empresa minera fue modificado con un kit de conversi\u00f3n para implementar un innovador sistema de alimentaci\u00f3n de combustible dual, utilizando principalmente gas natural licuado y, en menor medida, di\u00e9sel. De esta manera, se espera que el cami\u00f3n reduzca entre un 15% y un 25% las emisiones de CO2 y entre un 25% y un 35% las de material particulado (MP).<\/p>\n<p>El cami\u00f3n se mantendr\u00e1 en fase piloto por cuatro meses, periodo en el que ambas compa\u00f1\u00edas analizar\u00e1n el funcionamiento y rendimiento del cami\u00f3n utilizando este nuevo sistema de combustible. Dentro de los principales puntos a evaluar se encuentran la sustituci\u00f3n de gas natural por di\u00e9sel, la reducci\u00f3n de emisiones de CO2 y MP, y su productividad y disponibilidad f\u00edsica, entre otros.<br \/>\nEn una mirada hacia el futuro respecto a esta propuesta, Carlos G\u00f3mez, gerente de Proyectos de CMP indic\u00f3 que \u201cen sinton\u00eda con nuestro plan de descarbonizaci\u00f3n, esperamos que los resultados sean positivos y que estos nos permitan visualizar un proyecto mucho mayor, modificando la flota completa de camiones CAEX de Mina Los Colorados. De lograr este hito obtendr\u00edamos una reducci\u00f3n de emisiones bastante importante, equivalente a sacar de circulaci\u00f3n 1513 autom\u00f3viles\u201d.<\/p>\n<p>Por otra parte, desde la empresa ENGIE, su gerente de Producto Gas, Andr\u00e9s Peragallo, se\u00f1al\u00f3: \u201cCMP y ENGIE apuntan a cumplir las metas globales que tienen ambas compa\u00f1\u00edas, y que tenemos como pa\u00eds, en l\u00ednea con la descarbonizaci\u00f3n de los procesos productivos. Por lo mismo, el uso de gas natural en los CAEX es fundamental, siendo la primera vez que se aplica en Chile, tanto en la industria del gas y en la miner\u00eda, la cual esperamos extrapolar a m\u00e1s flotas de camiones y otras aplicaciones de movilidad\u201d.<br \/>\nDesde CMP agregaron que este proyecto representa un paso significativo hacia la descarbonizaci\u00f3n de la gran miner\u00eda en Chile y marca un camino a seguir dentro de la industria, donde la compa\u00f1\u00eda mantiene un rol activo respecto a la aplicaci\u00f3n de la tecnolog\u00eda e innovaci\u00f3n en este campo.<\/p>\n","protected":false},"excerpt":{"rendered":"<p>A trav\u00e9s de una alianza firmada en 2022, las compa\u00f1\u00edas comenzaron con un pilotaje que durar\u00e1 cuatro meses y busca reducir considerablemente las emisiones en Mina Los Colorados. Un importante paso en la transici\u00f3n energ\u00e9tica de la gran miner\u00eda dieron Compa\u00f1\u00eda Minera del Pac\u00edfico (CMP) junto a ENGIE Chile. Se trata de la primera carga [&hellip;]<\/p>\n","protected":false},"author":1,"featured_media":12614,"comment_status":"open","ping_status":"open","sticky":false,"template":"","format":"standard","meta":{"tdm_status":"","tdm_grid_status":"","footnotes":"","_wpscppro_dont_share_socialmedia":false,"_wpscppro_custom_social_share_image":0,"_facebook_share_type":"","_twitter_share_type":"","_linkedin_share_type":"","_pinterest_share_type":"","_linkedin_share_type_page":"","_instagram_share_type":"","_medium_share_type":"","_threads_share_type":"","_google_business_share_type":"","_bluesky_share_type":"","_mastodon_share_type":"","_selected_social_profile":[],"_wpsp_enable_custom_social_template":false,"_wpsp_social_scheduling":{"enabled":false,"datetime":null,"platforms":[],"status":"template_only","dateOption":"today","timeOption":"now","customDays":"","customHours":"","customDate":"","customTime":"","schedulingType":"absolute"},"_wpsp_active_default_template":true},"categories":[1],"tags":[8],"class_list":["post-12612","post","type-post","status-publish","format-standard","has-post-thumbnail","hentry","category-uncategorized","tag-marketing"],"_links":{"self":[{"href":"https:\/\/www.semanariotiempo.cl\/index.php?rest_route=\/wp\/v2\/posts\/12612","targetHints":{"allow":["GET"]}}],"collection":[{"href":"https:\/\/www.semanariotiempo.cl\/index.php?rest_route=\/wp\/v2\/posts"}],"about":[{"href":"https:\/\/www.semanariotiempo.cl\/index.php?rest_route=\/wp\/v2\/types\/post"}],"author":[{"embeddable":true,"href":"https:\/\/www.semanariotiempo.cl\/index.php?rest_route=\/wp\/v2\/users\/1"}],"replies":[{"embeddable":true,"href":"https:\/\/www.semanariotiempo.cl\/index.php?rest_route=%2Fwp%2Fv2%2Fcomments&post=12612"}],"version-history":[{"count":0,"href":"https:\/\/www.semanariotiempo.cl\/index.php?rest_route=\/wp\/v2\/posts\/12612\/revisions"}],"wp:featuredmedia":[{"embeddable":true,"href":"https:\/\/www.semanariotiempo.cl\/index.php?rest_route=\/wp\/v2\/media\/12614"}],"wp:attachment":[{"href":"https:\/\/www.semanariotiempo.cl\/index.php?rest_route=%2Fwp%2Fv2%2Fmedia&parent=12612"}],"wp:term":[{"taxonomy":"category","embeddable":true,"href":"https:\/\/www.semanariotiempo.cl\/index.php?rest_route=%2Fwp%2Fv2%2Fcategories&post=12612"},{"taxonomy":"post_tag","embeddable":true,"href":"https:\/\/www.semanariotiempo.cl\/index.php?rest_route=%2Fwp%2Fv2%2Ftags&post=12612"}],"curies":[{"name":"wp","href":"https:\/\/api.w.org\/{rel}","templated":true}]}}