{"id":12488,"date":"2024-05-15T16:12:36","date_gmt":"2024-05-15T20:12:36","guid":{"rendered":"https:\/\/www.semanariotiempo.cl\/?p=12488"},"modified":"2024-05-15T16:12:36","modified_gmt":"2024-05-15T20:12:36","slug":"tpc-inicia-temporada-de-exportacion-de-citricos-con-recalada-de-buques-portacontenedores","status":"publish","type":"post","link":"https:\/\/www.semanariotiempo.cl\/?p=12488","title":{"rendered":"TPC inicia temporada de exportaci\u00f3n de c\u00edtricos con recalada de buques portacontenedores"},"content":{"rendered":"<h4><span style=\"color: #800000;\"><strong>Periodo se extender\u00e1 hasta la primavera aproximadamente y concesionaria despachar\u00e1 productos como limones, naranjas, mandarinas y pomelos. \u201cEstamos iniciando la temporada, la que enfrentamos con un terminal renovado (\u2026) Sabemos de la importancia para la regi\u00f3n\u201d, dijo el gerente General de TPC, Cristi\u00e1n Rodr\u00edguez.<\/strong><\/span><\/h4>\n<p><img loading=\"lazy\" decoding=\"async\" class=\"size-full wp-image-12490 aligncenter\" src=\"https:\/\/www.semanariotiempo.cl\/wp-content\/uploads\/2024\/05\/Recalada-de-buques-portacontenedores-por-el-puerto-de-Coquimbo.jpg\" alt=\"\" width=\"1050\" height=\"589\" srcset=\"https:\/\/www.semanariotiempo.cl\/wp-content\/uploads\/2024\/05\/Recalada-de-buques-portacontenedores-por-el-puerto-de-Coquimbo.jpg 1050w, https:\/\/www.semanariotiempo.cl\/wp-content\/uploads\/2024\/05\/Recalada-de-buques-portacontenedores-por-el-puerto-de-Coquimbo-300x168.jpg 300w, https:\/\/www.semanariotiempo.cl\/wp-content\/uploads\/2024\/05\/Recalada-de-buques-portacontenedores-por-el-puerto-de-Coquimbo-1024x574.jpg 1024w, https:\/\/www.semanariotiempo.cl\/wp-content\/uploads\/2024\/05\/Recalada-de-buques-portacontenedores-por-el-puerto-de-Coquimbo-768x431.jpg 768w, https:\/\/www.semanariotiempo.cl\/wp-content\/uploads\/2024\/05\/Recalada-de-buques-portacontenedores-por-el-puerto-de-Coquimbo-696x390.jpg 696w, https:\/\/www.semanariotiempo.cl\/wp-content\/uploads\/2024\/05\/Recalada-de-buques-portacontenedores-por-el-puerto-de-Coquimbo-749x420.jpg 749w\" sizes=\"auto, (max-width: 1050px) 100vw, 1050px\" \/><\/p>\n<p>Naranjas, limones, mandarinas y pomelos son los principales productos agr\u00edcolas de la regi\u00f3n de Coquimbo que durante los pr\u00f3ximos meses comenzar\u00e1n a exportarse por el puerto de Coquimbo. Durante esta semana, el concesionario TPC inici\u00f3 la temporada de c\u00edtricos con la recalada de buques portacontenedores, a trav\u00e9s del moderno Sitio 3.<br \/>\nEste periodo, que generalmente se extiende hasta la primavera, es considerado relevante para la econom\u00eda de regi\u00f3n de Coquimbo e intenso en la generaci\u00f3n de puestos de trabajo, especialmente porque en la cosecha se crean empleos tanto en las plantaciones, como en las industrias relacionadas con el procesamiento y la distribuci\u00f3n de estos frutos.<br \/>\nEn este sentido, el delegado Presidencial, Galo Luna, se\u00f1al\u00f3 que \u201cpese al complejo momento h\u00eddrico, nuestra regi\u00f3n ha podido continuar trabajando en la producci\u00f3n y exportaci\u00f3n de c\u00edtricos, manteniendo las preferencias de mercados tan importantes como el estadounidense, japon\u00e9s, mexicano, entre otros\u201d.<\/p>\n<p>\u201cEs importante seguir trabajando con los productores para potenciar la industria exportadora, sobre todo en un contexto de cambio clim\u00e1tico, donde tenemos el desaf\u00edo de implementar acciones de productividad m\u00e1s sustentable, y as\u00ed mantener el dinamismo econ\u00f3mico y el buen posicionamiento de nuestros c\u00edtricos que el mercado internacional ha reconocido hist\u00f3ricamente\u201d, agreg\u00f3.<br \/>\nPor su parte, el gerente General de Terminal Puerto Coquimbo, Cristian Rodr\u00edguez, indic\u00f3 que \u201cestamos iniciando la temporada de c\u00edtricos de la regi\u00f3n con un Terminal Puerto Coquimbo renovado, con un Sitio 3 que permite la llegada de buques portacontenedores\u201d.<br \/>\n\u201cSabemos la importancia de la temporada de c\u00edtricos para la regi\u00f3n, los que tienen como destinos los mercados del norte y de Asia. As\u00ed entonces, nuestro compromiso con el desarrollo social, productivo y econ\u00f3mico est\u00e1 al centro de nuestro trabajo diario, el que realizamos con excelencia operacional para entregar un servicio de calidad a nuestros clientes, conectando los productores locales con los mercados globales\u201d, precis\u00f3.<\/p>\n<p><strong>Itinerario<\/strong><br \/>\nEl pasado lunes 6 de mayo, a las 21:00 horas, TPC inici\u00f3 la temporada de exportaci\u00f3n de c\u00edtricos, y con ello, el recomienzo de los servicios de contenedores en Coquimbo. El primer buque, fue el buque Polar Argentina que arrib\u00f3 al Sitio 3, donde se embarcaron 30 contenedores. A las 4:00 de la madrugada del d\u00eda siguiente recal\u00f3 el buque GSL Tripoli.<\/p>\n","protected":false},"excerpt":{"rendered":"<p>Periodo se extender\u00e1 hasta la primavera aproximadamente y concesionaria despachar\u00e1 productos como limones, naranjas, mandarinas y pomelos. \u201cEstamos iniciando la temporada, la que enfrentamos con un terminal renovado (\u2026) Sabemos de la importancia para la regi\u00f3n\u201d, dijo el gerente General de TPC, Cristi\u00e1n Rodr\u00edguez. Naranjas, limones, mandarinas y pomelos son los principales productos agr\u00edcolas de [&hellip;]<\/p>\n","protected":false},"author":1,"featured_media":12490,"comment_status":"open","ping_status":"open","sticky":false,"template":"","format":"standard","meta":{"tdm_status":"","tdm_grid_status":"","footnotes":"","_wpscppro_dont_share_socialmedia":false,"_wpscppro_custom_social_share_image":0,"_facebook_share_type":"","_twitter_share_type":"","_linkedin_share_type":"","_pinterest_share_type":"","_linkedin_share_type_page":"","_instagram_share_type":"","_medium_share_type":"","_threads_share_type":"","_google_business_share_type":"","_bluesky_share_type":"","_mastodon_share_type":"","_selected_social_profile":[],"_wpsp_enable_custom_social_template":false,"_wpsp_social_scheduling":{"enabled":false,"datetime":null,"platforms":[],"status":"template_only","dateOption":"today","timeOption":"now","customDays":"","customHours":"","customDate":"","customTime":"","schedulingType":"absolute"},"_wpsp_active_default_template":true},"categories":[1],"tags":[21,8],"class_list":["post-12488","post","type-post","status-publish","format-standard","has-post-thumbnail","hentry","category-uncategorized","tag-ipad","tag-marketing"],"_links":{"self":[{"href":"https:\/\/www.semanariotiempo.cl\/index.php?rest_route=\/wp\/v2\/posts\/12488","targetHints":{"allow":["GET"]}}],"collection":[{"href":"https:\/\/www.semanariotiempo.cl\/index.php?rest_route=\/wp\/v2\/posts"}],"about":[{"href":"https:\/\/www.semanariotiempo.cl\/index.php?rest_route=\/wp\/v2\/types\/post"}],"author":[{"embeddable":true,"href":"https:\/\/www.semanariotiempo.cl\/index.php?rest_route=\/wp\/v2\/users\/1"}],"replies":[{"embeddable":true,"href":"https:\/\/www.semanariotiempo.cl\/index.php?rest_route=%2Fwp%2Fv2%2Fcomments&post=12488"}],"version-history":[{"count":0,"href":"https:\/\/www.semanariotiempo.cl\/index.php?rest_route=\/wp\/v2\/posts\/12488\/revisions"}],"wp:featuredmedia":[{"embeddable":true,"href":"https:\/\/www.semanariotiempo.cl\/index.php?rest_route=\/wp\/v2\/media\/12490"}],"wp:attachment":[{"href":"https:\/\/www.semanariotiempo.cl\/index.php?rest_route=%2Fwp%2Fv2%2Fmedia&parent=12488"}],"wp:term":[{"taxonomy":"category","embeddable":true,"href":"https:\/\/www.semanariotiempo.cl\/index.php?rest_route=%2Fwp%2Fv2%2Fcategories&post=12488"},{"taxonomy":"post_tag","embeddable":true,"href":"https:\/\/www.semanariotiempo.cl\/index.php?rest_route=%2Fwp%2Fv2%2Ftags&post=12488"}],"curies":[{"name":"wp","href":"https:\/\/api.w.org\/{rel}","templated":true}]}}