{"id":12468,"date":"2024-05-14T17:06:56","date_gmt":"2024-05-14T21:06:56","guid":{"rendered":"https:\/\/www.semanariotiempo.cl\/?p=12468"},"modified":"2024-05-14T17:06:56","modified_gmt":"2024-05-14T21:06:56","slug":"minera-los-pelambres-y-sus-empresas-colaboradoras-propiciaron-28-practicas-y-memorias-para-estudiantes-de-la-region","status":"publish","type":"post","link":"https:\/\/www.semanariotiempo.cl\/?p=12468","title":{"rendered":"Minera Los Pelambres y sus empresas colaboradoras propiciaron 28 pr\u00e1cticas y memorias para estudiantes de la regi\u00f3n"},"content":{"rendered":"<h4><span style=\"color: #800000;\"><strong> A la fecha, 17 empresas prestadoras de servicios se han sumado al programa Oportunidades de Futuro de Los Pelambres, iniciativa que entre sus objetivos busca generar m\u00e1s y mejores oportunidades de desarrollo para los estudiantes de la regi\u00f3n de Coquimbo y la provincia de Choapa.<\/strong><\/span><br \/>\n<span style=\"color: #800000;\"><strong>\u201cMe enter\u00e9 gracias a la Oficina M\u00f3vil de Empleabilidad de Minera Los Pelambres que va a mi comuna. Fue una gran experiencia, ya que me dieron la oportunidad de aprender y de subirme a todas las maquinarias pesadas que llegaban a la empresa\u201d, coment\u00f3 el illapelino Kevin D\u00edaz (23), egresado del Centro de Formaci\u00f3n T\u00e9cnica UCN Sede Choapa de Los Vilos.<\/strong><\/span><\/h4>\n<p><img loading=\"lazy\" decoding=\"async\" class=\"size-full wp-image-12470 aligncenter\" src=\"https:\/\/www.semanariotiempo.cl\/wp-content\/uploads\/2024\/05\/mlp.jpg\" alt=\"\" width=\"1050\" height=\"730\" srcset=\"https:\/\/www.semanariotiempo.cl\/wp-content\/uploads\/2024\/05\/mlp.jpg 1050w, https:\/\/www.semanariotiempo.cl\/wp-content\/uploads\/2024\/05\/mlp-300x209.jpg 300w, https:\/\/www.semanariotiempo.cl\/wp-content\/uploads\/2024\/05\/mlp-1024x712.jpg 1024w, https:\/\/www.semanariotiempo.cl\/wp-content\/uploads\/2024\/05\/mlp-768x534.jpg 768w, https:\/\/www.semanariotiempo.cl\/wp-content\/uploads\/2024\/05\/mlp-696x484.jpg 696w, https:\/\/www.semanariotiempo.cl\/wp-content\/uploads\/2024\/05\/mlp-604x420.jpg 604w, https:\/\/www.semanariotiempo.cl\/wp-content\/uploads\/2024\/05\/mlp-100x70.jpg 100w\" sizes=\"auto, (max-width: 1050px) 100vw, 1050px\" \/><\/p>\n<p>\u201cMi experiencia de pr\u00e1ctica fue muy positiva y me sirvi\u00f3 tanto para mi desarrollo profesional como personal. Me gusta mucho la historia y veo que la miner\u00eda en Chile ha estado desde siempre y es parte de nuestra identidad, entonces eso es lo que me llena. Me siento muy orgullosa y feliz por haber tenido esta experiencia laboral\u201d. Las palabras corresponden a Dafne Campos, estudiante vile\u00f1a de 20 a\u00f1os que ingres\u00f3 en 2022 a estudiar Operaci\u00f3n de Plantas Mineras en el Centro de Formaci\u00f3n T\u00e9cnica CEDUC UCN de Los Vilos.<br \/>\nEn espec\u00edfico, Dafne realiz\u00f3 su pr\u00e1ctica profesional en Alfred H. Knigh, empresa colaboradora de Minera Los Pelambres (MLP) y que presta servicios en el laboratorio qu\u00edmico de la planta concentradora. La experiencia la vivi\u00f3 durante el 2023, mismo a\u00f1o en que la compa\u00f1\u00eda decidi\u00f3 sumarse, junto a otras 16 firmas, al programa \u201cOportunidades de Futuro\u201d de MLP, que persigue, entre sus objetivos e iniciativas, brindar m\u00e1s y mejores oportunidades de aprendizaje a j\u00f3venes y adultos que buscan concretar sus pr\u00e1cticas y memorias.<\/p>\n<p>\u201cLos temas de educaci\u00f3n y formaci\u00f3n siempre han sido un foco de inter\u00e9s en nuestro compromiso con la provincia de Choapa y la regi\u00f3n de Coquimbo, y el programa Oportunidades de Futuro es un muy buen ejemplo de esta gesti\u00f3n, porque a trav\u00e9s de sus iniciativas para apoyar a estudiantes, no s\u00f3lo estamos abriendo las puertas de la miner\u00eda, sino tambi\u00e9n desarrollamos a profesionales desde una etapa de formaci\u00f3n temprana bajo est\u00e1ndares de clase mundial\u201d, coment\u00f3 Alejandro V\u00e1squez, gerente General y vicepresidente de Operaciones de Minera Los Pelambres.<br \/>\nOtro caso es el de Scarleth Bugue\u00f1o, salamanquina de 23 a\u00f1os, quien culmin\u00f3 en marzo de 2024 su pr\u00e1ctica profesional como ingeniera civil en minas directamente en el equipo corporativo de Minera Los Pelambres. Sobre su experiencia, comparti\u00f3 que \u201cpor parte de la compa\u00f1\u00eda se vio mucho inter\u00e9s en que los practicantes pudi\u00e9ramos desarrollar nuestras tareas de buena forma, en que logr\u00e1ramos aprender y llegaremos de vuelta a nuestra casa de estudios con una buena experiencia\u201d.<\/p>\n<p>\u201cOportunidades de Futuro\u201d, y este trabajo conjunto de Minera Los Pelambres con sus empresas colaboradoras, permite tambi\u00e9n una identificaci\u00f3n temprana de talentos en profesionales y t\u00e9cnicos de nivel superior, brind\u00e1ndoles una carta segura de aprendizaje, experiencia y acompa\u00f1amiento para facilitar su inserci\u00f3n laboral en el \u00e1mbito minero.<br \/>\nPara lo anterior, esta iniciativa ofrece jornadas laborales asignadas a las \u00e1reas y requerimientos levantados por el centro de estudio de procedencia, adem\u00e1s de una asignaci\u00f3n econ\u00f3mica mensual, traslado a faena y alimentaci\u00f3n. Las postulaciones son de septiembre a octubre de cada a\u00f1o, con fecha de inicio de pr\u00e1ctica o memoria los primeros d\u00edas de enero del a\u00f1o siguiente, en una convocatoria que tambi\u00e9n es reforzada por Minera Los Pelambres a trav\u00e9s de sus equipos en terreno.<br \/>\n\u201cMe enter\u00e9 de que pod\u00eda hacer mi pr\u00e1ctica en una empresa colaboradora gracias a la Oficina M\u00f3vil de Empleabilidad de Minera Los Pelambres que va a mi comuna. Fue una gran experiencia, ya que me dieron la oportunidad de aprender y de subirme a todas las maquinarias pesadas que llegaban a la empresa\u201d, destac\u00f3 Kevin D\u00edaz, illapelino de 23 a\u00f1os, hoy operador de maquinaria pesada en Bailac, luego de culminar sus estudios en el Centro de Formaci\u00f3n T\u00e9cnica Ceduc UCN Sede Choapa de Los Vilos.<\/p>\n<p><strong>De la conurbaci\u00f3n a la cordillera de Choapa<\/strong><br \/>\nA la fecha, son m\u00e1s de 60 los estudiantes del pa\u00eds que han realizado su pr\u00e1ctica profesional o memoria en las distintas \u00e1reas operacionales de Minera Los Pelambres y sus empresas colaboradoras. De ellos, 19 son de la Provincia de Choapa y 28 de la regi\u00f3n de Coquimbo.<br \/>\nUno de ellos es Santiago Mesa, quien estudia Ingenier\u00eda Comercial en la Universidad de La Serena. Culmin\u00f3 su proceso de pr\u00e1ctica profesional el 28 de marzo, luego de desempe\u00f1arse en el \u00e1rea de \u201cAprendizaje y Desarrollo\u201d de la gerencia de Recursos Humanos de MLP. \u201cMe pude desarrollar mucho como profesional, me gust\u00f3 la posibilidad de desenvolverse y no solamente conocer a las personas, sino que tambi\u00e9n trabajar por y para ellas\u201d, asegur\u00f3.<\/p>\n<p>Tambi\u00e9n est\u00e1 el caso de Micaella Rivera, estudiante de Ingenier\u00eda Civil Industrial de la Universidad Cat\u00f3lica del Norte, sede Coquimbo, quien realiz\u00f3 su pr\u00e1ctica en la gerencia de Excelencia Operacional. \u201cFue una muy buena experiencia, tuvimos un gran equipo de trabajo. Aprend\u00ed much\u00edsimo y tuvimos una super buena relaci\u00f3n\u201d, coment\u00f3.<br \/>\nEn su conjunto, Oportunidades de Futuro agrupa un total de 10 programas para impulsar m\u00e1s y mejores oportunidades para los vecinos y vecinas de la regi\u00f3n de Coquimbo y la provincia de Choapa, manteniendo como premisa que todos son bienvenidos para avanzar hacia la miner\u00eda del futuro con sello e identidad local.<\/p>\n","protected":false},"excerpt":{"rendered":"<p>A la fecha, 17 empresas prestadoras de servicios se han sumado al programa Oportunidades de Futuro de Los Pelambres, iniciativa que entre sus objetivos busca generar m\u00e1s y mejores oportunidades de desarrollo para los estudiantes de la regi\u00f3n de Coquimbo y la provincia de Choapa. \u201cMe enter\u00e9 gracias a la Oficina M\u00f3vil de Empleabilidad de [&hellip;]<\/p>\n","protected":false},"author":1,"featured_media":12470,"comment_status":"open","ping_status":"open","sticky":false,"template":"","format":"standard","meta":{"tdm_status":"","tdm_grid_status":"","footnotes":"","_wpscppro_dont_share_socialmedia":false,"_wpscppro_custom_social_share_image":0,"_facebook_share_type":"","_twitter_share_type":"","_linkedin_share_type":"","_pinterest_share_type":"","_linkedin_share_type_page":"","_instagram_share_type":"","_medium_share_type":"","_threads_share_type":"","_google_business_share_type":"","_bluesky_share_type":"","_mastodon_share_type":"","_selected_social_profile":[],"_wpsp_enable_custom_social_template":false,"_wpsp_social_scheduling":{"enabled":false,"datetime":null,"platforms":[],"status":"template_only","dateOption":"today","timeOption":"now","customDays":"","customHours":"","customDate":"","customTime":"","schedulingType":"absolute"},"_wpsp_active_default_template":true},"categories":[1],"tags":[8],"class_list":["post-12468","post","type-post","status-publish","format-standard","has-post-thumbnail","hentry","category-uncategorized","tag-marketing"],"_links":{"self":[{"href":"https:\/\/www.semanariotiempo.cl\/index.php?rest_route=\/wp\/v2\/posts\/12468","targetHints":{"allow":["GET"]}}],"collection":[{"href":"https:\/\/www.semanariotiempo.cl\/index.php?rest_route=\/wp\/v2\/posts"}],"about":[{"href":"https:\/\/www.semanariotiempo.cl\/index.php?rest_route=\/wp\/v2\/types\/post"}],"author":[{"embeddable":true,"href":"https:\/\/www.semanariotiempo.cl\/index.php?rest_route=\/wp\/v2\/users\/1"}],"replies":[{"embeddable":true,"href":"https:\/\/www.semanariotiempo.cl\/index.php?rest_route=%2Fwp%2Fv2%2Fcomments&post=12468"}],"version-history":[{"count":0,"href":"https:\/\/www.semanariotiempo.cl\/index.php?rest_route=\/wp\/v2\/posts\/12468\/revisions"}],"wp:featuredmedia":[{"embeddable":true,"href":"https:\/\/www.semanariotiempo.cl\/index.php?rest_route=\/wp\/v2\/media\/12470"}],"wp:attachment":[{"href":"https:\/\/www.semanariotiempo.cl\/index.php?rest_route=%2Fwp%2Fv2%2Fmedia&parent=12468"}],"wp:term":[{"taxonomy":"category","embeddable":true,"href":"https:\/\/www.semanariotiempo.cl\/index.php?rest_route=%2Fwp%2Fv2%2Fcategories&post=12468"},{"taxonomy":"post_tag","embeddable":true,"href":"https:\/\/www.semanariotiempo.cl\/index.php?rest_route=%2Fwp%2Fv2%2Ftags&post=12468"}],"curies":[{"name":"wp","href":"https:\/\/api.w.org\/{rel}","templated":true}]}}