{"id":12460,"date":"2024-05-14T15:36:07","date_gmt":"2024-05-14T19:36:07","guid":{"rendered":"https:\/\/www.semanariotiempo.cl\/?p=12460"},"modified":"2024-05-14T15:36:07","modified_gmt":"2024-05-14T19:36:07","slug":"minera-tres-valles-refuerza-poder-de-compra-a-pequenos-productores-del-choapa","status":"publish","type":"post","link":"https:\/\/www.semanariotiempo.cl\/?p=12460","title":{"rendered":"Minera Tres Valles refuerza poder de compra a peque\u00f1os productores del Choapa"},"content":{"rendered":"<h4><span style=\"color: #800000;\"><strong>Luego que a trav\u00e9s de una Consulta de Pertinencia al Servicio de Evaluaci\u00f3n Ambiental- informada por Semanario Tiempo-, la empresa solicitara retrasar el t\u00e9rmino de su operaci\u00f3n al 2026, debido a que habr\u00eda extra\u00eddo y procesado por menos tiempo de lo pronosticado en el desarrollo inicial.<\/strong><\/span><\/h4>\n<p><img loading=\"lazy\" decoding=\"async\" class=\"size-full wp-image-12462 aligncenter\" src=\"https:\/\/www.semanariotiempo.cl\/wp-content\/uploads\/2024\/05\/Minera-Tres-Valles-3.jpg\" alt=\"\" width=\"1050\" height=\"657\" srcset=\"https:\/\/www.semanariotiempo.cl\/wp-content\/uploads\/2024\/05\/Minera-Tres-Valles-3.jpg 1050w, https:\/\/www.semanariotiempo.cl\/wp-content\/uploads\/2024\/05\/Minera-Tres-Valles-3-300x188.jpg 300w, https:\/\/www.semanariotiempo.cl\/wp-content\/uploads\/2024\/05\/Minera-Tres-Valles-3-1024x641.jpg 1024w, https:\/\/www.semanariotiempo.cl\/wp-content\/uploads\/2024\/05\/Minera-Tres-Valles-3-768x481.jpg 768w, https:\/\/www.semanariotiempo.cl\/wp-content\/uploads\/2024\/05\/Minera-Tres-Valles-3-696x435.jpg 696w, https:\/\/www.semanariotiempo.cl\/wp-content\/uploads\/2024\/05\/Minera-Tres-Valles-3-671x420.jpg 671w\" sizes=\"auto, (max-width: 1050px) 100vw, 1050px\" \/><\/p>\n<p>Minera Tres Valles persiste en mantenerse vigente. A fines del a\u00f1o pasado, la empresa solicit\u00f3 retrasar el t\u00e9rmino de su operaci\u00f3n en la provincia del Choapa al 2026, a trav\u00e9s de una Consulta de Pertinencia -informada por Semanario Tiempo- donde explic\u00f3 que no hab\u00eda extra\u00eddo y procesado el mineral autorizado en sus permisos.<br \/>\nAhora, en una visita que realiz\u00f3 la seremi de Miner\u00eda, Constanza Espinosa, y la delegada Provincial del Choapa, Nataly Carvajal, conocieron las instalaciones que alojan el poder de compra a peque\u00f1os productores de la zona, donde se siguen realizando operaciones de adquisici\u00f3n, procesamiento y comercializaci\u00f3n de cobre.<br \/>\n\u201cEsta semana estuvimos en Salamanca recorriendo la planta procesadora y su potencial de compra. Este es un hito que da inicio al trabajo colaborativo, porque entendemos que con proyectos como \u00e9stos se genera empleo, dan dinamismo a la econom\u00eda local y potencian el encadenamiento productivo local, y permiten el crecimiento de la provincia y de la regi\u00f3n de Coquimbo\u201d, dijo la autoridad sectorial.<br \/>\nDesde el a\u00f1o 2012, Minera Tres Valles ejecuta la labor de compra de mineral a terceros, con una capacidad de recibir lotes a partir de las 350 toneladas de \u00f3xidos y mixtos (\u00f3xidos m\u00e1s calcosina) de cobre y posee una tarifa de pago de ley desde el 0,50 al 3,50%.<br \/>\nLa empresa posee dos l\u00edneas de trabajo dedicadas al fomento productivo de la miner\u00eda local. La primera es el arriendo de propiedades mineras dentro de las 45.000 hect\u00e1reas aproximadas pertenecientes a Minera Tres Valles.<br \/>\nLa segunda establece un acuerdo marco de trabajo colaborativo con la Asociaci\u00f3n Gremial Minera de Salamanca y el Sindicato San Lorenzo, el cual permite a los socios trabajar de manera gratuita en puntos sociales otorgados por la empresa.<br \/>\nSe estima, que el poder de compra de Minera Tres Valles recibe cerca del 80% del mineral de cobre que produce a peque\u00f1a escala la provincia del Choapa.<br \/>\nCabe destacar que Minera Tres Valles ofrece condiciones de compra de minerales bastante beneficiosas para los terceros que venden sus minerales a la compa\u00f1\u00eda. Destac\u00e1ndose entre estos beneficios, el pago de los minerales desde el 0,5% de ley de cobre, y adem\u00e1s la compra de minerales mixtos, donde se mezclan minerales de \u00f3xido con sulfuros secundarios, principalmente calcosina.<\/p>\n","protected":false},"excerpt":{"rendered":"<p>Luego que a trav\u00e9s de una Consulta de Pertinencia al Servicio de Evaluaci\u00f3n Ambiental- informada por Semanario Tiempo-, la empresa solicitara retrasar el t\u00e9rmino de su operaci\u00f3n al 2026, debido a que habr\u00eda extra\u00eddo y procesado por menos tiempo de lo pronosticado en el desarrollo inicial. Minera Tres Valles persiste en mantenerse vigente. A fines [&hellip;]<\/p>\n","protected":false},"author":1,"featured_media":12462,"comment_status":"open","ping_status":"open","sticky":false,"template":"","format":"standard","meta":{"tdm_status":"","tdm_grid_status":"","footnotes":"","_wpscppro_dont_share_socialmedia":false,"_wpscppro_custom_social_share_image":0,"_facebook_share_type":"","_twitter_share_type":"","_linkedin_share_type":"","_pinterest_share_type":"","_linkedin_share_type_page":"","_instagram_share_type":"","_medium_share_type":"","_threads_share_type":"","_google_business_share_type":"","_bluesky_share_type":"","_mastodon_share_type":"","_selected_social_profile":[],"_wpsp_enable_custom_social_template":false,"_wpsp_social_scheduling":{"enabled":false,"datetime":null,"platforms":[],"status":"template_only","dateOption":"today","timeOption":"now","customDays":"","customHours":"","customDate":"","customTime":"","schedulingType":"absolute"},"_wpsp_active_default_template":true},"categories":[1],"tags":[8],"class_list":["post-12460","post","type-post","status-publish","format-standard","has-post-thumbnail","hentry","category-uncategorized","tag-marketing"],"_links":{"self":[{"href":"https:\/\/www.semanariotiempo.cl\/index.php?rest_route=\/wp\/v2\/posts\/12460","targetHints":{"allow":["GET"]}}],"collection":[{"href":"https:\/\/www.semanariotiempo.cl\/index.php?rest_route=\/wp\/v2\/posts"}],"about":[{"href":"https:\/\/www.semanariotiempo.cl\/index.php?rest_route=\/wp\/v2\/types\/post"}],"author":[{"embeddable":true,"href":"https:\/\/www.semanariotiempo.cl\/index.php?rest_route=\/wp\/v2\/users\/1"}],"replies":[{"embeddable":true,"href":"https:\/\/www.semanariotiempo.cl\/index.php?rest_route=%2Fwp%2Fv2%2Fcomments&post=12460"}],"version-history":[{"count":0,"href":"https:\/\/www.semanariotiempo.cl\/index.php?rest_route=\/wp\/v2\/posts\/12460\/revisions"}],"wp:featuredmedia":[{"embeddable":true,"href":"https:\/\/www.semanariotiempo.cl\/index.php?rest_route=\/wp\/v2\/media\/12462"}],"wp:attachment":[{"href":"https:\/\/www.semanariotiempo.cl\/index.php?rest_route=%2Fwp%2Fv2%2Fmedia&parent=12460"}],"wp:term":[{"taxonomy":"category","embeddable":true,"href":"https:\/\/www.semanariotiempo.cl\/index.php?rest_route=%2Fwp%2Fv2%2Fcategories&post=12460"},{"taxonomy":"post_tag","embeddable":true,"href":"https:\/\/www.semanariotiempo.cl\/index.php?rest_route=%2Fwp%2Fv2%2Ftags&post=12460"}],"curies":[{"name":"wp","href":"https:\/\/api.w.org\/{rel}","templated":true}]}}