{"id":12452,"date":"2024-05-13T17:37:44","date_gmt":"2024-05-13T21:37:44","guid":{"rendered":"https:\/\/www.semanariotiempo.cl\/?p=12452"},"modified":"2024-05-13T17:37:44","modified_gmt":"2024-05-13T21:37:44","slug":"ciencia-al-aire-libre-invitan-a-participar-en-espacio-interactivo-que-se-instalara-en-la-plaza-de-armas-de-la-serena","status":"publish","type":"post","link":"https:\/\/www.semanariotiempo.cl\/?p=12452","title":{"rendered":"Ciencia al aire libre: invitan a participar en espacio interactivo que se instalar\u00e1 en la Plaza de Armas de La Serena"},"content":{"rendered":"<h4><span style=\"color: #800000;\"><strong>Charlas p\u00fablicas, m\u00fasica en vivo, experiencias interactivas en f\u00edsica, qu\u00edmica, biolog\u00eda, astronom\u00eda, rob\u00f3tica, realidad virtual y recursos en 3D, buscar\u00e1n despertar la curiosidad.<\/strong><\/span><\/h4>\n<p><img loading=\"lazy\" decoding=\"async\" class=\"size-full wp-image-12454 aligncenter\" src=\"https:\/\/www.semanariotiempo.cl\/wp-content\/uploads\/2024\/05\/cienciauls.jpg\" alt=\"\" width=\"1050\" height=\"700\" srcset=\"https:\/\/www.semanariotiempo.cl\/wp-content\/uploads\/2024\/05\/cienciauls.jpg 1050w, https:\/\/www.semanariotiempo.cl\/wp-content\/uploads\/2024\/05\/cienciauls-300x200.jpg 300w, https:\/\/www.semanariotiempo.cl\/wp-content\/uploads\/2024\/05\/cienciauls-1024x683.jpg 1024w, https:\/\/www.semanariotiempo.cl\/wp-content\/uploads\/2024\/05\/cienciauls-768x512.jpg 768w, https:\/\/www.semanariotiempo.cl\/wp-content\/uploads\/2024\/05\/cienciauls-696x464.jpg 696w, https:\/\/www.semanariotiempo.cl\/wp-content\/uploads\/2024\/05\/cienciauls-630x420.jpg 630w\" sizes=\"auto, (max-width: 1050px) 100vw, 1050px\" \/><\/p>\n<p>La ciencia y la tecnolog\u00eda se tomar\u00e1n los espacios de la Plaza de Armas de La Serena el pr\u00f3ximo 15 de mayo. \u201cCiencia en tu Plaza\u201d ser\u00e1 un espacio interactivo de ciencia al aire libre donde ni\u00f1as, ni\u00f1os, j\u00f3venes y adultos podr\u00e1n experimentar gracias al evento de divulgaci\u00f3n cient\u00edfica para todo p\u00fablico que organiza la Universidad de La Serena.<br \/>\nCharlas p\u00fablicas, m\u00fasica en vivo, experiencias interactivas en f\u00edsica, qu\u00edmica, biolog\u00eda y astronom\u00eda, rob\u00f3tica, realidad virtual y recursos en 3D har\u00e1n despertar la curiosidad de los asistentes en torno a la ciencia y la tecnolog\u00eda.<br \/>\nLa Rectora de la Universidad de La Serena, Dra. Luperfina Rojas Escobar, manifest\u00f3 que este tipo de actividades \u201cno solo es una manifestaci\u00f3n del compromiso institucional con la difusi\u00f3n del conocimiento cient\u00edfico, sino que tambi\u00e9n representa un puente vital entre la academia y la comunidad. A trav\u00e9s de esta variada programaci\u00f3n buscamos dejar una huella significativa en la percepci\u00f3n y apreciaci\u00f3n del aporte de la ciencia y la tecnolog\u00eda para la ciudadan\u00eda\u201d.<br \/>\nEn tanto, el coordinador de Divulgaci\u00f3n de la USerena, Sergio Mu\u00f1oz Aracena, detall\u00f3 que la jornada busca \u201cacercar la ciencia a las personas de manera sencilla y din\u00e1mica, poniendo a disposici\u00f3n los conocimientos que se generan en la Universidad. Con esto esperamos brindar un espacio entretenido y relajado para fortalecer y actualizar lo que sabemos, as\u00ed promover el pensamiento cient\u00edfico\u201d.<br \/>\nEsta instancia es una valiosa oportunidad para que los apasionados por la ciencia puedan sumergirse en esta experiencia cient\u00edfica, buscando fomentar el aprendizaje y explorar en la Astronom\u00eda, Biolog\u00eda, Qu\u00edmica, F\u00edsica, Ciencia y Tecnolog\u00eda, todo esto de manera libre, gratuita y aut\u00f3noma.<br \/>\nLa invitaci\u00f3n abierta es para este 15 de mayo a las 14:30 horas en la Plaza de Armas de La Serena y ser parte de esta gran experiencia. Para m\u00e1s informaci\u00f3n, ingresa a \u201cDivulga ULS\u201d en Instagram.<\/p>\n","protected":false},"excerpt":{"rendered":"<p>Charlas p\u00fablicas, m\u00fasica en vivo, experiencias interactivas en f\u00edsica, qu\u00edmica, biolog\u00eda, astronom\u00eda, rob\u00f3tica, realidad virtual y recursos en 3D, buscar\u00e1n despertar la curiosidad. La ciencia y la tecnolog\u00eda se tomar\u00e1n los espacios de la Plaza de Armas de La Serena el pr\u00f3ximo 15 de mayo. \u201cCiencia en tu Plaza\u201d ser\u00e1 un espacio interactivo de ciencia [&hellip;]<\/p>\n","protected":false},"author":1,"featured_media":12454,"comment_status":"open","ping_status":"open","sticky":false,"template":"","format":"standard","meta":{"tdm_status":"","tdm_grid_status":"","footnotes":"","_wpscppro_dont_share_socialmedia":false,"_wpscppro_custom_social_share_image":0,"_facebook_share_type":"","_twitter_share_type":"","_linkedin_share_type":"","_pinterest_share_type":"","_linkedin_share_type_page":"","_instagram_share_type":"","_medium_share_type":"","_threads_share_type":"","_google_business_share_type":"","_bluesky_share_type":"","_mastodon_share_type":"","_selected_social_profile":[],"_wpsp_enable_custom_social_template":false,"_wpsp_social_scheduling":{"enabled":false,"datetime":null,"platforms":[],"status":"template_only","dateOption":"today","timeOption":"now","customDays":"","customHours":"","customDate":"","customTime":"","schedulingType":"absolute"},"_wpsp_active_default_template":true},"categories":[1],"tags":[22,8],"class_list":["post-12452","post","type-post","status-publish","format-standard","has-post-thumbnail","hentry","category-uncategorized","tag-air-ear","tag-marketing"],"_links":{"self":[{"href":"https:\/\/www.semanariotiempo.cl\/index.php?rest_route=\/wp\/v2\/posts\/12452","targetHints":{"allow":["GET"]}}],"collection":[{"href":"https:\/\/www.semanariotiempo.cl\/index.php?rest_route=\/wp\/v2\/posts"}],"about":[{"href":"https:\/\/www.semanariotiempo.cl\/index.php?rest_route=\/wp\/v2\/types\/post"}],"author":[{"embeddable":true,"href":"https:\/\/www.semanariotiempo.cl\/index.php?rest_route=\/wp\/v2\/users\/1"}],"replies":[{"embeddable":true,"href":"https:\/\/www.semanariotiempo.cl\/index.php?rest_route=%2Fwp%2Fv2%2Fcomments&post=12452"}],"version-history":[{"count":0,"href":"https:\/\/www.semanariotiempo.cl\/index.php?rest_route=\/wp\/v2\/posts\/12452\/revisions"}],"wp:featuredmedia":[{"embeddable":true,"href":"https:\/\/www.semanariotiempo.cl\/index.php?rest_route=\/wp\/v2\/media\/12454"}],"wp:attachment":[{"href":"https:\/\/www.semanariotiempo.cl\/index.php?rest_route=%2Fwp%2Fv2%2Fmedia&parent=12452"}],"wp:term":[{"taxonomy":"category","embeddable":true,"href":"https:\/\/www.semanariotiempo.cl\/index.php?rest_route=%2Fwp%2Fv2%2Fcategories&post=12452"},{"taxonomy":"post_tag","embeddable":true,"href":"https:\/\/www.semanariotiempo.cl\/index.php?rest_route=%2Fwp%2Fv2%2Ftags&post=12452"}],"curies":[{"name":"wp","href":"https:\/\/api.w.org\/{rel}","templated":true}]}}