{"id":12448,"date":"2024-05-13T17:32:49","date_gmt":"2024-05-13T21:32:49","guid":{"rendered":"https:\/\/www.semanariotiempo.cl\/?p=12448"},"modified":"2024-05-13T17:32:49","modified_gmt":"2024-05-13T21:32:49","slug":"anestesiologos-y-neurologos-entre-otros-32-profesionales-de-la-salud-inician-sus-estudios-de-especialidades-medicas-en-la-facultad-de-medicina-ucn","status":"publish","type":"post","link":"https:\/\/www.semanariotiempo.cl\/?p=12448","title":{"rendered":"Anestesi\u00f3logos y neur\u00f3logos entre otros: 32 profesionales de la salud inician sus estudios de especialidades m\u00e9dicas en la Facultad de Medicina UCN"},"content":{"rendered":"<h4><span style=\"color: #800000;\"><strong>Al finalizar su etapa de formaci\u00f3n, los m\u00e9dicos y m\u00e9dicas se integrar\u00e1n a la red de salud p\u00fablica nacional y regional.<\/strong><\/span><\/h4>\n<p><img loading=\"lazy\" decoding=\"async\" class=\"size-full wp-image-12450 aligncenter\" src=\"https:\/\/www.semanariotiempo.cl\/wp-content\/uploads\/2024\/05\/medicos-ucn.jpg\" alt=\"\" width=\"1050\" height=\"360\" srcset=\"https:\/\/www.semanariotiempo.cl\/wp-content\/uploads\/2024\/05\/medicos-ucn.jpg 1050w, https:\/\/www.semanariotiempo.cl\/wp-content\/uploads\/2024\/05\/medicos-ucn-300x103.jpg 300w, https:\/\/www.semanariotiempo.cl\/wp-content\/uploads\/2024\/05\/medicos-ucn-1024x351.jpg 1024w, https:\/\/www.semanariotiempo.cl\/wp-content\/uploads\/2024\/05\/medicos-ucn-768x263.jpg 768w, https:\/\/www.semanariotiempo.cl\/wp-content\/uploads\/2024\/05\/medicos-ucn-696x239.jpg 696w\" sizes=\"auto, (max-width: 1050px) 100vw, 1050px\" \/><\/p>\n<p>La Facultad de Medicina de la Universidad Cat\u00f3lica del Norte dio la bienvenida a una nueva generaci\u00f3n de m\u00e9dicas y m\u00e9dicos que iniciaron su ciclo formativo en diversos Programas de Especialidades M\u00e9dicas, as\u00ed un total de 32 estudiantes, con un firme compromiso con la salud comunitaria, se embarcan en una etapa crucial de su carrera profesional.<br \/>\nEsta decimocuarta generaci\u00f3n de profesionales se especializar\u00e1 en Cirug\u00eda General, Ginecolog\u00eda y Obstetricia, Psiquiatr\u00eda Adulto, Pediatr\u00eda, Medicina Familiar, Anestesiolog\u00eda, Medicina Interna, Radiolog\u00eda, Neurolog\u00eda Adultos y Otorrinolaringolog\u00eda.<br \/>\nDurante la primera jornada, los nuevos becados y becadas recibieron informaci\u00f3n importante sobre el programa, su estructura, objetivos, reglamentos y las expectativas que se tienen de ellos como futuros especialistas m\u00e9dicos.<\/p>\n<p>Su formaci\u00f3n no solo se centrar\u00e1 en la excelencia m\u00e9dica, sino tambi\u00e9n en el desarrollo de una \u00e9tica profesional s\u00f3lida y un compromiso con el bienestar de los pacientes. Tal como expres\u00f3 Dra. Giselle Myer Morales, Decana de la Facultad de Medicina.<br \/>\n\u201cNuestra misi\u00f3n no es solo formarlos como especialistas de alto nivel y de excelencia, sino tambi\u00e9n entregar una formaci\u00f3n integral, tanto como m\u00e9dicos y como personas, invit\u00e1ndolos a actuar con profesionalismo en las distintas \u00e1reas que abarcar\u00e1n su formaci\u00f3n. Les invitamos a comprometerse con la salud y el bienestar de los y las pacientes y de la sociedad, a trav\u00e9s de una pr\u00e1ctica \u00e9tica y altos est\u00e1ndares de conducta, responsabilidad para con su profesi\u00f3n y con la sociedad, auto-regulaci\u00f3n, adem\u00e1s de resguardo de su salud personal\u201d.<br \/>\nEn tanto, el Dr. Gabriel Sanhueza Cruzat, director (s) Servicio de Salud Coquimbo indic\u00f3 que \u201ces dif\u00edcil pensar en todos los escenarios en que pueden visualizar su futuro, independiente de su especialidad. Pero lo importante es que ustedes eligieron estar aqu\u00ed y, en esa libertad, pueden ejercer con \u00e9tica; y ese horizonte que se abre es potente y el l\u00edmite solo lo pueden poner ustedes\u201d.<\/p>\n<p><strong>APORTE REGIONAL<\/strong><br \/>\nDurante los pr\u00f3ximos tres a\u00f1os, estos futuros especialistas se dedicar\u00e1n a profundizar en sus respectivas disciplinas, con el firme prop\u00f3sito de contribuir al sistema de salud regional.<br \/>\nAs\u00ed lo expres\u00f3 la Dra. Francisca Canales Bravo, quien inici\u00f3 su formaci\u00f3n en Medicina Familiar. \u201cQuiero ser una m\u00e9dica integral, que vea desde todos los puntos de vista la Medicina. Como m\u00e9dica familiar uno es la primera cara que ven muchos pacientes y vemos las dificultades de acceder a especialistas. Entonces lograr conocimiento, con una visi\u00f3n m\u00e1s global para ayudar al paciente y a su familia es mi sue\u00f1o. Espero ser un aporte regional\u201d, sentenci\u00f3.<\/p>\n<p>Asimismo, el futuro neur\u00f3logo, Dr. Iv\u00e1n Pell\u00edn Millan revel\u00f3 que \u201cesta especialidad ha despertado inter\u00e9s en m\u00ed desde hace mucho tiempo. Es muy importante la educaci\u00f3n continua, el perfeccionamiento y la preparaci\u00f3n de todo el personal m\u00e9dico porque esto se traduce en una atenci\u00f3n de calidad para la poblaci\u00f3n de Coquimbo y de toda la regi\u00f3n\u201d.<br \/>\nEl Programa de Especialidades M\u00e9dicas de la UCN refleja un firme compromiso con el bienestar de la comunidad y la excelencia en la formaci\u00f3n de profesionales de la salud. Una convicci\u00f3n que impulsa constantemente el desarrollo de la medicina en toda la regi\u00f3n.<\/p>\n","protected":false},"excerpt":{"rendered":"<p>Al finalizar su etapa de formaci\u00f3n, los m\u00e9dicos y m\u00e9dicas se integrar\u00e1n a la red de salud p\u00fablica nacional y regional. La Facultad de Medicina de la Universidad Cat\u00f3lica del Norte dio la bienvenida a una nueva generaci\u00f3n de m\u00e9dicas y m\u00e9dicos que iniciaron su ciclo formativo en diversos Programas de Especialidades M\u00e9dicas, as\u00ed un [&hellip;]<\/p>\n","protected":false},"author":1,"featured_media":12450,"comment_status":"open","ping_status":"open","sticky":false,"template":"","format":"standard","meta":{"tdm_status":"","tdm_grid_status":"","footnotes":"","_wpscppro_dont_share_socialmedia":false,"_wpscppro_custom_social_share_image":0,"_facebook_share_type":"","_twitter_share_type":"","_linkedin_share_type":"","_pinterest_share_type":"","_linkedin_share_type_page":"","_instagram_share_type":"","_medium_share_type":"","_threads_share_type":"","_google_business_share_type":"","_bluesky_share_type":"","_mastodon_share_type":"","_selected_social_profile":[],"_wpsp_enable_custom_social_template":false,"_wpsp_social_scheduling":{"enabled":false,"datetime":null,"platforms":[],"status":"template_only","dateOption":"today","timeOption":"now","customDays":"","customHours":"","customDate":"","customTime":"","schedulingType":"absolute"},"_wpsp_active_default_template":true},"categories":[1],"tags":[22,8,28],"class_list":["post-12448","post","type-post","status-publish","format-standard","has-post-thumbnail","hentry","category-uncategorized","tag-air-ear","tag-marketing","tag-site-tips"],"_links":{"self":[{"href":"https:\/\/www.semanariotiempo.cl\/index.php?rest_route=\/wp\/v2\/posts\/12448","targetHints":{"allow":["GET"]}}],"collection":[{"href":"https:\/\/www.semanariotiempo.cl\/index.php?rest_route=\/wp\/v2\/posts"}],"about":[{"href":"https:\/\/www.semanariotiempo.cl\/index.php?rest_route=\/wp\/v2\/types\/post"}],"author":[{"embeddable":true,"href":"https:\/\/www.semanariotiempo.cl\/index.php?rest_route=\/wp\/v2\/users\/1"}],"replies":[{"embeddable":true,"href":"https:\/\/www.semanariotiempo.cl\/index.php?rest_route=%2Fwp%2Fv2%2Fcomments&post=12448"}],"version-history":[{"count":0,"href":"https:\/\/www.semanariotiempo.cl\/index.php?rest_route=\/wp\/v2\/posts\/12448\/revisions"}],"wp:featuredmedia":[{"embeddable":true,"href":"https:\/\/www.semanariotiempo.cl\/index.php?rest_route=\/wp\/v2\/media\/12450"}],"wp:attachment":[{"href":"https:\/\/www.semanariotiempo.cl\/index.php?rest_route=%2Fwp%2Fv2%2Fmedia&parent=12448"}],"wp:term":[{"taxonomy":"category","embeddable":true,"href":"https:\/\/www.semanariotiempo.cl\/index.php?rest_route=%2Fwp%2Fv2%2Fcategories&post=12448"},{"taxonomy":"post_tag","embeddable":true,"href":"https:\/\/www.semanariotiempo.cl\/index.php?rest_route=%2Fwp%2Fv2%2Ftags&post=12448"}],"curies":[{"name":"wp","href":"https:\/\/api.w.org\/{rel}","templated":true}]}}