{"id":12440,"date":"2024-05-13T17:20:27","date_gmt":"2024-05-13T21:20:27","guid":{"rendered":"https:\/\/www.semanariotiempo.cl\/?p=12440"},"modified":"2024-05-13T17:20:27","modified_gmt":"2024-05-13T21:20:27","slug":"pescadores-artesanales-inician-debate-sobre-modificaciones-a-la-ley-de-pesca","status":"publish","type":"post","link":"https:\/\/www.semanariotiempo.cl\/?p=12440","title":{"rendered":"Pescadores artesanales inician debate sobre modificaciones a la ley de pesca"},"content":{"rendered":"<h4><span style=\"color: #800000;\"><strong>&#8211; En el Hotel Serena, se reunieron la CONDEP, CONFEPACH y CORANOR para debatir acerca de la nueva Ley de Pesca y fijar una posici\u00f3n de apoyo a la futura nueva institucionalidad.<\/strong><\/span><\/h4>\n<p><img loading=\"lazy\" decoding=\"async\" class=\"size-full wp-image-12442 aligncenter\" src=\"https:\/\/www.semanariotiempo.cl\/wp-content\/uploads\/2024\/05\/pescadores-artesanales.jpg\" alt=\"\" width=\"1050\" height=\"788\" srcset=\"https:\/\/www.semanariotiempo.cl\/wp-content\/uploads\/2024\/05\/pescadores-artesanales.jpg 1050w, https:\/\/www.semanariotiempo.cl\/wp-content\/uploads\/2024\/05\/pescadores-artesanales-300x225.jpg 300w, https:\/\/www.semanariotiempo.cl\/wp-content\/uploads\/2024\/05\/pescadores-artesanales-1024x768.jpg 1024w, https:\/\/www.semanariotiempo.cl\/wp-content\/uploads\/2024\/05\/pescadores-artesanales-768x576.jpg 768w, https:\/\/www.semanariotiempo.cl\/wp-content\/uploads\/2024\/05\/pescadores-artesanales-696x522.jpg 696w, https:\/\/www.semanariotiempo.cl\/wp-content\/uploads\/2024\/05\/pescadores-artesanales-560x420.jpg 560w, https:\/\/www.semanariotiempo.cl\/wp-content\/uploads\/2024\/05\/pescadores-artesanales-80x60.jpg 80w, https:\/\/www.semanariotiempo.cl\/wp-content\/uploads\/2024\/05\/pescadores-artesanales-265x198.jpg 265w\" sizes=\"auto, (max-width: 1050px) 100vw, 1050px\" \/><\/p>\n<p>Las principales organizaciones de la Pesca Artesanal del pa\u00eds se reunieron en La Serena, en un primer encuentro, para debatir y dar su opini\u00f3n \u00fanica sobre la nueva Ley de Pesca y defender sus intereses. La intenci\u00f3n es dar apoyo a la nueva institucionalidad de la pesca.<br \/>\nEn el Hotel Serena, se dieron cita representantes de m\u00e1s de 60 mil pescadores y as\u00ed efectuar un segundo encuentro que se realizar\u00e1 en Concepci\u00f3n a fines de este mes para incorporar en la nueva Ley de Pesca sus temas.<br \/>\n\u201cNos interesan 5 \u00f3 6 temas de esta nueva Ley, no nos desgastaremos en temas que para nosotros no son relevantes. Si el auto est\u00e1 malo, yo voy a arreglar el motor, no lo voy a tapizar, ni arreglar los espejos. Todos sabemos que el motor de esta nueva Ley es el fraccionamiento, por tanto, en eso nos vamos a abocar. Queremos defender nuestros puntos, e impulsarlos dentro de la nueva ley\u201d, enfatiz\u00f3 Pascual Aguilera, vocero de CORANOR.<\/p>\n<p>La diputada Carolina Tello, quien ha apoyado en todo este proceso a los pescadores artesanales y a la nueva Ley de Pesca, sostuvo que \u201cfelicito a los pescadores que se han reunido en la regi\u00f3n. Es muy importante la visi\u00f3n de los pescadores a este important\u00edsimo proyecto de ley. Todo mi apoyo y compromiso en esta larga tramitaci\u00f3n\u201d.<br \/>\nHern\u00e1n Cort\u00e9s, pdte del Consejo de Defensa de la Pesca Artesanal, Condep, indic\u00f3 que \u201cEstuvimos todas las Confederaciones, s\u00f3lo una se rest\u00f3 una (Conapach)&#8230;hoy acordamos puntos y tenemos bastantes puntos en com\u00fan. Queremos participar en pleno de esta discusi\u00f3n y de cara al pa\u00eds. Es muy positivo lo que ocurri\u00f3 hoy y hago un llamado para que todos se unan y logremos impulsar los cambios que necesitamos\u201d.<br \/>\nSon m\u00e1s de 300 art\u00edculos en la nueva ley y a\u00fan sigue en discusi\u00f3n en la C\u00e1mara. Varios puntos debatieron los pescadores sobre una nueva Plataforma social, el fraccionamiento, la movilidad de los pescadores entre otros temas y encontraron puntos de acuerdo. Hasta el 30 de mayo enviar\u00e1n sus observaciones a esta ley para reemplazar la corrupta Ley Longueira. El segundo encuentro ser\u00e1 en Concepci\u00f3n los d\u00edas 27 y 28 de mayo.<\/p>\n","protected":false},"excerpt":{"rendered":"<p>&#8211; En el Hotel Serena, se reunieron la CONDEP, CONFEPACH y CORANOR para debatir acerca de la nueva Ley de Pesca y fijar una posici\u00f3n de apoyo a la futura nueva institucionalidad. Las principales organizaciones de la Pesca Artesanal del pa\u00eds se reunieron en La Serena, en un primer encuentro, para debatir y dar su [&hellip;]<\/p>\n","protected":false},"author":1,"featured_media":12442,"comment_status":"open","ping_status":"open","sticky":false,"template":"","format":"standard","meta":{"tdm_status":"","tdm_grid_status":"","footnotes":"","_wpscppro_dont_share_socialmedia":false,"_wpscppro_custom_social_share_image":0,"_facebook_share_type":"","_twitter_share_type":"","_linkedin_share_type":"","_pinterest_share_type":"","_linkedin_share_type_page":"","_instagram_share_type":"","_medium_share_type":"","_threads_share_type":"","_google_business_share_type":"","_bluesky_share_type":"","_mastodon_share_type":"","_selected_social_profile":[],"_wpsp_enable_custom_social_template":false,"_wpsp_social_scheduling":{"enabled":false,"datetime":null,"platforms":[],"status":"template_only","dateOption":"today","timeOption":"now","customDays":"","customHours":"","customDate":"","customTime":"","schedulingType":"absolute"},"_wpsp_active_default_template":true},"categories":[1],"tags":[8,6,28],"class_list":["post-12440","post","type-post","status-publish","format-standard","has-post-thumbnail","hentry","category-uncategorized","tag-marketing","tag-redesign","tag-site-tips"],"_links":{"self":[{"href":"https:\/\/www.semanariotiempo.cl\/index.php?rest_route=\/wp\/v2\/posts\/12440","targetHints":{"allow":["GET"]}}],"collection":[{"href":"https:\/\/www.semanariotiempo.cl\/index.php?rest_route=\/wp\/v2\/posts"}],"about":[{"href":"https:\/\/www.semanariotiempo.cl\/index.php?rest_route=\/wp\/v2\/types\/post"}],"author":[{"embeddable":true,"href":"https:\/\/www.semanariotiempo.cl\/index.php?rest_route=\/wp\/v2\/users\/1"}],"replies":[{"embeddable":true,"href":"https:\/\/www.semanariotiempo.cl\/index.php?rest_route=%2Fwp%2Fv2%2Fcomments&post=12440"}],"version-history":[{"count":0,"href":"https:\/\/www.semanariotiempo.cl\/index.php?rest_route=\/wp\/v2\/posts\/12440\/revisions"}],"wp:featuredmedia":[{"embeddable":true,"href":"https:\/\/www.semanariotiempo.cl\/index.php?rest_route=\/wp\/v2\/media\/12442"}],"wp:attachment":[{"href":"https:\/\/www.semanariotiempo.cl\/index.php?rest_route=%2Fwp%2Fv2%2Fmedia&parent=12440"}],"wp:term":[{"taxonomy":"category","embeddable":true,"href":"https:\/\/www.semanariotiempo.cl\/index.php?rest_route=%2Fwp%2Fv2%2Fcategories&post=12440"},{"taxonomy":"post_tag","embeddable":true,"href":"https:\/\/www.semanariotiempo.cl\/index.php?rest_route=%2Fwp%2Fv2%2Ftags&post=12440"}],"curies":[{"name":"wp","href":"https:\/\/api.w.org\/{rel}","templated":true}]}}