{"id":12417,"date":"2024-05-10T15:40:01","date_gmt":"2024-05-10T19:40:01","guid":{"rendered":"https:\/\/www.semanariotiempo.cl\/?p=12417"},"modified":"2024-05-10T15:40:01","modified_gmt":"2024-05-10T19:40:01","slug":"ivan-arenas-y-don-carter-ya-vibran-con-su-show-de-humor-sin-censura-en-coquimbo","status":"publish","type":"post","link":"https:\/\/www.semanariotiempo.cl\/?p=12417","title":{"rendered":"Iv\u00e1n Arenas y Don Carter ya vibran con su show de humor \u201cSin Censura\u201d en Coquimbo"},"content":{"rendered":"<h4><span style=\"color: #800000;\"><strong>El espect\u00e1culo se realizar\u00e1 el viernes 24 de mayo. Quedan pocas entradas.<\/strong><\/span><\/h4>\n<p><img loading=\"lazy\" decoding=\"async\" class=\" wp-image-12419 aligncenter\" src=\"https:\/\/www.semanariotiempo.cl\/wp-content\/uploads\/2024\/05\/1488-show-don-carter.jpg\" alt=\"\" width=\"475\" height=\"416\" srcset=\"https:\/\/www.semanariotiempo.cl\/wp-content\/uploads\/2024\/05\/1488-show-don-carter.jpg 720w, https:\/\/www.semanariotiempo.cl\/wp-content\/uploads\/2024\/05\/1488-show-don-carter-300x263.jpg 300w, https:\/\/www.semanariotiempo.cl\/wp-content\/uploads\/2024\/05\/1488-show-don-carter-696x609.jpg 696w, https:\/\/www.semanariotiempo.cl\/wp-content\/uploads\/2024\/05\/1488-show-don-carter-480x420.jpg 480w\" sizes=\"auto, (max-width: 475px) 100vw, 475px\" \/><\/p>\n<p>Ya est\u00e1 muy cerca el Show \u201cSin Censura\u201d que ofrecer\u00e1n Iv\u00e1n Arenas y Don Carter, este viernes 24 de mayo en Enjoy Coquimbo. No te puedes quedar sin entradas, las que puedes adquirir a trav\u00e9s del sistema Ticketplus.<br \/>\nEl espect\u00e1culo se realizar\u00e1 a partir de las 21 horas en el Sal\u00f3n Ballroom.<br \/>\nLos artistas, expectantes por su visita a la zona, enviaron un mensaje a todos los habitantes de la regi\u00f3n de Coquimbo. Iv\u00e1n Arenas adelant\u00f3 que \u201charemos un humor sin censura, ya que esta caracter\u00edstica me identifica y tambi\u00e9n a Don Carter. As\u00ed que pasaremos un gran momento\u201d.<br \/>\nDon Carter tambi\u00e9n formul\u00f3 una especial invitaci\u00f3n. \u201cAmigos y amigas de la regi\u00f3n de Coquimbo, los quiero invitar a un gran show que ofreceremos con mi amigo Iv\u00e1n Arenas el pr\u00f3ximo viernes 25 de mayo, donde estamos seguros que pasar\u00e1n un momento muy agradable de risas y buen humor\u201d.<br \/>\nAmbos afirmaron que \u201cqueremos pasarlo bien y disfrutar de un rato agradable, olvidarse de los problemas y re\u00edrnos\u201d. Y agregan que \u201clos chistes son sin censura\u201d y que quienes asisten \u201ctendr\u00e1n que llevar agua bendita para los o\u00eddos\u201d.<br \/>\nIv\u00e1n Arenas y Don Carter son dos reconocidas figuras de la televisi\u00f3n que se hicieron conocidas con el programa infantil \u201cEl mundo del profesor Rossa\u201d que se emit\u00eda a trav\u00e9s de la se\u00f1al de canal 13. Posteriormente ambos participaron en \u201cLa mansi\u00f3n Rossa\u201d,en el canal de cable V\u00eda X, donde explotaron su humor para adultos. Ya en el 2012, se consolidaron como humoristas en el programa \u201cMentiras Verdaderas\u201d de La Red, donde provocaban las carcajadas del p\u00fablico y de los televidentes con chistes y an\u00e9cdotas de doble sentido. Los asistentes al programa se cansaban de pedir a gritos los chistes \u201csin censura, sin censura\u201d.<br \/>\nEste humor de doble sentido, p\u00edcaro y dirigido a un p\u00fablico adulto podr\u00e1 ser disfrutado en el show que los comediantes Iv\u00e1n Arenas y Juan Alcayaga, \u201cDon Carter\u201d, tendr\u00e1n en la regi\u00f3n de Coquimbo.<br \/>\nLas entradas ya est\u00e1n a la venta en Ticketplus.<\/p>\n","protected":false},"excerpt":{"rendered":"<p>El espect\u00e1culo se realizar\u00e1 el viernes 24 de mayo. Quedan pocas entradas. Ya est\u00e1 muy cerca el Show \u201cSin Censura\u201d que ofrecer\u00e1n Iv\u00e1n Arenas y Don Carter, este viernes 24 de mayo en Enjoy Coquimbo. No te puedes quedar sin entradas, las que puedes adquirir a trav\u00e9s del sistema Ticketplus. El espect\u00e1culo se realizar\u00e1 a [&hellip;]<\/p>\n","protected":false},"author":1,"featured_media":12419,"comment_status":"open","ping_status":"open","sticky":false,"template":"","format":"standard","meta":{"tdm_status":"","tdm_grid_status":"","footnotes":"","_wpscppro_dont_share_socialmedia":false,"_wpscppro_custom_social_share_image":0,"_facebook_share_type":"","_twitter_share_type":"","_linkedin_share_type":"","_pinterest_share_type":"","_linkedin_share_type_page":"","_instagram_share_type":"","_medium_share_type":"","_threads_share_type":"","_google_business_share_type":"","_bluesky_share_type":"","_mastodon_share_type":"","_selected_social_profile":[],"_wpsp_enable_custom_social_template":false,"_wpsp_social_scheduling":{"enabled":false,"datetime":null,"platforms":[],"status":"template_only","dateOption":"today","timeOption":"now","customDays":"","customHours":"","customDate":"","customTime":"","schedulingType":"absolute"},"_wpsp_active_default_template":true},"categories":[1],"tags":[],"class_list":["post-12417","post","type-post","status-publish","format-standard","has-post-thumbnail","hentry","category-uncategorized"],"_links":{"self":[{"href":"https:\/\/www.semanariotiempo.cl\/index.php?rest_route=\/wp\/v2\/posts\/12417","targetHints":{"allow":["GET"]}}],"collection":[{"href":"https:\/\/www.semanariotiempo.cl\/index.php?rest_route=\/wp\/v2\/posts"}],"about":[{"href":"https:\/\/www.semanariotiempo.cl\/index.php?rest_route=\/wp\/v2\/types\/post"}],"author":[{"embeddable":true,"href":"https:\/\/www.semanariotiempo.cl\/index.php?rest_route=\/wp\/v2\/users\/1"}],"replies":[{"embeddable":true,"href":"https:\/\/www.semanariotiempo.cl\/index.php?rest_route=%2Fwp%2Fv2%2Fcomments&post=12417"}],"version-history":[{"count":0,"href":"https:\/\/www.semanariotiempo.cl\/index.php?rest_route=\/wp\/v2\/posts\/12417\/revisions"}],"wp:featuredmedia":[{"embeddable":true,"href":"https:\/\/www.semanariotiempo.cl\/index.php?rest_route=\/wp\/v2\/media\/12419"}],"wp:attachment":[{"href":"https:\/\/www.semanariotiempo.cl\/index.php?rest_route=%2Fwp%2Fv2%2Fmedia&parent=12417"}],"wp:term":[{"taxonomy":"category","embeddable":true,"href":"https:\/\/www.semanariotiempo.cl\/index.php?rest_route=%2Fwp%2Fv2%2Fcategories&post=12417"},{"taxonomy":"post_tag","embeddable":true,"href":"https:\/\/www.semanariotiempo.cl\/index.php?rest_route=%2Fwp%2Fv2%2Ftags&post=12417"}],"curies":[{"name":"wp","href":"https:\/\/api.w.org\/{rel}","templated":true}]}}